{"id":568087,"date":"2022-12-05T00:03:18","date_gmt":"2022-12-05T06:03:18","guid":{"rendered":"https:\/\/www.diarioimagen.net\/?p=568087"},"modified":"2022-12-05T04:28:47","modified_gmt":"2022-12-05T10:28:47","slug":"bajas-de-general-y-juez-en-zacatecas","status":"publish","type":"post","link":"https:\/\/www.diarioimagen.net\/?p=568087","title":{"rendered":"Bajas de general y juez en Zacatecas"},"content":{"rendered":"<h2>Espacio Electoral<\/h2>\n<h5>Eleazar Flores<\/h5>\n<p><strong>\u00a0<\/strong><\/p>\n<p><strong>AL ROJO VIVO-.<\/strong> Negado a exaltar la nota roja por convicci\u00f3n personal, no me impide subrayar la delicada situaci\u00f3n que sufre el tur\u00edstico estado de Zacatecas -anta\u00f1o comparado con Barcelona por algunas semejanzas arquitect\u00f3nicas-, pues en un lapso de dos semanas han sido asesinados un general de nivel en la Sedena y apenas este s\u00e1bado, un juez de control.<\/p>\n<p>El general era ni m\u00e1s ni menos que el responsable de la seguridad p\u00fablica en la entidad y el juez, un miembro del Poder Judicial, que ha sido atacado por el mismo presidente Andr\u00e9s Manuel L\u00f3pez Obrador, tanto que invita al pueblo bueno que no obedezca las sentencias o algo as\u00ed.<\/p>\n<p>El general responsable de la seguridad p\u00fablica en el estado de Zacatecas fue asesinado a bordo de su veh\u00edculo, yendo acompa\u00f1ado por su esposa y alguna otra persona m\u00e1s. El militar responsable de la seguridad p\u00fablica en la entidad de hecho fue en apoyo del gobernador morenista David Monreal \u00c1vila, dados los altos \u00edndice de inseguridad, tanto que hay poblados abandonados pues sus habitantes han preferido buscar otros sitios para sobrevivir.<\/p>\n<p>Ni la presencia del militar logr\u00f3 bajar los \u00edndices delictivos en esta entidad, anta\u00f1o escenario preferido de productores norteamericanos para filmar pel\u00edculas de vaqueros, con el legendario John Wayne a la cabeza de los repartos estelares.<\/p>\n<p><strong>JUEZ-.<\/strong> Pues este s\u00e1bado fue asesinado el juez de control Roberto El\u00edas Mart\u00ednez, cuando sal\u00eda de su casa ubicada en la colonia Real del Sol, sin que hasta ayer al mediad\u00eda se tuviera la m\u00ednima pista para dar con el o los culpables del asesinato, pero apueste y ganar\u00e1 que en su momento, las autoridades anunciar\u00e1n\u00a0 la apertura de una CARPETA DE INVESTIGACI\u00d3N para ir con todo hasta esclarecer el crimen.<\/p>\n<p>El magistrado Arturo Nahle Garc\u00eda, en su calidad de presidente del Tribunal Superior de Justicia de Zacatecas, lament\u00f3 la p\u00e9rdida del juez Roberto El\u00edas Mart\u00ednez y confi\u00f3 en que las autoridades lleguen pronto a esclarecer el homicidio.<\/p>\n<p>Tan grave est\u00e1 la violencia en Zacatecas que pasa a segundo t\u00e9rmino se\u00f1alar a Morena como la divisa a la que pertenece David Monreal o que el presidente Andr\u00e9s Manuel L\u00f3pez Obrador haya visitado recientemente la entidad o incluso que el embajador norteamericano Ken Salazar haya ido a turistear har\u00e1 cosa de un mes como para demostrar el imperio de la tranquilidad.<\/p>\n<p>Zacatecas adem\u00e1s, es una de las entidades de mayor \u201cexportaci\u00f3n\u201d de braceros a la Uni\u00f3n Americana y por ende, quienes de regreso son los que env\u00edan la mayor cantidad de divisas a nuestro pa\u00eds, esas que tanto cacarea ya saben quien, como parte del \u00e9xito de sus programas para presumir que \u201cvamos bien\u201d.<\/p>\n<p><em><a href=\"mailto:elefa44@gmail.com\" target=\"_blank\" rel=\"noopener noreferrer\">lefa44@gmail.com<\/a><\/em><\/p>\n","protected":false},"excerpt":{"rendered":"<p><span style=\"color: #005497;\"><strong>Eleazar Flores<\/strong><\/span><\/p>\n","protected":false},"author":3,"featured_media":0,"comment_status":"open","ping_status":"open","sticky":false,"template":"","format":"standard","meta":{"_monsterinsights_skip_tracking":false,"_monsterinsights_sitenote_active":false,"_monsterinsights_sitenote_note":"","_monsterinsights_sitenote_category":0,"footnotes":""},"categories":[81743],"tags":[81744,81776,43674],"class_list":["post-568087","post","type-post","status-publish","format-standard","hentry","category-eleazar-flores","tag-eleazar-flores","tag-espacio-electoral","tag-opinion"],"_links":{"self":[{"href":"https:\/\/www.diarioimagen.net\/index.php?rest_route=\/wp\/v2\/posts\/568087","targetHints":{"allow":["GET"]}}],"collection":[{"href":"https:\/\/www.diarioimagen.net\/index.php?rest_route=\/wp\/v2\/posts"}],"about":[{"href":"https:\/\/www.diarioimagen.net\/index.php?rest_route=\/wp\/v2\/types\/post"}],"author":[{"embeddable":true,"href":"https:\/\/www.diarioimagen.net\/index.php?rest_route=\/wp\/v2\/users\/3"}],"replies":[{"embeddable":true,"href":"https:\/\/www.diarioimagen.net\/index.php?rest_route=%2Fwp%2Fv2%2Fcomments&post=568087"}],"version-history":[{"count":0,"href":"https:\/\/www.diarioimagen.net\/index.php?rest_route=\/wp\/v2\/posts\/568087\/revisions"}],"wp:attachment":[{"href":"https:\/\/www.diarioimagen.net\/index.php?rest_route=%2Fwp%2Fv2%2Fmedia&parent=568087"}],"wp:term":[{"taxonomy":"category","embeddable":true,"href":"https:\/\/www.diarioimagen.net\/index.php?rest_route=%2Fwp%2Fv2%2Fcategories&post=568087"},{"taxonomy":"post_tag","embeddable":true,"href":"https:\/\/www.diarioimagen.net\/index.php?rest_route=%2Fwp%2Fv2%2Ftags&post=568087"}],"curies":[{"name":"wp","href":"https:\/\/api.w.org\/{rel}","templated":true}]}}