{"id":568171,"date":"2022-12-06T00:02:53","date_gmt":"2022-12-06T06:02:53","guid":{"rendered":"https:\/\/www.diarioimagen.net\/?p=568171"},"modified":"2022-12-06T01:17:55","modified_gmt":"2022-12-06T07:17:55","slug":"que-hacia-lopez-obrador-en-campeche","status":"publish","type":"post","link":"https:\/\/www.diarioimagen.net\/?p=568171","title":{"rendered":"\u00bfQu\u00e9 hac\u00eda L\u00f3pez Obrador en Campeche?"},"content":{"rendered":"<h2>La Retaguardia<\/h2>\n<h5>Adriana Moreno Cordero<\/h5>\n<p>&nbsp;<\/p>\n<ul>\n<li><strong><em>Por reforma electoral, intensa discusi\u00f3n en la C\u00e1mara de Diputados<\/em><\/strong><\/li>\n<\/ul>\n<p>&nbsp;<\/p>\n<p>\u00bfQu\u00e9 andaba haciendo el presidente <strong>Andr\u00e9s Manuel L\u00f3pez Obrador<\/strong> en Campeche?, \u00bftirando l\u00ednea? Dicho sea de paso, ah\u00ed el Ejecutivo protagoniz\u00f3 la ma\u00f1anera m\u00e1s larga con 3 horas 18 minutos. Desde luego, en primera fila estuvo ni m\u00e1s ni menos que la gobernadora de Campeche, Layda Sansores San Rom\u00e1n, as\u00ed que bien podr\u00eda suponerse que el inquilino de Palacio Nacional acudi\u00f3 a tierras campechanas para saber por qu\u00e9 las intimidatorias acciones que \u00e9l ha ordenado en contra del l\u00edder nacional del PRI, <strong>Alejandro Moreno C\u00e1rdenas,<\/strong> y de pasada, el presidente de la Junta de Coordinaci\u00f3n Pol\u00edtica del Senado de la Rep\u00fablica, <strong>Ricardo Monreal \u00c1vila<\/strong>, no han tenido el resultado tan efectivo que tanto el tabasque\u00f1o como la mandataria estatal esperaban.<\/p>\n<p>Y es que hoy, es un d\u00eda muy especial para la C\u00e1mara de Diputados, a donde se discutir\u00e1 la controvertida reforma electoral enviada por el Presidente y aunque, tanto el mandatario como los legisladores de la bancada oficial, la de Morena, saben que dicha reforma est\u00e1 a estas alturas m\u00e1s bien muerta, no querr\u00edan dejar de hacer un \u00faltimo intento, con todo y que saben que no pasar\u00e1.<\/p>\n<p>Aunque claro, tambi\u00e9n est\u00e1 el escenario \u2014quiz\u00e1s algo remoto\u2014, de que la retiren del debate con tal de irse con las tan llevadas y tra\u00eddas reformas secundarias, consuelo de L\u00f3pez Obrador, de manera muy semejante al escenario de cuando la oposici\u00f3n en el Palacio legislativo de San L\u00e1zaro, le ech\u00f3 por tierra su reforma el\u00e9ctrica.<\/p>\n<p>Pero ojo, lo cierto es que qui\u00e9n sabe qu\u00e9 pueda suceder tambi\u00e9n con la suerte del famos\u00edsimo \u201cplan B\u201d de la reforma electoral, que por cierto, el coordinador de la fracci\u00f3n parlamentaria de Morena en la C\u00e1mara baja, <strong>Ignacio Mier,<\/strong> ya le prometi\u00f3 a su jefe que sacar\u00e1 adelante contra \u201csangre y fuego\u201d. \u00bfSer\u00e1?<\/p>\n<p>El debate de hoy, se avizora que ser\u00e1 muy largo e intenso y dejar\u00e1 ver qui\u00e9n es qui\u00e9n en los legisladores de todas las bancadas y qu\u00e9 posici\u00f3n pol\u00edtica est\u00e1n dispuestos a asumir, esto, con todo y las presiones que han recibido por parte de esta errada y llamada cuarta transformaci\u00f3n. Esto lo sabe el presidente L\u00f3pez Obrador y se siente inc\u00f3modo, por eso, en el gustad\u00edsimo \u201cstand-up\u201d ma\u00f1anero campechano dijo que el INE s\u00ed se debe de tocar, claro est\u00e1, para beneficiarlo a \u00e9l y a su partido.<\/p>\n<p>Se nota que el Ejecutivo todav\u00eda le cala la marcha que, \u2014dijo \u00e9l, era de los conservadores\u2014, en defensa del INE, esto, porque sabe que ya no le queda tiempo para sacar adelante su reforma electoral ni tampoco, las secundarias como \u00e9l quer\u00eda, es decir, para las elecciones de 2024.<\/p>\n<p>Despu\u00e9s de esta importante coyuntura, es indispensable que la ciudadan\u00eda tenga claridad de lo que pueda ocurrir en el pa\u00eds y en este sentido, es imperativo que tambi\u00e9n reaccione y cobre conciencia de que lo que en realidad quiere el inquilino de Palacio Nacional, es destruir, al precio que sea, el r\u00e9gimen democr\u00e1tico y la antesala de esto es aniquilar a la coalici\u00f3n Va por M\u00e9xico y esto es una verdad de a plomo, no una descabellada teor\u00eda, pero al parecer y para fortuna de la democracia, no lo va a conseguir.<\/p>\n<p>Tambi\u00e9n podr\u00eda esperarse que los diputados de la bancada de Morena, de nueva cuenta echen mano de m\u00faltiples artima\u00f1as para retrasar un debate que consideran perdido.<\/p>\n<p style=\"text-align: center;\"><strong>Municiones<\/strong><\/p>\n<p>*** Y la m\u00e1s feliz con la visita de L\u00f3pez Obrador a Campeche, pues desde luego fue la gobernadora con una negra flor en el pelo que la verdad, no le iba nada bien. Sansores no pudo evitar hacer referencia a la marcha organizada por el propio L\u00f3pez Obrador el pasado 27 de noviembre y se\u00f1al\u00f3 que para ella fue \u201cuna vivencia muy fuerte que a\u00fan traigo impregnada en la piel\u00a0el dulce aroma del pueblo en esa marcha<strong>,<\/strong>\u00a0tambi\u00e9n un tufo de azufre, que ven\u00eda de Espa\u00f1a, pero eso lo dejo para otra vez\u2026 Fuimos en esa marcha los hijos del ma\u00edz y del delirio\u201d. No, bueno, ahora la se\u00f1ora Sansores San Rom\u00e1n se autodeclara como \u201chija del ma\u00edz\u201d; no, eso no puede ser, m\u00e1s bien del delirio porque sin duda, la administraci\u00f3n que ha encabezado, es verdaderamente delirante, sumisa y ciega. Y el hacer referencia al senador Ricardo Monreal sin mencionarlo por su nombre, bien puede traducirse en que est\u00e1 ansiosa la delirante gobernadora por su tristemente famoso \u201cMartes del jaguar\u201d, donde se pasa la ley por distintas partes del cuerpo.<\/p>\n<p>*** Muy pronto, la controvertida gobernadora campechana, obtuvo de alguna manera respuesta por parte de Ricardo Monreal, quien dijo ser un funcionario que sabe \u201ccuando hay \u00e9poca de sequ\u00edas y de tormenta. Entiendo muy bien el ritmo de la pol\u00edtica y he pasado por todas las vicisitudes imaginables. El coordinador de los senadores morenistas, recomend\u00f3 moderaci\u00f3n, ponderaci\u00f3n y prudencia \u201cporque si te desesperas no funciona y menos que te enojes y te irrites frente a lo que est\u00e1 pasando en la Naci\u00f3n. Yo voy a esperar los tiempos formales sin que me presionen acontecimientos o voces agrupadas artificialmente en mi contra. Voy a resistir porque es conveniente\u201d. Tambi\u00e9n de alguna manera, Monreal \u00c1vila le contest\u00f3 al Presidente cuando en la ma\u00f1anera de Campeche llam\u00f3 a <strong>Clauda Sheinbaum<\/strong> su \u201chermana\u201d y al secretario de Gobernaci\u00f3n, <strong>Ad\u00e1n Augusto L\u00f3pez<\/strong> y al canciller <strong>Marcelo Ebrard<\/strong>, como sus \u201chermanos\u201d y simplemente dijo que con Ricardo Monreal no ten\u00eda problemas. El zacatecano dijo que \u00e9l quisiera que el de Tepetit\u00e1n reconociera que tiene un pariente lejano que se llama Monreal, que pudiera participar en el escenario nacional. Evidentemente, el tabasque\u00f1o sigue excluyendo a Ricardo Monreal, porque eso de que ser\u00e1 \u201cel pueblo sabio y bueno\u201d el que elija al candidato presidencial de Morena, nada de eso, puede m\u00e1s el dedito de Palacio Nacional.<\/p>\n<p>*** Otra de las declaraciones de L\u00f3pez Obrador que dej\u00f3 a m\u00e1s de uno con los ojos muy abiertos es que hiciera hincapi\u00e9 en que su administraci\u00f3n est\u00e1 atendiendo la ola de violencia que consume a Zacatecas y que con todo y quemazones, atentados, matazones y secuestros, as\u00ed como la abierta acci\u00f3n del crimen organizado, \u201cvamos avanzando\u201d y se est\u00e1 deteniendo a elementos de la delincuencia organizada.<\/p>\n<p>*** Pues resulta que a pesar de que hace un par de meses, el l\u00edder nacional de Movimiento Ciudadano, <strong>Dante Delgado Rannauro<\/strong>, declarara que el gobernador de Nuevo Le\u00f3n, <strong>Samuel Garc\u00eda<\/strong>, \u201cest\u00e1 muy verde\u201d para aspirar a la candidatura de MC a la Presidencia de la Rep\u00fablica, al mandatario estatal no le import\u00f3 mucho y ayer mismo hizo p\u00fablicas sus aspiraciones. \u201cDije muy claro que Movimiento Ciudadano tiene muchos y muy buenos candidatos, ah\u00ed me apunto como uno de ellos\u201d, dijo Samuel Garc\u00eda y ya no hay forma de echarse para atr\u00e1s. De cualquier manera, el senador Dante Delgado reneg\u00f3 y no se sinti\u00f3 nada complacido de que el gobernador neoleon\u00e9s, se autodestapara. \u00a1Qu\u00e9 tal!<\/p>\n<p><u><a href=\"mailto:morcora@gmail.com\" target=\"_blank\" rel=\"noopener noreferrer\"><em>morcora@gmail.com<\/em><\/a><\/u><\/p>\n","protected":false},"excerpt":{"rendered":"<p><span style=\"color: #005497;\"><strong>Adriana Moreno Cordero<\/strong><\/span><\/p>\n","protected":false},"author":3,"featured_media":0,"comment_status":"open","ping_status":"open","sticky":false,"template":"","format":"standard","meta":{"_monsterinsights_skip_tracking":false,"_monsterinsights_sitenote_active":false,"_monsterinsights_sitenote_note":"","_monsterinsights_sitenote_category":0,"footnotes":""},"categories":[69370],"tags":[69369,69368,43674],"class_list":["post-568171","post","type-post","status-publish","format-standard","hentry","category-adriana-moreno-cordero","tag-adriana-moreno-cordero","tag-la-retaguardia","tag-opinion"],"_links":{"self":[{"href":"https:\/\/www.diarioimagen.net\/index.php?rest_route=\/wp\/v2\/posts\/568171","targetHints":{"allow":["GET"]}}],"collection":[{"href":"https:\/\/www.diarioimagen.net\/index.php?rest_route=\/wp\/v2\/posts"}],"about":[{"href":"https:\/\/www.diarioimagen.net\/index.php?rest_route=\/wp\/v2\/types\/post"}],"author":[{"embeddable":true,"href":"https:\/\/www.diarioimagen.net\/index.php?rest_route=\/wp\/v2\/users\/3"}],"replies":[{"embeddable":true,"href":"https:\/\/www.diarioimagen.net\/index.php?rest_route=%2Fwp%2Fv2%2Fcomments&post=568171"}],"version-history":[{"count":0,"href":"https:\/\/www.diarioimagen.net\/index.php?rest_route=\/wp\/v2\/posts\/568171\/revisions"}],"wp:attachment":[{"href":"https:\/\/www.diarioimagen.net\/index.php?rest_route=%2Fwp%2Fv2%2Fmedia&parent=568171"}],"wp:term":[{"taxonomy":"category","embeddable":true,"href":"https:\/\/www.diarioimagen.net\/index.php?rest_route=%2Fwp%2Fv2%2Fcategories&post=568171"},{"taxonomy":"post_tag","embeddable":true,"href":"https:\/\/www.diarioimagen.net\/index.php?rest_route=%2Fwp%2Fv2%2Ftags&post=568171"}],"curies":[{"name":"wp","href":"https:\/\/api.w.org\/{rel}","templated":true}]}}