{"id":568173,"date":"2022-12-06T00:04:57","date_gmt":"2022-12-06T06:04:57","guid":{"rendered":"https:\/\/www.diarioimagen.net\/?p=568173"},"modified":"2022-12-06T01:25:42","modified_gmt":"2022-12-06T07:25:42","slug":"ine-limites-a-partidarios","status":"publish","type":"post","link":"https:\/\/www.diarioimagen.net\/?p=568173","title":{"rendered":"INE, l\u00edmites a partidarios"},"content":{"rendered":"<h2>Desde el portal<\/h2>\n<h5>\u00c1ngel Soriano<\/h5>\n<p>&nbsp;<\/p>\n<p>El INE estableci\u00f3 medidas cautelares a la jefa de Gobierno de la Ciudad de M\u00e9xico, Claudia Sheinbuam, para que impida a sus partidarios fijar propaganda que la posicione como aspirante a la candidatura presidencial de Morena -#EsClaudia- que aparece en diversos rincones del pa\u00eds lo cual es considerado como propaganda anticipada.<\/p>\n<p>A esta decisi\u00f3n el presidente Andr\u00e9s Manuel L\u00f3pez Obrador ha reaccionado con indignaci\u00f3n al considerar que es violatorio a la libertad de expresi\u00f3n y una forma de obstaculizar el avance de la democratizaci\u00f3n del pa\u00eds, lo que justifica la reforma electoral para establecer un organismo confiable, imparcial e independiente.<\/p>\n<p>L\u00f3pez Obrador lanz\u00f3 acusaciones contra los integrantes del organismo de su actuar imparcial en procesos electorales en los que ha participado y sostuvo que su llegada a la Presidencia de M\u00e9xico es por el apoyo del pueblo, no del INE, que siempre ha estado al servicio del poder que es el que establece quienes s\u00ed y quienes no llegan a los cargos de elecci\u00f3n popular.<\/p>\n<p>Esto ocurre precisamente cuando la reforma electoral se discute en la C\u00e1mara de Diputados para luego pasar al Senado con las debidas seis reformas que, se conoce, ser\u00e1n analizadas atendiendo las propuestas para perfeccionar y aceptar las observaciones y propuestas de las fuerzas pol\u00edticas del pa\u00eds. Todo est\u00e1 a discusi\u00f3n.<\/p>\n<p style=\"text-align: center;\"><strong>TURBULENCIAS<br \/>\nMonreal pide piso parejo<\/strong><\/p>\n<p>Y el presidente de la Jucopo del Senado, Ricardo Monreal \u00c1vila, sostiene que el l\u00edmite de su permanencia en Morena -de la que es militante desde hace 26 a\u00f1os-, es respeto a la dignidad, piso parejo y reglas claras y no aceptar\u00e1 una imposici\u00f3n adelantada, consider\u00e1ndose a la vez como el m\u00e1s capaz para suceder a L\u00f3pez Obrador que ha cumplido como Presidente de transici\u00f3n y que no estar\u00e1 en la boleta electoral de 2024; en Chihuahua, el zacatecano reiter\u00f3 que no se enfrentar\u00e1 al tabasque\u00f1o, al que respeta, tampoco a la militancia, de los ataques que es v\u00edctima en la orquestada campa\u00f1a en su contra es f\u00e1cil determinar quienes son los autores pues en los medios electr\u00f3nicos se deja huella de todo\u2026 El gobernador Samuel Garc\u00eda afirm\u00f3 que har\u00e1 de Nuevo Le\u00f3n el mejor estado del pa\u00eds una vez que inaugur\u00f3 un nuevo sistema de transporte que incluye -adem\u00e1s de comodidad-, mecanismos de alerta para las mujeres que son v\u00edctimas de acoso y de violencia. Tarifa \u00fanica para un articulado sistema de transporte es el que dar\u00e1 servicio a los regios\u2026 En tanto, deficiente y anacr\u00f3nico el transporte urbano de la ciudad de Oaxaca aument\u00f3, por decisi\u00f3n propio, la tarifa a 9 pesos sin autorizaci\u00f3n, lo cual constituye un reto para la nueva administraci\u00f3n y para los usuarios que, mediante protestas y movilizaciones ha impedido el alza en el transporte ya que este es anticuado e inadecuado para la ciudad\u2026 El gobernador Salom\u00f3n Jara se reuni\u00f3 con la naci\u00f3n triqui, una de las tantas agrupaciones que tiene la regi\u00f3n, donde los ancestrales problemas mantienen enfrentada a la etnia que mediante la violencia pretende resolver sus problemas son decenas de muertos; hasta ahora las autoridades no han encontrado la forma de pacificar la regi\u00f3n, pese a la intervenci\u00f3n de diversos actores pol\u00edticos\u2026 En Oaxaca se atribuye la remoci\u00f3n -a dos d\u00edas de haber sido designado-, de Williams Bautista L\u00f3pez como coordinador de Comunicaci\u00f3n Social del Gobierno del estado al asesor argentino Ren\u00e9 Gonzalo Palacios quien, se afirma, instruy\u00f3 a los nuevos funcionarios a no hablar con los periodistas. En Comunicaci\u00f3n Social fue designada Elizabeth \u00c1lvarez, con amplia experiencia en el gremio y que se desempe\u00f1aba en el mismo cargo en el Congreso del estado. Y otros sectores sociales cuestionan designaciones en organismos p\u00fablicos y el gabinete legal, pues ahora al ser oaxaque\u00f1os, todos se conocen\u2026<\/p>\n<p><u><a href=\"mailto:asorianocarrasco@yahoo.com\" target=\"_blank\" rel=\"noopener noreferrer\"><em>asorianocarrasco@yahoo.com<\/em><\/a><br \/>\n<em><a href=\"https:\/\/revistabrecha.com\" target=\"_blank\" rel=\"noopener noreferrer\">www.revistabrecha.com<\/a><br \/>\n<\/em><\/u><em>facebook oficial <a href=\"https:\/\/es-la.facebook.com\/RevistaBrecha.Oficial\" target=\"_blank\" rel=\"noopener\">@BrechaRevista<\/a><\/em><\/p>\n","protected":false},"excerpt":{"rendered":"<p><span style=\"color: #005497;\"><strong>\u00c1ngel Soriano<\/strong><\/span><\/p>\n","protected":false},"author":3,"featured_media":0,"comment_status":"open","ping_status":"open","sticky":false,"template":"","format":"standard","meta":{"_monsterinsights_skip_tracking":false,"_monsterinsights_sitenote_active":false,"_monsterinsights_sitenote_note":"","_monsterinsights_sitenote_category":0,"footnotes":""},"categories":[135],"tags":[85,86,43674],"class_list":["post-568173","post","type-post","status-publish","format-standard","hentry","category-angel-soriano-opinion","tag-angel-soriano","tag-desde-el-portal","tag-opinion"],"_links":{"self":[{"href":"https:\/\/www.diarioimagen.net\/index.php?rest_route=\/wp\/v2\/posts\/568173","targetHints":{"allow":["GET"]}}],"collection":[{"href":"https:\/\/www.diarioimagen.net\/index.php?rest_route=\/wp\/v2\/posts"}],"about":[{"href":"https:\/\/www.diarioimagen.net\/index.php?rest_route=\/wp\/v2\/types\/post"}],"author":[{"embeddable":true,"href":"https:\/\/www.diarioimagen.net\/index.php?rest_route=\/wp\/v2\/users\/3"}],"replies":[{"embeddable":true,"href":"https:\/\/www.diarioimagen.net\/index.php?rest_route=%2Fwp%2Fv2%2Fcomments&post=568173"}],"version-history":[{"count":0,"href":"https:\/\/www.diarioimagen.net\/index.php?rest_route=\/wp\/v2\/posts\/568173\/revisions"}],"wp:attachment":[{"href":"https:\/\/www.diarioimagen.net\/index.php?rest_route=%2Fwp%2Fv2%2Fmedia&parent=568173"}],"wp:term":[{"taxonomy":"category","embeddable":true,"href":"https:\/\/www.diarioimagen.net\/index.php?rest_route=%2Fwp%2Fv2%2Fcategories&post=568173"},{"taxonomy":"post_tag","embeddable":true,"href":"https:\/\/www.diarioimagen.net\/index.php?rest_route=%2Fwp%2Fv2%2Ftags&post=568173"}],"curies":[{"name":"wp","href":"https:\/\/api.w.org\/{rel}","templated":true}]}}