{"id":568180,"date":"2022-12-06T00:03:01","date_gmt":"2022-12-06T06:03:01","guid":{"rendered":"https:\/\/www.diarioimagen.net\/?p=568180"},"modified":"2022-12-06T01:30:44","modified_gmt":"2022-12-06T07:30:44","slug":"salven-al-canal-once","status":"publish","type":"post","link":"https:\/\/www.diarioimagen.net\/?p=568180","title":{"rendered":"\u00a1Salven al Canal Once!"},"content":{"rendered":"<h2>Espacio Electoral<\/h2>\n<h5>Eleazar Flores<\/h5>\n<p>&nbsp;<\/p>\n<p><strong>TAMBI\u00c9N AL 14 Y 22-.<\/strong> Sin puntualizar horarios y d\u00edas de transmisi\u00f3n, tendr\u00e1 que aceptarse por los amantes de la televisi\u00f3n cultural, sin atacar a la diferente, que el otrora Canal Once, del Instituto Polit\u00e9cnico Nacional,\u00a0 ha padecido cambios de programaci\u00f3n y no precisamente para bien.<\/p>\n<p>Innecesario atreverse a entrar al terreno de las encuestas por costosas y todo lo dem\u00e1s que usted sabe, pero el criterio mayoritario de televidentes de este canal y del 22, anta\u00f1o eminentemente cultural, creen que en buena parte de sus contenidos predomina un criterio oficialista.<\/p>\n<p>Algunos de los \u201cquejosos\u201d citan ejemplos o conductores de programas que coincidentemente son altos funcionarios de la Cuarta Transformaci\u00f3n o bien, reconocidos periodistas de prensa escrita donde a fuerza de ser sinceros, justificadamente ganaron lectores y prestigio por su \u201cestilo personal de escribir\u201d, diferente a su papel en televisi\u00f3n.<\/p>\n<p>Procede advertir que en el terreno estrictamente personal, nada contra nadie de ellos-as, pues partamos que est\u00e1n en fuentes de trabajo estrictamente period\u00edstico y cr\u00edtico, pero parece que esto \u00faltimo lo han ha pasado a segundo o \u00faltimo t\u00e9rmino y\u00a0 los preferir\u00edan como columnistas, cuya fama y prestigio est\u00e1 m\u00e1s que justificado.<\/p>\n<p>Ejemplos acabados del panegirismo televisivo predomina en muchos programas de los canales Once, 14 y 22, que adem\u00e1s transmiten diariamente las ma\u00f1aneras y si usted hace cuentas, s\u00famele aproximadamente unos mil 500 d\u00edas, de horas ni se atreva, pues con dos en promedio los siete d\u00edas de la semana\u2026 Se me descompuso la calculadora para no decir que se me cay\u00f3 y se me cay\u00f3 el sistema, no vaya a caer en cuentas como las de Mart\u00ed Batres.<\/p>\n<p>Adem\u00e1s del predominio oficialista, sobresalen \u201cdos que tres\u201d programas como \u201cMe canso ganso\u201d y \u201cOperaci\u00f3n mamut\u201d y de otro que conduce el otrora ac\u00e9rrimo cr\u00edtico antigobierno, Genaro Villamil, titular del Sistema P\u00fablico de Radiodifusi\u00f3n o algo as\u00ed.<\/p>\n<p>Esto no es todo, los invitados de los conductores son por supuesto, voces oficialistas como la secretaria de Educaci\u00f3n, Leticia Ram\u00edrez Anaya, que en un programa con Villamil llev\u00f3 como material de apoyo unas cartulinas semejantes a las tareas que se les dejan a los alumnos de primaria o secundaria. Pues con todo y eso, Genaro qued\u00f3 maravillado al conocer que la pol\u00edtica de la alta funcionario era \u201cmenos escritorio y m\u00e1s territorio\u201d.<\/p>\n<p>De Epigmenio Ibarra, otro antisistema del pasado y que ahora se hace pasar por periodista, m\u00e1s que por publicista, no sorprende su filopejismo sin l\u00edmites, como lo dijo en el programa \u201cOperaci\u00f3n mamut\u201d de domingo 4.<\/p>\n<p>Por los dos citados no hay problema, est\u00e1n en todo su derecho.<\/p>\n<p>Saludos, Jairo Calixto Albarr\u00e1n y Fernando Rivera Calder\u00f3n.<\/p>\n<p>\u00bfY los derechos de audiencia?, bien gracias.<\/p>\n<p><em><a href=\"mailto:elefa44@gmail.com\" target=\"_blank\" rel=\"noopener noreferrer\">lefa44@gmail.com<\/a><\/em><\/p>\n","protected":false},"excerpt":{"rendered":"<p><span style=\"color: #005497;\"><strong>Eleazar Flores<\/strong><\/span><\/p>\n","protected":false},"author":3,"featured_media":0,"comment_status":"open","ping_status":"open","sticky":false,"template":"","format":"standard","meta":{"_monsterinsights_skip_tracking":false,"_monsterinsights_sitenote_active":false,"_monsterinsights_sitenote_note":"","_monsterinsights_sitenote_category":0,"footnotes":""},"categories":[81743],"tags":[81744,81776,43674],"class_list":["post-568180","post","type-post","status-publish","format-standard","hentry","category-eleazar-flores","tag-eleazar-flores","tag-espacio-electoral","tag-opinion"],"_links":{"self":[{"href":"https:\/\/www.diarioimagen.net\/index.php?rest_route=\/wp\/v2\/posts\/568180","targetHints":{"allow":["GET"]}}],"collection":[{"href":"https:\/\/www.diarioimagen.net\/index.php?rest_route=\/wp\/v2\/posts"}],"about":[{"href":"https:\/\/www.diarioimagen.net\/index.php?rest_route=\/wp\/v2\/types\/post"}],"author":[{"embeddable":true,"href":"https:\/\/www.diarioimagen.net\/index.php?rest_route=\/wp\/v2\/users\/3"}],"replies":[{"embeddable":true,"href":"https:\/\/www.diarioimagen.net\/index.php?rest_route=%2Fwp%2Fv2%2Fcomments&post=568180"}],"version-history":[{"count":0,"href":"https:\/\/www.diarioimagen.net\/index.php?rest_route=\/wp\/v2\/posts\/568180\/revisions"}],"wp:attachment":[{"href":"https:\/\/www.diarioimagen.net\/index.php?rest_route=%2Fwp%2Fv2%2Fmedia&parent=568180"}],"wp:term":[{"taxonomy":"category","embeddable":true,"href":"https:\/\/www.diarioimagen.net\/index.php?rest_route=%2Fwp%2Fv2%2Fcategories&post=568180"},{"taxonomy":"post_tag","embeddable":true,"href":"https:\/\/www.diarioimagen.net\/index.php?rest_route=%2Fwp%2Fv2%2Ftags&post=568180"}],"curies":[{"name":"wp","href":"https:\/\/api.w.org\/{rel}","templated":true}]}}