{"id":568260,"date":"2022-12-07T00:01:07","date_gmt":"2022-12-07T06:01:07","guid":{"rendered":"https:\/\/www.diarioimagen.net\/?p=568260"},"modified":"2022-12-07T02:38:02","modified_gmt":"2022-12-07T08:38:02","slug":"niega-amlo-que-haya-mas-puntos-de-venta-de-huachicol-que-gasolineras","status":"publish","type":"post","link":"https:\/\/www.diarioimagen.net\/?p=568260","title":{"rendered":"Niega AMLO que haya m\u00e1s puntos de venta de huachicol que gasolineras"},"content":{"rendered":"<p>&nbsp;<\/p>\n<h3 style=\"text-align: center;\">Dice que ya no hay expendios ilegales<\/h3>\n<p>&nbsp;<\/p>\n<ul>\n<li><em><strong>Se\u00f1ala que de 72 mil barriles que se robaban por d\u00eda, en 2018, se ha rebajado a 5 o 6 mil<\/strong> <\/em><\/li>\n<\/ul>\n<p>&nbsp;<\/p>\n<div id=\"attachment_568338\" style=\"width: 470px\" class=\"wp-caption aligncenter\"><a href=\"https:\/\/www.diarioimagen.net\/?attachment_id=568338\" rel=\"attachment wp-att-568338\"><img loading=\"lazy\" decoding=\"async\" aria-describedby=\"caption-attachment-568338\" class=\"size-full wp-image-568338\" src=\"https:\/\/www.diarioimagen.net\/wp-content\/uploads\/2022\/12\/amlo-3.jpg\" alt=\"\" width=\"460\" height=\"270\" \/><\/a><p id=\"caption-attachment-568338\" class=\"wp-caption-text\">Andr\u00e9s Manuel L\u00f3pez Obrador acus\u00f3 que en gobiernos pasados hab\u00eda una mafia tolerada en el robo de combustible que sumaban 80 mil barriles diarios.<\/p><\/div>\n<p>&nbsp;<\/p>\n<p>El presidente Andr\u00e9s Manuel L\u00f3pez Obrador rechaz\u00f3 que haya m\u00e1s puntos de venta de huachicol que gasolineras instaladas legalmente, como se\u00f1ala la Organizaci\u00f3n Nacional de Expendedores de Petr\u00f3leo (Onexpo).<\/p>\n<p>El titular del Ejecutivo federal acus\u00f3 en su ma\u00f1anera que en gobiernos pasados hab\u00eda una mafia tolerada en el robo de combustible que sumaban 80 mil barriles diarios y que ahora se cuenta con el apoyo de las secretar\u00edas de la Defensa Nacional (Sedena) y Marina (Semar) para combatir el robo de combustible.<\/p>\n<p>\u201cNo es cierto, no es cierto. Tenemos el apoyo constante de la Secretar\u00eda de Marina, de Defensa, pues est\u00e1n los datos sobre las tomas clandestinas que se atienden constantemente y sobre todo los resultados. Se robaban 80 mil barriles diarios, pero era una mafia tolerada.<\/p>\n<p>\u201cAhora ya no hay estos expendios. Cuando nosotros entramos al gobierno, y esto es de dominio p\u00fablico, en la carretera de Puebla, y de Puebla a M\u00e9xico en las noches hab\u00eda gentes con foquitos indicando de que ah\u00ed se vend\u00eda huachicol. Se lleg\u00f3 al extremo de que en el aeropuerto que estaba construyendo en Texcoco, todo el combustible que utilizaban era huachicol\u201d, dijo.<\/p>\n<p>En Palacio Nacional, el Presidente difundi\u00f3 una gr\u00e1fica en donde se indica que el combate al robo de combustible contin\u00faa arrojando resultados alentadores puesto que de 72 mil barriles que se robaban por d\u00eda a principios de diciembre de 2018 se ha rebajado a 5-6 mil barriles, es decir, 92.2% menos.Se\u00f1al\u00f3 que esto ha representado un ahorro estimado del 1 de diciembre de 2018 al 31 de octubre de 2022 es de 236 mil 134 millones 691 mil 196 pesos, lo que equivale un ahorro diario de 165 millones 013 mil 760 pesos.<\/p>\n<p>La Organizaci\u00f3n Nacional de Expendedores de Petr\u00f3leo (Onexpo) estima que hay 30 mil lugares que comercializan combustible robado a Petr\u00f3leos Mexicanos (Pemex), en tanto que el parque de gasolineras con permiso vigente es de 13 mil 248.<\/p>\n<p style=\"text-align: center;\"><strong>AMLO promete terminar refiner\u00eda de Dos Bocas a mediados de 2023<\/strong><\/p>\n<p>Adem\u00e1s, el presidente Andr\u00e9s Manuel L\u00f3pez Obrador estim\u00f3 este martes que se espera que la refiner\u00eda de Dos Bocas \u201cOlmeca\u201d en Para\u00edso, Tabasco se termin\u00e9 de construir a mediados de 2023 y que est\u00e9 produciendo a su m\u00e1xima capacidad.<\/p>\n<p>\u201cLo de Dos Bocas que se va avanzando en la integraci\u00f3n, es una obra magna, (\u2026) de nuevo lo tengo que decir, una obra as\u00ed, una refiner\u00eda as\u00ed se construy\u00f3 hace como 6 a\u00f1os, se termin\u00f3 en la India, pero de las \u00faltimas, \u00e9sta es la m\u00e1s importante del mundo para procesar 340,000 barriles y se est\u00e1 haciendo en un tiempo r\u00e9cord, porque cuando se licit\u00f3 la obra las grandes empresas constructoras de refiner\u00edas quer\u00edan que se aceptar\u00e1 su terminaci\u00f3n hasta el 2025, dijimos: \u2018no\u2019, la tenemos que terminar a m\u00e1s tardar en el 2023\u201d, dijo L\u00f3pez Obrador.<\/p>\n<p>El mandatario detall\u00f3 que la refiner\u00eda de Dos Bocas est\u00e1 en una fase de integraci\u00f3n y que el periodo de prueba tambi\u00e9n llevar\u00e1 tiempo, \u201cpero yo espero que el a\u00f1o pr\u00f3ximo ya est\u00e9 produciendo a toda su capacidad, que podamos tenerla a m\u00e1s tardar a mediados del a\u00f1o pr\u00f3ximo\u201d.<\/p>\n<p>El presidente agreg\u00f3 que es una obra que no se hubiera hecho sin la decisi\u00f3n que se tom\u00f3 en su momento y reiter\u00f3 que la inversi\u00f3n de la refiner\u00eda hasta el momento es de alrededor de 11,000 millones de d\u00f3lares.<\/p>\n<p>\u201cLos neoliberales corruptos apostaban a vender petr\u00f3leo crudo y a comprar gasolina, en 40 a\u00f1os no hicieron una nueva refiner\u00eda, algo incre\u00edble dec\u00eda yo, siempre que era como producir naranja, vender la naranja y comprar el jugo de naranja. Se llevaban el petr\u00f3leo y lo procesaban en las refiner\u00edas del extranjero y luego nos vend\u00edan las gasolinas\u201d, se\u00f1al\u00f3.<\/p>\n<p>L\u00f3pez Obrador record\u00f3 que a principios de los 80, M\u00e9xico era autosuficiente en gasolinas todo el petr\u00f3leo se procesaba en el pa\u00eds, en ese tiempo se crearon 6 refiner\u00edas, la \u00faltima que se construy\u00f3 fue la de Salina Cruz en 1980, por lo que el presidente prometi\u00f3 que en 2024 se va a alcanzar la autosuficiencia en combustibles.<\/p>\n<p>\u201cEn vez de construirse refiner\u00edas en el pa\u00eds, se opt\u00f3 por hacer una asociaci\u00f3n con Shell en Texas y all\u00e1 Pemex ten\u00eda el 49% de la refiner\u00eda y el 51% Shell, entonces \u00bfqu\u00e9 ha pasado? Pues que se est\u00e1n rehabilitando las 6 ,porque las dejaron ya a punto de convertirse en chatarras, porque ese era el prop\u00f3sito seguir vendiendo petr\u00f3leo y comprar gasolina\u201d, dijo.<\/p>\n<p>El mandatario apunt\u00f3 que la capacidad de procesamiento de crudo en las 6 refiner\u00edas que operan en M\u00e9xico ya se elev\u00f3 a 70% y se han destinado 50,000 millones de pesos en su rehabilitaci\u00f3n.<\/p>\n<p style=\"text-align: center;\"><strong>Rechaza uso de la fuerza en Xochimilco y contra triquis<\/strong><\/p>\n<p>En otro tema, el presidente Andr\u00e9s Manuel L\u00f3pez Obrador rechaz\u00f3 el uso de la fuerza, y sobre todo la represi\u00f3n, para resolver conflictos sociales, al referirse a los casos de Xochimilco y el desalojo de triquis en Oaxaca. \u201cEso tiene que ver con los conservadores, no con nosotros\u201d.<\/p>\n<p>Se le cuestion\u00f3 de los casos de agresi\u00f3n policiaca a pobladores de San Gregorio, Xochimilco, que pelean por la defensa del agua; y sobre el reciente desalojo de integrantes del pueblo triqui en el Centro Hist\u00f3rico de Oaxaca. Ambos eventos suscitados en administraciones morenistas.<\/p>\n<p>En el caso de Xochimilco, el mandatario federal detall\u00f3 que la jefa de Gobierno de la Ciudad de M\u00e9xico, Claudia Sheinbaum, \u201cya lo est\u00e1 viendo\u201d.<\/p>\n<p>En el caso del desalojo de los triquis, \u201clo mismo. Lo mejor es el di\u00e1logo\u201d. Aunque acot\u00f3 que le llam\u00f3 la atenci\u00f3n un tuit reciente del padre Alejandro Solalinde, quien acus\u00f3 a \u201cun grupito\u201d de pobladores de esta etnia de no aceptar ninguna de las soluciones y s\u00f3lo \u201cquieren dinero, no soluci\u00f3n\u201d.<\/p>\n<p>\u201cMe llam\u00f3 mucho la atenci\u00f3n ese tuit. De todas maneras no tiene por qu\u00e9 haber represi\u00f3n, desalojos. Eso tiene que ver con los conservadores, no con nosotros\u201d.<\/p>\n<p>L\u00f3pez Obrador consider\u00f3 que las afirmaciones de Solainde son fuertes, \u201cpero tambi\u00e9n ya es momento de ventilar todo. Y esto no significa para nada, como aqu\u00ed se dice, afectar a ninguna cultura, a ninguna etnia que merece todo nuestro respeto, pero sobre todo a la gente. Pero durante el tiempo del periodo neoliberal, ese es otro legado nefasto, se fueron creando organizaciones para medrar, organizaciones sociales supuestamente independientes, las autoproclamadas de la sociedad civil, las no gubernamentales, y se llevaban cada a\u00f1o much\u00edsmo presupuesto y quedaba el dinero arriba, en estos l\u00edderes\u201d.<\/p>\n","protected":false},"excerpt":{"rendered":"<p>El presidente Andr\u00e9s Manuel L\u00f3pez Obrador rechaz\u00f3 que haya m\u00e1s puntos de venta de huachicol que gasolineras instaladas legalmente, como se\u00f1ala la Organizaci\u00f3n Nacional de Expendedores de Petr\u00f3leo (Onexpo).<\/p>\n","protected":false},"author":3,"featured_media":568338,"comment_status":"open","ping_status":"open","sticky":false,"template":"","format":"standard","meta":{"_monsterinsights_skip_tracking":false,"_monsterinsights_sitenote_active":false,"_monsterinsights_sitenote_note":"","_monsterinsights_sitenote_category":0,"footnotes":""},"categories":[3],"tags":[2545,26786,66213],"class_list":["post-568260","post","type-post","status-publish","format-standard","has-post-thumbnail","hentry","category-nacional","tag-amlo","tag-gasolineras","tag-huachicol"],"_links":{"self":[{"href":"https:\/\/www.diarioimagen.net\/index.php?rest_route=\/wp\/v2\/posts\/568260","targetHints":{"allow":["GET"]}}],"collection":[{"href":"https:\/\/www.diarioimagen.net\/index.php?rest_route=\/wp\/v2\/posts"}],"about":[{"href":"https:\/\/www.diarioimagen.net\/index.php?rest_route=\/wp\/v2\/types\/post"}],"author":[{"embeddable":true,"href":"https:\/\/www.diarioimagen.net\/index.php?rest_route=\/wp\/v2\/users\/3"}],"replies":[{"embeddable":true,"href":"https:\/\/www.diarioimagen.net\/index.php?rest_route=%2Fwp%2Fv2%2Fcomments&post=568260"}],"version-history":[{"count":0,"href":"https:\/\/www.diarioimagen.net\/index.php?rest_route=\/wp\/v2\/posts\/568260\/revisions"}],"wp:featuredmedia":[{"embeddable":true,"href":"https:\/\/www.diarioimagen.net\/index.php?rest_route=\/wp\/v2\/media\/568338"}],"wp:attachment":[{"href":"https:\/\/www.diarioimagen.net\/index.php?rest_route=%2Fwp%2Fv2%2Fmedia&parent=568260"}],"wp:term":[{"taxonomy":"category","embeddable":true,"href":"https:\/\/www.diarioimagen.net\/index.php?rest_route=%2Fwp%2Fv2%2Fcategories&post=568260"},{"taxonomy":"post_tag","embeddable":true,"href":"https:\/\/www.diarioimagen.net\/index.php?rest_route=%2Fwp%2Fv2%2Ftags&post=568260"}],"curies":[{"name":"wp","href":"https:\/\/api.w.org\/{rel}","templated":true}]}}