{"id":568262,"date":"2022-12-07T00:01:34","date_gmt":"2022-12-07T06:01:34","guid":{"rendered":"https:\/\/www.diarioimagen.net\/?p=568262"},"modified":"2022-12-08T00:06:34","modified_gmt":"2022-12-08T06:06:34","slug":"bajo-la-creacion-de-empleo-formal-en-noviembre-segun-datos-del-imss","status":"publish","type":"post","link":"https:\/\/www.diarioimagen.net\/?p=568262","title":{"rendered":"Baj\u00f3 la creaci\u00f3n de empleo formal en noviembre, seg\u00fan datos del IMSS"},"content":{"rendered":"<p>&nbsp;<\/p>\n<ul>\n<li><em><strong>Se registraron 101,275, cifra menor en 51.3%, respecto a octubre<\/strong><\/em><\/li>\n<\/ul>\n<p>&nbsp;<\/p>\n<div id=\"attachment_568340\" style=\"width: 470px\" class=\"wp-caption aligncenter\"><a href=\"https:\/\/www.diarioimagen.net\/?attachment_id=568340\" rel=\"attachment wp-att-568340\"><img loading=\"lazy\" decoding=\"async\" aria-describedby=\"caption-attachment-568340\" class=\"size-full wp-image-568340\" src=\"https:\/\/www.diarioimagen.net\/wp-content\/uploads\/2022\/12\/EMPLEO.jpg\" alt=\"\" width=\"460\" height=\"270\" \/><\/a><p id=\"caption-attachment-568340\" class=\"wp-caption-text\">El IMSS tiene un registro de 21 millones 718,601 puestos de trabajo; de estos, el 86.3% son permanentes y el 13.7% son eventuales<\/p><\/div>\n<p>&nbsp;<\/p>\n<p>La creaci\u00f3n de plazas laborales en el onceavo mes del a\u00f1o sum\u00f3 101,275, una cifra menor en 51.3% respecto al mes previo y 38.7% menor a la registrada en el mismo periodo del 2021, revelan datos del Instituto Mexicano del Seguro Social (IMSS).<\/p>\n<p>De acuerdo con especialistas, noviembre empieza a reducir la contrataci\u00f3n de personal, como ocurre cada a\u00f1o, y se encamina a una disminuci\u00f3n de plazas laborales para el mes de diciembre que nada tienen que ver con temas de subcontrataci\u00f3n (outsourcing), sino con el cierre de procesos productivos, obras temporales, y ventas de temporada.<\/p>\n<p>Cabe destacar que de los empleos que se generaron en noviembre el 80% fueron de car\u00e1cter permanente, es decir, en el que los contratos laborales son por tiempo indefinido, mientras que el empleo eventual sum\u00f3 a 21,067 trabajadores.<\/p>\n<p>De tal manera que el empleo formal en el pa\u00eds suma 21 millones 718,601 puestos de trabajo; de estos, el 86.3% son permanentes y el 13.7% son eventuales, detall\u00f3 el IMSS en su reporte mensual.<\/p>\n<p>Vale la pena resaltar que entre enero-noviembre el empleo eventual se recuper\u00f3, ya que desde el 2020 mostr\u00f3 una disminuci\u00f3n de 512 plazas y otra de 5,712 registros en el 2021, para reportar en noviembre de 2022 m\u00e1s de 289,000 puestos de trabajo con un contrato determinado.<\/p>\n<p>Pese a un menor ritmo en la generaci\u00f3n de empleo, la creaci\u00f3n de plazas laborales entre enero-noviembre se mantiene por arriba del mill\u00f3n de empleos, de los cuales el 73.6% son de car\u00e1cter permanente, \u201ceste incremento de m\u00e1s de 1 mill\u00f3n de puestos es el tercero m\u00e1s alto desde que se tiene registro considerando per\u00edodos comparables\u201d, destaca el IMSS en su reporte.<\/p>\n<p>La cifra acumulada en el a\u00f1o es 5.3% inferior a la de enero noviembre del 2021. En los \u00faltimos doce meses se observa una creaci\u00f3n de 785,551 puestos de trabajo, que refleja un crecimiento anual de 3.8%, aunque este avance es inferior en comparaci\u00f3n con la tasa de 4.1% de octubre. \u201cEsta creaci\u00f3n de puestos es la tercera m\u00e1s alta desde que se tiene registro considerando \u00fanicamente los meses de noviembre\u201d.<\/p>\n<p>\u201cHoy hay 21 millones de empleos formales. No es un n\u00famero menor, si comparamos enero-noviembre hay casi un mill\u00f3n de empleos, pero hay que esperar a ver c\u00f3mo cierra diciembre porque habr\u00e1 una disminuci\u00f3n natural de los procesos productivos\u201d, dijo M\u00f3nica Flores, presidenta de ManpowerGroup Latinoam\u00e9rica.<\/p>\n<p>Valeria Moy, presidenta del Instituto Mexicano para la Competitividad (Imco), coment\u00f3 que noviembre fue \u201crelativamente buen mes\u201d, no tan bueno como los anteriores \u2013agosto se crearon 157,432; en septiembre 172,492 y en octubre 207,968\u2013 pero se mantiene por arriba de las 100,000 plazas.<\/p>\n","protected":false},"excerpt":{"rendered":"<p>La creaci\u00f3n de plazas laborales en el onceavo mes del a\u00f1o sum\u00f3 101,275, una cifra menor en 51.3% respecto al mes previo y 38.7% menor a la registrada en el mismo periodo del 2021, revelan datos del Instituto Mexicano del Seguro Social (IMSS).<\/p>\n","protected":false},"author":3,"featured_media":568340,"comment_status":"open","ping_status":"open","sticky":false,"template":"","format":"standard","meta":{"_monsterinsights_skip_tracking":false,"_monsterinsights_sitenote_active":false,"_monsterinsights_sitenote_note":"","_monsterinsights_sitenote_category":0,"footnotes":""},"categories":[8],"tags":[19701,32439,481,65593,257],"class_list":["post-568262","post","type-post","status-publish","format-standard","has-post-thumbnail","hentry","category-finanzas","tag-baja","tag-creacion","tag-empleo","tag-formal","tag-imss"],"_links":{"self":[{"href":"https:\/\/www.diarioimagen.net\/index.php?rest_route=\/wp\/v2\/posts\/568262","targetHints":{"allow":["GET"]}}],"collection":[{"href":"https:\/\/www.diarioimagen.net\/index.php?rest_route=\/wp\/v2\/posts"}],"about":[{"href":"https:\/\/www.diarioimagen.net\/index.php?rest_route=\/wp\/v2\/types\/post"}],"author":[{"embeddable":true,"href":"https:\/\/www.diarioimagen.net\/index.php?rest_route=\/wp\/v2\/users\/3"}],"replies":[{"embeddable":true,"href":"https:\/\/www.diarioimagen.net\/index.php?rest_route=%2Fwp%2Fv2%2Fcomments&post=568262"}],"version-history":[{"count":0,"href":"https:\/\/www.diarioimagen.net\/index.php?rest_route=\/wp\/v2\/posts\/568262\/revisions"}],"wp:featuredmedia":[{"embeddable":true,"href":"https:\/\/www.diarioimagen.net\/index.php?rest_route=\/wp\/v2\/media\/568340"}],"wp:attachment":[{"href":"https:\/\/www.diarioimagen.net\/index.php?rest_route=%2Fwp%2Fv2%2Fmedia&parent=568262"}],"wp:term":[{"taxonomy":"category","embeddable":true,"href":"https:\/\/www.diarioimagen.net\/index.php?rest_route=%2Fwp%2Fv2%2Fcategories&post=568262"},{"taxonomy":"post_tag","embeddable":true,"href":"https:\/\/www.diarioimagen.net\/index.php?rest_route=%2Fwp%2Fv2%2Ftags&post=568262"}],"curies":[{"name":"wp","href":"https:\/\/api.w.org\/{rel}","templated":true}]}}