{"id":568275,"date":"2022-12-07T00:04:47","date_gmt":"2022-12-07T06:04:47","guid":{"rendered":"https:\/\/www.diarioimagen.net\/?p=568275"},"modified":"2022-12-07T02:47:19","modified_gmt":"2022-12-07T08:47:19","slug":"gobierno-de-cuautitlan-izcalli-sigue-rescatando-espacios-publicos-seguros","status":"publish","type":"post","link":"https:\/\/www.diarioimagen.net\/?p=568275","title":{"rendered":"Gobierno de Cuautitl\u00e1n Izcalli sigue rescatando espacios p\u00fablicos seguros"},"content":{"rendered":"<p>&nbsp;<\/p>\n<ul>\n<li><strong><em>Mantenimiento al sistema de alumbrado<\/em> <\/strong><\/li>\n<\/ul>\n<p>&nbsp;<\/p>\n<div id=\"attachment_568349\" style=\"width: 470px\" class=\"wp-caption aligncenter\"><a href=\"https:\/\/www.diarioimagen.net\/?attachment_id=568349\" rel=\"attachment wp-att-568349\"><img loading=\"lazy\" decoding=\"async\" aria-describedby=\"caption-attachment-568349\" class=\"size-full wp-image-568349\" src=\"https:\/\/www.diarioimagen.net\/wp-content\/uploads\/2022\/12\/gobierno-cuautitlan.jpg\" alt=\"\" width=\"460\" height=\"270\" \/><\/a><p id=\"caption-attachment-568349\" class=\"wp-caption-text\">El cambio se nota en Cuautitl\u00e1n Izcalli, a un a\u00f1o de que la alcaldesa Karla Fiesco iniciara el rescate de espacios p\u00fablicos.<\/p><\/div>\n<p>&nbsp;<\/p>\n<p><strong>Cuautitl\u00e1n Izcalli, Estado de M\u00e9xico.\u2014<\/strong> Para dotar a los izcallenses de espacios seguros y calles iluminadas, en este primer a\u00f1o de gobierno, por primera vez en 50 a\u00f1os se ilumin\u00f3 el Camino a la Laguna, entre San Francisco Tepojaco y La Piedad.<\/p>\n<p>A fin de que las familias se sientan seguras al caminar por sus calles y avenidas, se realiz\u00f3 el mantenimiento al sistema de alumbrado p\u00fablico de 11 mil 683 reparaciones a luminarias y se instalaron 10 mil luminarias a lo largo del territorio municipal. Se atendieron las zonas con alto \u00edndice de violencia contra la mujer y se colocaron mil 223 luminarias en San Francisco Tepojaco, Lomas de San Francisco Tepojaco, Infonavit Norte 1 y 2 Secci\u00f3n, Santa Mar\u00eda Guadalupe Las Torres 1 y 2 Secci\u00f3n, La Piedad, El Rosario, San Antonio, Luis Echeverr\u00eda, San Sebasti\u00e1n Xhala y Cofrad\u00eda de San Miguel.<\/p>\n<p>Asimismo, se aplicaron 71 mil 745 toneladas de mezcla asf\u00e1ltica cubriendo 77 mil 807 metros cuadrados de superficie, lo que equivale a 15 mil 491 baches reparados. Por otra parte, referente a la seguridad vial se efectu\u00f3 el balizado en guarniciones, se\u00f1alamientos y carriles vehiculares aplicando 94 mil 719 metros lineales de pintura de tr\u00e1fico distribuido en 48 colonias, 89 espacios, avenidas y calles del municipio.<\/p>\n<p>Adem\u00e1s se rescataron 161 parques y se rehabilit\u00f3, alumbr\u00f3 y equip\u00f3 10 m\u00e1s. Tambi\u00e9n, se brind\u00f3 mantenimiento a jardines y arbolado de 232 escuelas, se desmalezaron 471 hect\u00e1reas, se podaron 4 mil 811 podas y se implementaron sistemas de humedales en el Parque Espejo de los Lirios, as\u00ed como en el Lago de las Golondrinas, siendo pioneros a nivel nacional en usar esta tecnolog\u00eda.<\/p>\n","protected":false},"excerpt":{"rendered":"<p>Para dotar a los izcallenses de espacios seguros y calles iluminadas, en este primer a\u00f1o de gobierno, por primera vez en 50 a\u00f1os se ilumin\u00f3 el Camino a la Laguna, entre San Francisco Tepojaco y La Piedad.<\/p>\n","protected":false},"author":3,"featured_media":568349,"comment_status":"open","ping_status":"open","sticky":false,"template":"","format":"standard","meta":{"_monsterinsights_skip_tracking":false,"_monsterinsights_sitenote_active":false,"_monsterinsights_sitenote_note":"","_monsterinsights_sitenote_category":0,"footnotes":""},"categories":[5],"tags":[971,46151,43675,96971],"class_list":["post-568275","post","type-post","status-publish","format-standard","has-post-thumbnail","hentry","category-estado-de-mexico","tag-cuautitlan-izcalli","tag-espacios-publicos","tag-estado-de-mexico","tag-rescatando"],"_links":{"self":[{"href":"https:\/\/www.diarioimagen.net\/index.php?rest_route=\/wp\/v2\/posts\/568275","targetHints":{"allow":["GET"]}}],"collection":[{"href":"https:\/\/www.diarioimagen.net\/index.php?rest_route=\/wp\/v2\/posts"}],"about":[{"href":"https:\/\/www.diarioimagen.net\/index.php?rest_route=\/wp\/v2\/types\/post"}],"author":[{"embeddable":true,"href":"https:\/\/www.diarioimagen.net\/index.php?rest_route=\/wp\/v2\/users\/3"}],"replies":[{"embeddable":true,"href":"https:\/\/www.diarioimagen.net\/index.php?rest_route=%2Fwp%2Fv2%2Fcomments&post=568275"}],"version-history":[{"count":0,"href":"https:\/\/www.diarioimagen.net\/index.php?rest_route=\/wp\/v2\/posts\/568275\/revisions"}],"wp:featuredmedia":[{"embeddable":true,"href":"https:\/\/www.diarioimagen.net\/index.php?rest_route=\/wp\/v2\/media\/568349"}],"wp:attachment":[{"href":"https:\/\/www.diarioimagen.net\/index.php?rest_route=%2Fwp%2Fv2%2Fmedia&parent=568275"}],"wp:term":[{"taxonomy":"category","embeddable":true,"href":"https:\/\/www.diarioimagen.net\/index.php?rest_route=%2Fwp%2Fv2%2Fcategories&post=568275"},{"taxonomy":"post_tag","embeddable":true,"href":"https:\/\/www.diarioimagen.net\/index.php?rest_route=%2Fwp%2Fv2%2Ftags&post=568275"}],"curies":[{"name":"wp","href":"https:\/\/api.w.org\/{rel}","templated":true}]}}