{"id":568296,"date":"2022-12-07T00:01:39","date_gmt":"2022-12-07T06:01:39","guid":{"rendered":"https:\/\/www.diarioimagen.net\/?p=568296"},"modified":"2022-12-07T01:20:22","modified_gmt":"2022-12-07T07:20:22","slug":"otra-catastrofe-de-salud-publica","status":"publish","type":"post","link":"https:\/\/www.diarioimagen.net\/?p=568296","title":{"rendered":"Otra cat\u00e1strofe de salud p\u00fablica"},"content":{"rendered":"<h2>De pe a pa<\/h2>\n<h5>Alberto Vieyra G.<\/h5>\n<p>&nbsp;<\/p>\n<p>\u201cYa \u00e9ramos muchos y pari\u00f3 la abuela\u201d, reza el refranero popular y nos dice que el coronavirus nos dej\u00f3 una imborrable huella por la cat\u00e1strofe de m\u00e1s de 700 mil muertos y ahora, el estado de Durango es noticia nacional e internacional, pues un brote de meningitis ha causado ya otra cat\u00e1strofe de salud p\u00fablica con 22 mujeres muertas y casi un centenar de hospitalizados,\u00a0 aunque de manera preventiva se monitorea a mil 400 pacientes que fueron internados en semanas anteriores en 4 hospitales privados que est\u00e1n bajo la lupa de la Fiscal\u00eda del Estado que ayer gir\u00f3 7 \u00f3rdenes de aprehensi\u00f3n y los macabros hospitales est\u00e1n virtualmente clausurados.<\/p>\n<p>Pero, \u00bfqu\u00e9 es la meningitis, es curable o es transmisible?<\/p>\n<p>Mire usted. La meningitis es la inflamaci\u00f3n de las meninges del ser humano que llegan a afectar tambi\u00e9n la m\u00e9dula espinal y todo el sistema nervioso. Su tratamiento es largo y muy caro a base de antibi\u00f3ticos intravenosos y, a veces, con corticosteroides. La meningitis bacteriana es transmisible a trav\u00e9s de fluidos, como la saliva, el estornudo, etc\u00e9tera; pero el caso de la cat\u00e1strofe de salud p\u00fablica en Durango, estamos ante una meningitis as\u00e9ptica producida por un mort\u00edfero hongo que puede estar en medicamentos caducos y lo que es m\u00e1s grave por falta de asepsia, es decir falta de higiene en instrumental quir\u00fargico y quir\u00f3fanos cochinos.<\/p>\n<p>Desde el pasado mes de mayo, la Agencia Mexicana de Noticias comenz\u00f3 a recibir reportes de una rara enfermedad que aquejaba a las mujeres que hab\u00edan llevado a cabo sus partos en cuatro hospitales privados en Durango, pero no ser\u00eda hasta el pasado mes de octubre, cuando comenz\u00f3 la ola macabra que hasta hoy, suma ya 22 mujeres muertas y al iniciar esta semana se reporta el primer caso de un ni\u00f1o infectado de meningitis, para el que no se ha encontrado cura en M\u00e9xico y se sabe que ser\u00e1 tratado en los Estados Unidos.<\/p>\n<p>Estamos ante una cat\u00e1strofe de salud p\u00fablica que le heredaron al actual gobernador, el priista Esteban Alejandro Villegas Villareal. S\u00ed, en el \u00faltimo a\u00f1o del gobierno de Jos\u00e9 Rosas Aispuro, adicto a los reflectores en los medios de comunicaci\u00f3n a nivel nacional, se relaj\u00f3 la supervisi\u00f3n de la Cofepris que mal funcion\u00f3 o funcion\u00f3 inmersa en la corrupci\u00f3n durante m\u00e1s de 1 a\u00f1o sin representante del gobierno federal en Durango. All\u00ed estuvo el meollo del asunto. Y ahora, don Esteban Alejandro Villegas tendr\u00e1 que hilar muy fino para devolverle la salud a los duranguenses, pero sobre todo para castigar a los corruptos y a los nada pulcros due\u00f1os de los hospitales privados, sobre los que debe caer todo el peso de la ley.<\/p>\n<p>Y por lo que respecta al gobierno federal, habr\u00e1 que esperar que esta nueva cat\u00e1strofe de salud p\u00fablica no haya llegado para quedarse y formar parte de la actual cat\u00e1strofe de salud que vive el pa\u00eds, a raz\u00f3n del desabasto de medicamentos en todos los hospitales p\u00fablicos y la negligencia criminal del actual subsecretario de salud, Hugo L\u00f3pez-Gatell sobre quien pesan cuando menos media docena de demandas ante la Fiscal\u00eda General de la Rep\u00fablica por su falta de sensibilidad humana, durante los 2 a\u00f1os de la pesadilla hist\u00f3rica por el coronavirus que ha vuelto ya por sus fueros, al agudizarse el invierno.<\/p>\n<p>En Durango, y en el pa\u00eds en general, hay dolor y una enorme repulsa social por la nueva cat\u00e1strofe de salud p\u00fablica. Los gobiernos estatal y federal deber\u00e1n ser implacables en la aplicaci\u00f3n de la ley, pero me conformo con que lo haga el gobierno estatal.<\/p>\n<p><em><a href=\"mailto:info@agenciamn.com\" target=\"_blank\" rel=\"noopener noreferrer\">info@agenciamn.com<\/a><\/em><\/p>\n","protected":false},"excerpt":{"rendered":"<p><span style=\"color: #005497;\"><strong>Alberto Vieyra G.<\/strong><\/span><\/p>\n","protected":false},"author":3,"featured_media":0,"comment_status":"open","ping_status":"open","sticky":false,"template":"","format":"standard","meta":{"_monsterinsights_skip_tracking":false,"_monsterinsights_sitenote_active":false,"_monsterinsights_sitenote_note":"","_monsterinsights_sitenote_category":0,"footnotes":""},"categories":[4596],"tags":[43697,4597,43674],"class_list":["post-568296","post","type-post","status-publish","format-standard","hentry","category-alberto-vieyra-g","tag-alberto-vieyra-g","tag-de-pe-a-pa","tag-opinion"],"_links":{"self":[{"href":"https:\/\/www.diarioimagen.net\/index.php?rest_route=\/wp\/v2\/posts\/568296","targetHints":{"allow":["GET"]}}],"collection":[{"href":"https:\/\/www.diarioimagen.net\/index.php?rest_route=\/wp\/v2\/posts"}],"about":[{"href":"https:\/\/www.diarioimagen.net\/index.php?rest_route=\/wp\/v2\/types\/post"}],"author":[{"embeddable":true,"href":"https:\/\/www.diarioimagen.net\/index.php?rest_route=\/wp\/v2\/users\/3"}],"replies":[{"embeddable":true,"href":"https:\/\/www.diarioimagen.net\/index.php?rest_route=%2Fwp%2Fv2%2Fcomments&post=568296"}],"version-history":[{"count":0,"href":"https:\/\/www.diarioimagen.net\/index.php?rest_route=\/wp\/v2\/posts\/568296\/revisions"}],"wp:attachment":[{"href":"https:\/\/www.diarioimagen.net\/index.php?rest_route=%2Fwp%2Fv2%2Fmedia&parent=568296"}],"wp:term":[{"taxonomy":"category","embeddable":true,"href":"https:\/\/www.diarioimagen.net\/index.php?rest_route=%2Fwp%2Fv2%2Fcategories&post=568296"},{"taxonomy":"post_tag","embeddable":true,"href":"https:\/\/www.diarioimagen.net\/index.php?rest_route=%2Fwp%2Fv2%2Ftags&post=568296"}],"curies":[{"name":"wp","href":"https:\/\/api.w.org\/{rel}","templated":true}]}}