{"id":568298,"date":"2022-12-07T00:05:24","date_gmt":"2022-12-07T06:05:24","guid":{"rendered":"https:\/\/www.diarioimagen.net\/?p=568298"},"modified":"2022-12-09T03:43:13","modified_gmt":"2022-12-09T09:43:13","slug":"el-ine-si-se-toca-insistencia","status":"publish","type":"post","link":"https:\/\/www.diarioimagen.net\/?p=568298","title":{"rendered":"\u00a1El INE s\u00ed se toca!, insistencia"},"content":{"rendered":"<h2>Perfil de M\u00e9xico<\/h2>\n<h5>Armando R\u00edos Ruiz<\/h5>\n<p>&nbsp;<\/p>\n<p>Era de esperarse. La necedad enfermiza obliga a contradecir como se estila desde la Presidencia, arropada con mentiras, lo contrario a lo que la gente expres\u00f3 libremente en las calles, el pasado 13 de noviembre, sin necesidad de llevar acarreados. De manera voluntaria: \u00a1El INE no se toca! A lo anterior, el Presidente contradijo: \u00a1el INE s\u00ed se toca!<\/p>\n<p>A\u00fan no conozco los resultados, por haber elaborado esta columna ayer, antes del debate. No obstante, es f\u00e1cil colegir que no ser\u00eda aprobada en los t\u00e9rminos de Morena. La oposici\u00f3n hab\u00eda propalado que no pasar\u00eda, porque afectar\u00eda al INE, que hasta hoy ha soportado las embestidas presidenciales para transformarlo de acuerdo con sus arbitrarios deseos.<\/p>\n<p>A Morena le faltar\u00edan votos para consumar el prop\u00f3sito del Presidente, que no de los mismos diputados morenistas, que s\u00f3lo obedecen \u00f3rdenes sin tomar en cuenta un \u00e1pice lo que quieran sus representados. Por otra parte, el presidente nacional del PRI, Alejandro Moreno, ha insistido en que los diputados de ese partido no la aprobar\u00edan. Hasta la ma\u00f1ana de ayer era de creerle.<\/p>\n<p>Para sostener que el INE s\u00ed se toca, el primer mandatario acompa\u00f1\u00f3 ese prurito con el dicho de que una minor\u00eda conservadora piensa que se quiere su control para hacer fraude. En realidad se advierte que en manos del gobierno habr\u00eda una manipulaci\u00f3n abierta, a discreci\u00f3n, para imponer candidatos incondicionales y para m\u00e1s: para contar con todos los mecanismos que le permitan eternizarse en el poder, personalmente o a trav\u00e9s de sus obedientes corifeos, que no tienen pena de decirle que es su dios. Verbigracia: Layda.<\/p>\n<p>En Campeche, habl\u00f3 de ahorro de recursos del INE y de blindar los procesos de la compra de votos. \u00bfC\u00f3mo ser\u00eda eso posible, mientras existan las d\u00e1divas a diferentes sectores de la poblaci\u00f3n, que s\u00f3lo se justificar\u00edan, desde el punto de vista muy personal, en las personas mayores? \u00bfC\u00f3mo justificarlas en gente sin oficio ni beneficio, sino con el se\u00f1alamiento en el que coinciden muchos mexicanos, de que se trata de una estrategia para comprar conciencias?<\/p>\n<p>\u00bfNo quiere decir esto que es el gobierno el que comete fraude con semejantes hechos disfrazados con el nombre de programas sociales?<\/p>\n<p>En todos los rincones de M\u00e9xico se escucha a muchos ciudadanos, la reflexi\u00f3n consistente en que por fin, un Presidente se acord\u00f3 de ellos. Hacen recordar aquellos dichos que rezaban: \u201cque te mantenga el gobierno\u201d. O bien los reclamos sociales que hablaban de que el gobierno no les daba nada. Pero no es \u00e9sta su obligaci\u00f3n, sino dar opciones para la superaci\u00f3n personal.<\/p>\n<p>Lo anterior engendra el temor de perder ese dinero que significa un gran alivio para la mayor\u00eda. Pero que alg\u00fan d\u00eda tendr\u00e1 que perder, gracias al descuido de la econom\u00eda mexicana, como ha ocurrido en otros pa\u00edses latinoamericanos, en donde el numerario se redujo a niveles imprevistos y lo que a\u00fan queda, sirve m\u00e1s para sostener la riqueza de sus pol\u00edticos que para menguar el hambre del pueblo.<\/p>\n<p>La reforma no ser\u00eda rechazada s\u00f3lo por rechazarla. Si bien contiene elementos importantes, como el hecho de eliminar las diputaciones plurinominales de un esquema en el que hasta los elegidos por los ciudadanos han demostrado que no cumplen con este quehacer, sino que s\u00f3lo sirven para cumplir fielmente los deseos del que manda; el freno a las ambiciones personales exhibidas desde el inicio de esta gesti\u00f3n, obliga a su desecho.<\/p>\n<p>Ser\u00eda desaprobada porque contiene el sello personal de una forma de gobernar que no abarca a todo el pueblo de M\u00e9xico, sino s\u00f3lo a quienes reflejan una incondicionalidad hacia el mandatario. Porque el mismo personaje ha hecho lo indecible por calar en el sentimiento de la ciudadan\u00eda, con dichos que diariamente hieren y principalmente, s\u00f3lo han servido para polarizar.<\/p>\n<p>Porque refleja el deseo vehemente y repito, enfermizo, de repetir los d\u00edas de Porfirio D\u00edaz, quien hasta en su vejez acentuada consider\u00f3 que los mexicanos no estaban preparados para que otro los gobernara.<\/p>\n<p><a href=\"mailto:ariosruiz@gmail.com\" target=\"_blank\" rel=\"noopener noreferrer\"><em>ariosruiz@gmail.com<\/em><\/a><\/p>\n","protected":false},"excerpt":{"rendered":"<p><span style=\"color: #005497;\"><strong>Armando R\u00edos Ruiz<\/strong><\/span><\/p>\n","protected":false},"author":3,"featured_media":0,"comment_status":"open","ping_status":"open","sticky":false,"template":"","format":"standard","meta":{"_monsterinsights_skip_tracking":false,"_monsterinsights_sitenote_active":false,"_monsterinsights_sitenote_note":"","_monsterinsights_sitenote_category":0,"footnotes":""},"categories":[88405],"tags":[88407,43674,91193],"class_list":["post-568298","post","type-post","status-publish","format-standard","hentry","category-armando-rios-ruiz","tag-armando-rios-ruiz","tag-opinion","tag-perfil-de-mexico"],"_links":{"self":[{"href":"https:\/\/www.diarioimagen.net\/index.php?rest_route=\/wp\/v2\/posts\/568298","targetHints":{"allow":["GET"]}}],"collection":[{"href":"https:\/\/www.diarioimagen.net\/index.php?rest_route=\/wp\/v2\/posts"}],"about":[{"href":"https:\/\/www.diarioimagen.net\/index.php?rest_route=\/wp\/v2\/types\/post"}],"author":[{"embeddable":true,"href":"https:\/\/www.diarioimagen.net\/index.php?rest_route=\/wp\/v2\/users\/3"}],"replies":[{"embeddable":true,"href":"https:\/\/www.diarioimagen.net\/index.php?rest_route=%2Fwp%2Fv2%2Fcomments&post=568298"}],"version-history":[{"count":0,"href":"https:\/\/www.diarioimagen.net\/index.php?rest_route=\/wp\/v2\/posts\/568298\/revisions"}],"wp:attachment":[{"href":"https:\/\/www.diarioimagen.net\/index.php?rest_route=%2Fwp%2Fv2%2Fmedia&parent=568298"}],"wp:term":[{"taxonomy":"category","embeddable":true,"href":"https:\/\/www.diarioimagen.net\/index.php?rest_route=%2Fwp%2Fv2%2Fcategories&post=568298"},{"taxonomy":"post_tag","embeddable":true,"href":"https:\/\/www.diarioimagen.net\/index.php?rest_route=%2Fwp%2Fv2%2Ftags&post=568298"}],"curies":[{"name":"wp","href":"https:\/\/api.w.org\/{rel}","templated":true}]}}