{"id":568303,"date":"2022-12-07T00:08:45","date_gmt":"2022-12-07T06:08:45","guid":{"rendered":"https:\/\/www.diarioimagen.net\/?p=568303"},"modified":"2022-12-07T01:59:08","modified_gmt":"2022-12-07T07:59:08","slug":"las-alianzas-partidistas","status":"publish","type":"post","link":"https:\/\/www.diarioimagen.net\/?p=568303","title":{"rendered":"Las alianzas partidistas"},"content":{"rendered":"<h2>Punto por punto<\/h2>\n<h5>Augusto Corro<\/h5>\n<p>&nbsp;<\/p>\n<p>En la reuni\u00f3n de Movimiento Ciudadano se inform\u00f3 que ese partido pol\u00edtico participar\u00e1 sin aliados en las pr\u00f3ximas contiendas electorales.<\/p>\n<p>El gobernador de Nuevo Le\u00f3n, Samuel Garc\u00eda, aprovech\u00f3 la oportunidad para destaparse como aspirante a ocupar a silla presidencial, en 2024.<\/p>\n<p>Sin duda, habr\u00e1 que reflexionar sobre los beneficios o efectos negativos que podr\u00eda ocasionar la acci\u00f3n pol\u00edtica de los emecistas.<\/p>\n<p>Si participan solos, la unidad de la oposici\u00f3n se debilitar\u00eda y llegar\u00eda con pocas fuerzas para enfrentar a Morena en las presidenciables.<\/p>\n<p>Simplemente, en las elecciones estatales del pr\u00f3ximo a\u00f1o, que urge la alianza opositora, las organizaciones pol\u00edticas siguen en indecisiones. Pero MC ya estableci\u00f3 su rechazo a las alianzas.<\/p>\n<p>La lucha pol\u00edtica de los emecistas sorprendi\u00f3 al ganar las gubernaturas de Jalisco y Nuevo Le\u00f3n, dos entidades muy importantes en M\u00e9xico.\u00a0 Quiz\u00e1s esos triunfos operaron como est\u00edmulos a los electores. Los dos mandatarios estatales Enrique Alfaro y Samuel Garc\u00eda ya pidieron que los apunten como presidenciables.<\/p>\n<p>Tambi\u00e9n algunos emecistas quieren que el presidente municipal de Monterrey, Luis Donaldo Colosio Riojas, participe como aspirante, en la lucha electoral.<\/p>\n<p>Sin embargo, no hay que descartar al l\u00edder de MC, Dante Delgado, quien esperar\u00e1 el desarrollo de la actividad pol\u00edtica para decidir si participa o no como candidato para \u201cla grande\u201d.<\/p>\n<p>Con varios meses de anticipaci\u00f3n, el l\u00edder de MC descart\u00f3 a Samuel Garc\u00eda como presidenciable.<\/p>\n<p>En el presente, dos coaliciones se presentaron en las elecciones: Va por M\u00e9xico, integrada por PRI, PAN y PRD; y Juntos Hacemos Historia en la que est\u00e1n Morena, PT Y PVEM.<\/p>\n<p>En Va por M\u00e9xico, la organizaci\u00f3n fundada por Claudio X. Gonz\u00e1lez, se encuentra afectada en su unidad.<\/p>\n<p>El l\u00edder del Revolucionario Institucional (PRI), Alejandro \u201cAlito\u201d Moreno traicion\u00f3 a la coalici\u00f3n y se suspendi\u00f3 la alianza.\u00a0 El tricolor decidi\u00f3 romper su promeso de unidad y vot\u00f3 a favor de que el Ej\u00e9rcito contin\u00fae en las calles.<\/p>\n<p>Se trat\u00f3 de una reforma promovida por el presidente L\u00f3pez Obrador que la oposici\u00f3n prometi\u00f3 rechazar. \u201cAlito\u201d no cumpli\u00f3 el compromiso.<\/p>\n<p>En el presente, en Va por M\u00e9xico vuelve a presentarse la oportunidad de que el dirigente priista regrese al sendero de la unidad opositora.\u00a0 En San L\u00e1zaro se discute la aprobaci\u00f3n de la reforma electoral presentada por Morena. La oposici\u00f3n declar\u00f3 que votar\u00eda en contra. El propio \u201cAlito\u201d asumi\u00f3 el compromiso.<\/p>\n<p>Ahora, los opositores est\u00e1n muy pendientes de la conducta del priista, pues podr\u00eda repetirse la historia anterior en detrimento de la unidad.\u00a0 Por otra parte, la lucha pol\u00edtica presidencial apenas empieza y los pronunciamientos a favor o en contra de los precandidatos.\u00a0 En ese rengl\u00f3n, la dirigencia morenista tendr\u00e1 que esmerarse en el manejo de las precampa\u00f1as electorales de sus candidatos.<\/p>\n<p>\u00bfCu\u00e1l ser\u00e1 la suerte de Marcelo Ebrard y de Ricardo Monreal en Morena?<\/p>\n<p>La jefa de gobierno de la CDMX, Claudia Sheinbaum, tiene la bendici\u00f3n del l\u00edder moral de Morena, L\u00f3pez Obrador. No tiene problemas.<\/p>\n<p>Ebrard y Monreal seguramente ya tienen su plan a seguir si son descartados en las encuestas.<\/p>\n<p>Ya veremos de que tama\u00f1o ser\u00e1 la divisi\u00f3n en Morena.<\/p>\n<p>No es cualquier cosa lo que est\u00e1 en juego y las llamadas \u201ccorcholatas\u201d deber\u00e1n empe\u00f1arse en desarrollar una contienda electoral limpia.<\/p>\n<p>Aunque los morenistas dif\u00edcilmente estar\u00e1n pasivos y apoyar\u00e1n a sus candidatos en las demandas como la del piso parejo.<\/p>\n<p>En t\u00e9rminos generales, en este espacio hablamos sobre lo rezagada, pues primero tiene que definir cuantos partidos van a participar unidos.<\/p>\n<p>Y luego, lo m\u00e1s importante: La designaci\u00f3n de precandidato que los represente. Esto ser\u00eda lo m\u00e1s importante, pues no cuenta con el pol\u00edtico que estimule al electorado a votar por \u00e9l.<\/p>\n<p>\u00bfUsted qu\u00e9 opina amable lector?<\/p>\n<p><em><a href=\"mailto:aco2742@hotmail.com\" target=\"_blank\" rel=\"noopener noreferrer\">aco2742@hotmail.com<\/a><\/em><\/p>\n","protected":false},"excerpt":{"rendered":"<p><span style=\"color: #005497;\"><strong>Augusto Corro<\/strong><\/span><\/p>\n","protected":false},"author":3,"featured_media":0,"comment_status":"open","ping_status":"open","sticky":false,"template":"","format":"standard","meta":{"_monsterinsights_skip_tracking":false,"_monsterinsights_sitenote_active":false,"_monsterinsights_sitenote_note":"","_monsterinsights_sitenote_category":0,"footnotes":""},"categories":[157],"tags":[43686,43674,11515],"class_list":["post-568303","post","type-post","status-publish","format-standard","hentry","category-augusto-corro","tag-augusto-corro","tag-opinion","tag-punto-por-punto"],"_links":{"self":[{"href":"https:\/\/www.diarioimagen.net\/index.php?rest_route=\/wp\/v2\/posts\/568303","targetHints":{"allow":["GET"]}}],"collection":[{"href":"https:\/\/www.diarioimagen.net\/index.php?rest_route=\/wp\/v2\/posts"}],"about":[{"href":"https:\/\/www.diarioimagen.net\/index.php?rest_route=\/wp\/v2\/types\/post"}],"author":[{"embeddable":true,"href":"https:\/\/www.diarioimagen.net\/index.php?rest_route=\/wp\/v2\/users\/3"}],"replies":[{"embeddable":true,"href":"https:\/\/www.diarioimagen.net\/index.php?rest_route=%2Fwp%2Fv2%2Fcomments&post=568303"}],"version-history":[{"count":0,"href":"https:\/\/www.diarioimagen.net\/index.php?rest_route=\/wp\/v2\/posts\/568303\/revisions"}],"wp:attachment":[{"href":"https:\/\/www.diarioimagen.net\/index.php?rest_route=%2Fwp%2Fv2%2Fmedia&parent=568303"}],"wp:term":[{"taxonomy":"category","embeddable":true,"href":"https:\/\/www.diarioimagen.net\/index.php?rest_route=%2Fwp%2Fv2%2Fcategories&post=568303"},{"taxonomy":"post_tag","embeddable":true,"href":"https:\/\/www.diarioimagen.net\/index.php?rest_route=%2Fwp%2Fv2%2Ftags&post=568303"}],"curies":[{"name":"wp","href":"https:\/\/api.w.org\/{rel}","templated":true}]}}