{"id":568306,"date":"2022-12-07T00:03:16","date_gmt":"2022-12-07T06:03:16","guid":{"rendered":"https:\/\/www.diarioimagen.net\/?p=568306"},"modified":"2022-12-07T02:00:24","modified_gmt":"2022-12-07T08:00:24","slug":"los-hermanos-de-amlo","status":"publish","type":"post","link":"https:\/\/www.diarioimagen.net\/?p=568306","title":{"rendered":"Los \u201chermanos\u201d de AMLO"},"content":{"rendered":"<h2>Espacio Electoral<\/h2>\n<h5>Eleazar Flores<\/h5>\n<p>&nbsp;<\/p>\n<p><strong>SCHERER FUE EL PRIMERO-.<\/strong> Para bien de \u00e9l, don Ricardo Monreal no deber\u00eda sentirse por no haber sido llamado HERMANO por el presidente Andr\u00e9s Manuel L\u00f3pez Obrador, pues el tiempo ha demostrado que a ellos no les ha ido del todo bien\u2026 en pol\u00edtica y menos dentro de Morena.<\/p>\n<p>El primero en haber sido llamado hermano por el padre de la Cuarta Transformaci\u00f3n fue Julio Scherer Ibarra y ya ve,\u00a0 al poco tiempo \u00e9ste se qued\u00f3 sin herencia, perd\u00f3n, sin cargo como director jur\u00eddico de la Presidencia de la Rep\u00fablica e incluso entabl\u00f3 demandas contra varios funcionarios del actual r\u00e9gimen.<\/p>\n<p>Adem\u00e1s, el mandatario no es del todo sincero ni dice la verdad completa, pues dentro de sus HERMANOS que enlist\u00f3 el lunes pasado, hay uno que es su primo, el que despacha en las oficinas de Bucareli y Abraham Gonz\u00e1lez, seg\u00fan el acceso que hoy se ocupe para entrar o salir.<\/p>\n<p>Todo el merequetengue anterior, usando el lenguaje presidencial para estar a tono, obedece al dicho ma\u00f1anero acerca de las \u201ccorcholatas\u201d preferidas del tabasque\u00f1o que primero podr\u00edan ser escogidas para la candidatura presidencial y luego lanzarse en busca del cargo que casi tiene escriturado para ya saben qui\u00e9n.<\/p>\n<p>Es ah\u00ed donde respondi\u00f3 que \u201cno hay problema todos son mis hermanos, Claudia, Marcelo y Ad\u00e1n Augusto\u201d, siendo aqu\u00ed cuando excluy\u00f3 de esa hermandad al senador Ricardo Monreal, quien justamente libraba una confrontaci\u00f3n en el vecino estado de Hidalgo, cuestionado por contingentes morenistas \u201cj\u00f3venes\u201d, seg\u00fan descripci\u00f3n del propio zacatecano, quien los recrimin\u00f3 e invit\u00f3 a evitar divisionismos y m\u00e1s a\u00fan, confrontaciones, saliendo bien librado al final.<\/p>\n<p>Pero la defensa por la jefa de gobierno Claudia Sheibaum fue m\u00e1s all\u00e1 por parte del Presidente de la Rep\u00fablica, cuando un tanto molest\u00f3 neg\u00f3 que la funcionaria haya dado la orden para agredir a los\u00a0 inconformes en el caso Xochimilco y San Gregorio. Seguramente el tabasque\u00f1o recibe a primera hora las acciones de Claudia, como para negar con autoridad hechos u omisiones de ella.<\/p>\n<p>Total, que a nueve meses que legalmente se puedan conocer dentro del marco legal, a las personas que podr\u00edan aspirar a la candidatura presidencial -septiembre de 2023-, se han iniciado los conflictos internos, justamente dentro de las filas del partido gobernante, gracias al \u201cestilo personal de destapar\u201d del comandante guinda.<\/p>\n<p>Despu\u00e9s de todo lo anterior es inevitable aceptar que el tema anterior por importante que sea, sigue consider\u00e1ndose un aut\u00e9ntico distractor, m\u00e1xime que el problema n\u00famero uno del pa\u00eds es la violencia, inseguridad y p\u00e9rdida de vidas, siendo el ejemplo m\u00e1s reciente el estado de Zacatecas donde pierden la vida un militar de grado y un juez, sin que hasta la fecha haya un solo detenido.<\/p>\n<p><em><a href=\"mailto:elefa44@gmail.com\" target=\"_blank\" rel=\"noopener noreferrer\">lefa44@gmail.com<\/a><\/em><\/p>\n","protected":false},"excerpt":{"rendered":"<p><span style=\"color: #005497;\"><strong>Eleazar Flores<\/strong><\/span><\/p>\n","protected":false},"author":3,"featured_media":0,"comment_status":"open","ping_status":"open","sticky":false,"template":"","format":"standard","meta":{"_monsterinsights_skip_tracking":false,"_monsterinsights_sitenote_active":false,"_monsterinsights_sitenote_note":"","_monsterinsights_sitenote_category":0,"footnotes":""},"categories":[81743],"tags":[81744,81776,43674],"class_list":["post-568306","post","type-post","status-publish","format-standard","hentry","category-eleazar-flores","tag-eleazar-flores","tag-espacio-electoral","tag-opinion"],"_links":{"self":[{"href":"https:\/\/www.diarioimagen.net\/index.php?rest_route=\/wp\/v2\/posts\/568306","targetHints":{"allow":["GET"]}}],"collection":[{"href":"https:\/\/www.diarioimagen.net\/index.php?rest_route=\/wp\/v2\/posts"}],"about":[{"href":"https:\/\/www.diarioimagen.net\/index.php?rest_route=\/wp\/v2\/types\/post"}],"author":[{"embeddable":true,"href":"https:\/\/www.diarioimagen.net\/index.php?rest_route=\/wp\/v2\/users\/3"}],"replies":[{"embeddable":true,"href":"https:\/\/www.diarioimagen.net\/index.php?rest_route=%2Fwp%2Fv2%2Fcomments&post=568306"}],"version-history":[{"count":0,"href":"https:\/\/www.diarioimagen.net\/index.php?rest_route=\/wp\/v2\/posts\/568306\/revisions"}],"wp:attachment":[{"href":"https:\/\/www.diarioimagen.net\/index.php?rest_route=%2Fwp%2Fv2%2Fmedia&parent=568306"}],"wp:term":[{"taxonomy":"category","embeddable":true,"href":"https:\/\/www.diarioimagen.net\/index.php?rest_route=%2Fwp%2Fv2%2Fcategories&post=568306"},{"taxonomy":"post_tag","embeddable":true,"href":"https:\/\/www.diarioimagen.net\/index.php?rest_route=%2Fwp%2Fv2%2Ftags&post=568306"}],"curies":[{"name":"wp","href":"https:\/\/api.w.org\/{rel}","templated":true}]}}