{"id":568312,"date":"2022-12-07T00:07:42","date_gmt":"2022-12-07T06:07:42","guid":{"rendered":"https:\/\/www.diarioimagen.net\/?p=568312"},"modified":"2022-12-07T02:06:41","modified_gmt":"2022-12-07T08:06:41","slug":"morena-y-satelites-rompen-records-para-cumplirle-a-amlo-al-pie-de-la-letra","status":"publish","type":"post","link":"https:\/\/www.diarioimagen.net\/?p=568312","title":{"rendered":"Morena y sat\u00e9lites rompen r\u00e9cords para cumplirle a AMLO al pie de la letra"},"content":{"rendered":"<h2>Clase Pol\u00edtica<\/h2>\n<h5>Miguel \u00c1ngel Rivera<\/h5>\n<p>&nbsp;<\/p>\n<p>Compitan con las mismas reglas con las que llegaron al poder en 2018, les dijo a los diputados del bloque oficialista, integrado por Morena y sus sat\u00e9lites del PVEM y PT, el tambi\u00e9n diputado, de Movimiento Ciudadano, Francisco Javier Huacus Esquivel, al manifestar su negativa, a la reforma constitucional propuesta por el presidente Andr\u00e9s Manuel L\u00f3pez Obrador, que finalmente fue rechazada con los votos sumados del PAN, PRI y PRD, adem\u00e1s del mencionado MC.<\/p>\n<p>Sin embargo, lejos de dejar el asunto pendiente, en cumplimiento de las instrucciones que recibieron desde Palacio Nacional, los integrantes del bloque oficialista respondieron con una acci\u00f3n que merece quedar inscrita en el libro de los R\u00e9cords Guinness (<em>Guinness<\/em> <em>World Records<\/em>).<\/p>\n<p>En efecto, el gobierno y los legisladores que, cuando eran oposici\u00f3n, protestaban contra las reformas electorales elaboradas y aprobadas \u201csobre las rodillas\u201d \u2014o para los que gustan de los anglicanismos el trabajo \u201cfast track\u201d\u2014 se sacaron de la magna una convocatoria para una segunda sesi\u00f3n en el mismo d\u00eda, con apenas media hora de diferencia. Toda una marca de celeridad legislativa, para la cual deb\u00edan de dispensarse muchos procedimientos.<\/p>\n<p>Todo el proceso llev\u00f3 menos de ocho horas y en ella pr\u00e1cticamente no tuvieron participaci\u00f3n los diputados que se supone est\u00e1n para crear nuevas leyes o modificar las existentes.<\/p>\n<p>La iniciativa que se deber\u00eda discutir en lo que el presidente de la C\u00e1mara, el panista Santiago Creel Miranda denomin\u00f3 en forma eufem\u00edstica \u201csesi\u00f3n vespertina\u201d, lleg\u00f3 poco despu\u00e9s del mediod\u00eda, de manos de Ad\u00e1n Augusto L\u00f3pez Hern\u00e1ndez el paisano y \u201chermano\u201d del presidente L\u00f3pez Obrador, quien se desempe\u00f1a como secretario de Gobernaci\u00f3n y es el encargado de llevar las instrucciones del jefe del Ejecutivo a las instalaciones del Poder Legislativo.<\/p>\n<p>Lo del eufemismo viene porque la convocatoria la lanz\u00f3 Creel al terminar la votaci\u00f3n acerca de la propuesta presidencial de reforma constitucional, cerca de las 19 horas, despu\u00e9s de m\u00e1s de cinco horas, pues la sesi\u00f3n \u201cmatutina\u201d se inici\u00f3 despu\u00e9s de las 14 horas. El legislador panista no tuvo m\u00e1s que cumplir con las instrucciones de la Junta de Coordinaci\u00f3n Pol\u00edtica (Jucopo), que es el \u00f3rgano real de poder en la C\u00e1mara de Diputados, encabezado por el coordinador de la bancada de Morena, el poblano ex priista Ignacio Mier Velazco.<\/p>\n<p style=\"text-align: center;\"><strong>\u201cSi no les gusta, tengo otra (reforma) m\u00e1s mejor\u201d<\/strong><\/p>\n<p>Mientras la mayor\u00eda de los diputados perd\u00edan el tiempo en un largo debate del que ya estaba previsto el final, el enviado presidencial y unos cuantos dirigentes de las bancadas oficialistas pusieron en marcha el denominado \u201cplan B\u201d del gobierno federal para modificar las leyes secundarias en materia electoral, sin tener que pasar la aduana de las limitaciones para reformar la Constituci\u00f3n.<\/p>\n<p>Interrogado acerca del origen de la iniciativa para el \u201cplan B\u201d, el secretario de Gobernaci\u00f3n respondi\u00f3 que \u201cla iniciativa la elabor\u00f3 un grupo de trabajo integrado por la Consejer\u00eda Jur\u00eddica del Ejecutivo, abogados de la Secretar\u00eda de Gobernaci\u00f3n, otro de la Secretar\u00eda de Hacienda\u201d, pero no dio detalles, lo cual era innecesario, pues entre los autores no aparece ning\u00fan legislador.<\/p>\n<p>Luego de reunirse con miembros de las bancadas de Morena, PT y PVEM, el responsable de la pol\u00edtica interna confirm\u00f3 que el documento ser\u00eda puesto a consideraci\u00f3n de los legisladores para su discusi\u00f3n y aprobaci\u00f3n. Se trata de un paquete de cambios a la Ley General de Instituciones y Procedimientos Electorales, a la Ley General de Comunicaci\u00f3n Social y de la Ley General de Responsabilidades Administrativas.<\/p>\n<p>\u201cVine a presentar la iniciativa de reforma electoral\u201d, dijo el secretario L\u00f3pez Hern\u00e1ndez al asegurar que la misma respeta \u201ctotal y absolutamente la Constituci\u00f3n\u201d.<\/p>\n<p>Tambi\u00e9n admiti\u00f3 que seguro ser\u00eda rechazada por la oposici\u00f3n y no descart\u00f3 que los inconformes acudan a inconformarse ante la Suprema Corte de Justicia.<\/p>\n<p>\u201cBueno, pues seguramente los del bloque conservador est\u00e1n en su derecho adem\u00e1s de acudir a las instancias como la de la Suprema Corte\u201d, manifest\u00f3 al descartar que, en su calidad de secretario de Gobernaci\u00f3n marque agenda al Legislativo.<\/p>\n<p>Ya se sab\u00eda, como se cumpli\u00f3, que el bloque oficialista no ten\u00eda la mayor\u00eda calificada para modificar la Carta Magna, pero a\u00fan as\u00ed empujaron a sus alfiles en un debate in\u00fatil, como se comprob\u00f3 al recontarse los votos. La oposici\u00f3n sum\u00f3 225 votos, suficientes para obligar a que se desechara la iniciativa que estaba en proceso y en consecuencia tambi\u00e9n quedaron pendientes de debatirse numerosas enmiendas propuestas por la oposici\u00f3n, que tambi\u00e9n se sab\u00eda ser\u00edan desechadas por la mayor\u00eda oficialista, como ocurri\u00f3 con dos mociones suspensivas presentadas por las fracciones parlamentarias del PRD y MC que anticipaban la inutilidad del debate.<\/p>\n<p>As\u00ed, la asamblea \u201cmatutina\u201d se convirti\u00f3 s\u00f3lo en una sesi\u00f3n de terapia colectiva, donde diputados oficialistas y de la oposici\u00f3n intercambiaron toda clase de insultos y exhibieron carteles en defensa o en agravio del Instituto Nacional Electoral (INE) y en menor medida de otras instituciones vinculadas a la vigilancia y calificaci\u00f3n de los comicios.<\/p>\n<p style=\"text-align: center;\"><strong>No se cumplieron las normas del trabajo legislativo, denunci\u00f3 el PRD<\/strong><\/p>\n<p>Al presentar la moci\u00f3n para que se suspendiera el debate acerca de la iniciativa presidencial que finalmente fue desechada, la diputada del PRD, Elizabeth P\u00e9rez Valdez destac\u00f3 que ni siquiera se cumpli\u00f3 con las normas que regulan el trabajo legislativo.<\/p>\n<p>\u201cConsideramos que se dio un proceso legislativo total y absolutamente simulado. No hubo una prelaci\u00f3n correcta de las iniciativas presentadas por las y los diputados, pese a que fueron turnadas iniciativas de reforma constitucional e iniciativas de reforma a leyes secundarias con anterioridad. Se le dio preferencia a la iniciativa de reforma del Ejecutivo enviada el 28 de abril.<\/p>\n<p>\u201cNunca se instalaron las mesas de trabajo que realmente llevar\u00edan a cabo el an\u00e1lisis y la discusi\u00f3n del proyecto de dictamen\u201d, asegur\u00f3 la legisladora perredista, al recordar que \u201cel pasado 28 de noviembre en comisiones unidas se aprob\u00f3 el dictamen sin unanimidad, con 62 votos y desaprobado con 48 votos de toda la oposici\u00f3n, en medio de un cinismo por parte de la mayor\u00eda oficialista, quienes dijeron que no ten\u00eda sentido una mayor discusi\u00f3n porque la oposici\u00f3n al final iba a votar en contra.<\/p>\n<p>Tambi\u00e9n se\u00f1al\u00f3 que \u201cla Jucopo y la Comisi\u00f3n de Reforma Pol\u00edtica Electoral llevaron a cabo foros de parlamento abierto sobre la reforma electoral que costaron 20 millones. En el PRD no aprobaremos este dictamen porque pone en riesgo la imparcialidad, la equidad y la autonom\u00eda de nuestro \u00f3rgano electoral\u201d.<\/p>\n<p>A su vez, el diputado de MC Jorge \u00c1lvarez M\u00e1ynez advirti\u00f3 que en esa sesi\u00f3n \u201cse va a votar en contra de suprimir al Instituto Nacional Electoral. La conquista democr\u00e1tica de una generaci\u00f3n. Es el d\u00eda que vamos a defender la democracia y que vamos a defender la democracia para todas y para todos en este pa\u00eds. Tambi\u00e9n para ustedes.<\/p>\n<p>\u201cNo hay un partido pol\u00edtico que haya presentado m\u00e1s juicios de nulidad electoral, m\u00e1s juicios por sus procesos internos, que Morena. No hay un partido que se haya denunciado m\u00e1s por sus militantes internos que Morena. No hay un personaje que haya estado en m\u00e1s spots de televisi\u00f3n gracias a la conquista democr\u00e1tica del IFE y despu\u00e9s del INE, que el hoy Presidente de la Rep\u00fablica, L\u00f3pez Obrador\u201d, agreg\u00f3 el legislador quien dijo a los legisladores del oficialismo:<\/p>\n<p>\u201cVamos a defender la escalera con la que ustedes ascendieron al poder, vamos a defender la representatividad con la que muchas de ustedes y muchos de ustedes no solamente son diputados federales hoy, sino lo han sido en otras ocasiones. Vamos a defender la posibilidad de que este pa\u00eds tenga alternancia\u201d, a\u00f1adi\u00f3 \u00c1lvarez M\u00e1ynez, quien luego advirti\u00f3:<\/p>\n<p>\u201cNo podemos permitir que se pisotee al Congreso, no podemos permitir ni hoy ni ayer ni ma\u00f1ana, que sesionemos los d\u00edas que se dicte en Palacio Nacional para tratar los temas que quiera Palacio Nacional\u201d.<\/p>\n<p>Esto, claro, fue antes de que, en cumplimiento del acuerdo de la Jucopo, el presidente de la C\u00e1mara diera por concluida la sesi\u00f3n y citara a otra m\u00e1s, con s\u00f3lo media hora de diferencia, algo que tampoco se cumpli\u00f3, pues a las 20.30 horas todav\u00eda no empezaba.<\/p>\n<p><em><a href=\"mailto:riparcangel@hotmail.com\" target=\"_blank\" rel=\"noopener noreferrer\">riparcangel@hotmail.com<\/a><\/em><\/p>\n","protected":false},"excerpt":{"rendered":"<p><span style=\"color: #005497;\"><strong>Miguel \u00c1ngel Rivera<\/strong><\/span<\/span><\/p>\n","protected":false},"author":3,"featured_media":0,"comment_status":"open","ping_status":"open","sticky":false,"template":"","format":"standard","meta":{"_monsterinsights_skip_tracking":false,"_monsterinsights_sitenote_active":false,"_monsterinsights_sitenote_note":"","_monsterinsights_sitenote_category":0,"footnotes":""},"categories":[84119],"tags":[84120,84121,43674],"class_list":["post-568312","post","type-post","status-publish","format-standard","hentry","category-miguel-angel-rivera","tag-clase-politica","tag-miguel-angel-rivera","tag-opinion"],"_links":{"self":[{"href":"https:\/\/www.diarioimagen.net\/index.php?rest_route=\/wp\/v2\/posts\/568312","targetHints":{"allow":["GET"]}}],"collection":[{"href":"https:\/\/www.diarioimagen.net\/index.php?rest_route=\/wp\/v2\/posts"}],"about":[{"href":"https:\/\/www.diarioimagen.net\/index.php?rest_route=\/wp\/v2\/types\/post"}],"author":[{"embeddable":true,"href":"https:\/\/www.diarioimagen.net\/index.php?rest_route=\/wp\/v2\/users\/3"}],"replies":[{"embeddable":true,"href":"https:\/\/www.diarioimagen.net\/index.php?rest_route=%2Fwp%2Fv2%2Fcomments&post=568312"}],"version-history":[{"count":0,"href":"https:\/\/www.diarioimagen.net\/index.php?rest_route=\/wp\/v2\/posts\/568312\/revisions"}],"wp:attachment":[{"href":"https:\/\/www.diarioimagen.net\/index.php?rest_route=%2Fwp%2Fv2%2Fmedia&parent=568312"}],"wp:term":[{"taxonomy":"category","embeddable":true,"href":"https:\/\/www.diarioimagen.net\/index.php?rest_route=%2Fwp%2Fv2%2Fcategories&post=568312"},{"taxonomy":"post_tag","embeddable":true,"href":"https:\/\/www.diarioimagen.net\/index.php?rest_route=%2Fwp%2Fv2%2Ftags&post=568312"}],"curies":[{"name":"wp","href":"https:\/\/api.w.org\/{rel}","templated":true}]}}