{"id":568319,"date":"2022-12-07T00:12:45","date_gmt":"2022-12-07T06:12:45","guid":{"rendered":"https:\/\/www.diarioimagen.net\/?p=568319"},"modified":"2022-12-07T02:11:14","modified_gmt":"2022-12-07T08:11:14","slug":"va-por-mexico-tira-la-electoral-de-amlo-y-este-va-con-su-plan-b-contra-el-ine","status":"publish","type":"post","link":"https:\/\/www.diarioimagen.net\/?p=568319","title":{"rendered":"Va por M\u00e9xico tira la electoral de AMLO&#8230; y \u00e9ste va con su \u201cplan B\u201d contra el INE"},"content":{"rendered":"<h2>Tras la puerta del poder<\/h2>\n<h5>Roberto Vizca\u00edno<\/h5>\n<p>&nbsp;<\/p>\n<p>Todo indica que el INE no salv\u00f3 ayer su <strong>viabilidad institucional, administrativa ni financiera<\/strong> con el rechazo de la oposici\u00f3n a la reforma electoral de <strong>Andr\u00e9s Manuel L\u00f3pez Obrador<\/strong>.<\/p>\n<p>Sin esperar que las bancadas del PAN, PRI, PRD y MC desecharan esta iniciativa, el mandatario y sus aliados legislativos se aprestaron desde ayer mismo a darle curso al \u201cplan B\u201d de <strong>AMLO<\/strong>, en que, sin reforma constitucional, entrar\u00e1 a San L\u00e1zaro la iniciativa de reformas a la Ley General de Instituciones y Procedimientos Electorales y Ley General de Partidos Pol\u00edticos que s\u00f3lo requerir\u00e1n de una mayor\u00eda simple.<\/p>\n<p>Todo apunta a la modificaci\u00f3n de leyes secundarias para quitar facultades al INE y adecuar sus estructuras administrativas como lo quiere <strong>AMLO<\/strong>.<\/p>\n<p>Ello advierte la inmediata <strong>destituci\u00f3n de Edmundo Jacobo, secretario ejecutivo del Instituto Nacional Electoral,<\/strong> hasta hoy principal instrumento del poder interno de <strong>Lorenzo C\u00f3rdova<\/strong> en el Consejo General.<\/p>\n<p>En forma colateral vendr\u00e1n despidos, la modificaci\u00f3n del Servicio Profesional Electoral, la liquidaci\u00f3n de sus fideicomisos y la prohibici\u00f3n para crear otros, entre otras disposiciones.<\/p>\n<p>El \u201cplan B\u201d prev\u00e9 desaparecer \u00f3rganos centrales del INE como la Junta General Ejecutiva y la Secretar\u00eda Ejecutiva y dejar s\u00f3lo el Consejo General y la presidencia del Consejo General.<\/p>\n<p>De igual forma se crea un solo Servicio Profesional Electoral Nacional, que en la ley actual prev\u00e9 dos sistemas: Uno para el Instituto y otro para los Organismos P\u00fablicos Locales.<\/p>\n<p>Desaparece la disposici\u00f3n de que, \u201cadicionalmente\u201d, el INE podr\u00e1 tener personal adscrito para su \u00f3ptimo desempe\u00f1o.<\/p>\n<p>El \u201cplan B\u201d define que el Instituto y los llamados OPLES de los estados integrar\u00e1n el Sistema Nacional Electoral y tendr\u00e1n el mandato de organizar elecciones y consultas en su \u00e1mbito de competencia.<\/p>\n<p>Y como punto central, se establece que el INE ejercer\u00e1 sus recursos presupuestarios como lo dispone la Ley Federal de Presupuesto y Responsabilidad Hacendaria, o sea, atado a la voluntad y mandato presidencial.<\/p>\n<p>Desde esta nueva normatividad, no podr\u00e1 destinar ahorros, econom\u00edas o remanentes presupuestales a la Constituci\u00f3n u operaci\u00f3n de fideicomisos.<\/p>\n<p>Menos contratar seguros de gastos m\u00e9dicos mayores o de separaci\u00f3n individualizada o esquemas similares de contrataci\u00f3n.<\/p>\n<p>Si tuviera subejercicios, econom\u00edas ahorros o remanentes presupuestales, estos ser\u00edan reintegrados a la Tesorer\u00eda de la Federaci\u00f3n al concluir el ejercicio fiscal.<\/p>\n<p>Este nuevo INE tendr\u00eda prohibido erogar, reasignar o crear nuevos programas o proyectos con cargo a ahorros y econom\u00edas de su presupuesto que tengan por objeto evitar el reintegro de recursos.<\/p>\n<p>El Consejo General quedar\u00eda obligado a crear anualmente, al inicio del segundo trimestre del ejercicio fiscal, una comisi\u00f3n temporal de presupuesto que deber\u00e1 \u201cexplicar abierta y ampliamente\u201d la forma en que se integrar\u00e1 su anteproyecto de presupuesto, los rubros de gasto y las proyecciones de su ejercicio.<\/p>\n<p>El \u201cplan B\u201d abrogar\u00eda de inmediato el numeral 2 del art\u00edculo 30, que indica que todas las actividades del INE se regir\u00e1n por los principios de certeza, legalidad, independencia, imparcialidad, m\u00e1xima publicidad, objetividad, paridad y se realizar\u00e1n con perspectiva de g\u00e9nero.<\/p>\n<p>Y se precisa que el patrimonio del Instituto, lo integran bienes muebles e inmuebles que se destinen al cumplimiento de su objeto y las partidas que anualmente se le se\u00f1alen expresamente en el Presupuesto de Egresos de la Federaci\u00f3n \u201co las leyes en la materia\u201d, con lo que se podr\u00e1n aplicar medidas extras a las presupuestales.<\/p>\n<p>Igual, desaparece la Ley General del Sistema de Medios de Impugnaci\u00f3n en Materia Electoral, que data de 1996 y se propone una nueva legislaci\u00f3n la materia.<\/p>\n<p>Y por si hubiera duda de lo que se busca, el \u201cplan B\u201d prev\u00e9 la derogaci\u00f3n de \u201ctodas\u201d las disposiciones que se opongan al presente decreto. Nada de eso ser\u00e1 aplicable a los procesos electorales del Estado de M\u00e9xico y de Coahuila en 2023, pero s\u00ed al proceso presidencial del 2024 y las otras elecciones de ese a\u00f1o.<\/p>\n<p style=\"text-align: center;\"><strong>Ebrard pide debate de aspirantes, como Monreal<\/strong><\/p>\n<p><strong>Marcelo Ebrard<\/strong>, el otro aspirante presidencial ninguneado por <strong>AMLO<\/strong> y Morena, demand\u00f3 ayer, por segundo d\u00eda consecutivo, que su partido realice debates entre precandidatos al 2024.<\/p>\n<p>\u201cAyer lo dije yo en una entrevista, que lo que tienen de bueno los debates, suceden en todos los partidos democr\u00e1ticos; no s\u00e9 si te acuerdes el debate de Biden eran 11 y no se fractur\u00f3 nada y la que compiti\u00f3 m\u00e1s en esa ocasi\u00f3n que fue Kamala, es vicepresidenta\u201d, indic\u00f3 a medios.<\/p>\n<p>Con esta exigencia se suma a las reiteradas peticiones de <strong>Ricardo Monreal,<\/strong> quien adem\u00e1s ha insistido en la realizaci\u00f3n de \u201cinternas\u201d para elegir candidatos en lugar de encuestas que se prestan a la manipulaci\u00f3n.<\/p>\n<p><em><a href=\"mailto:rvizcainoa@gmail.com\" target=\"_blank\" rel=\"noopener noreferrer\">vizcainoa@gmail.com<\/a><a href=\"mailto:rvizcainoa@gmail.com\" target=\"_blank\" rel=\"noopener noreferrer\"><br \/>\n<\/a><a href=\"http:\/\/endirecto.mx\" target=\"_blank\" rel=\"noopener noreferrer\">www.endirecto.mx<\/a><a href=\"mailto:rvizcainoa@gmail.com\" target=\"_blank\" rel=\"noopener noreferrer\"><br \/>\n<\/a><a href=\"https:\/\/twitter.com\/_rvizcaino\" target=\"_blank\" rel=\"noopener noreferrer\">@_RVizcaino<\/a><a href=\"mailto:rvizcainoa@gmail.com\" target=\"_blank\" rel=\"noopener noreferrer\"><br \/>\n<\/a><a href=\"https:\/\/www.facebook.com\/rvizcainoa\" target=\"_blank\" rel=\"noopener noreferrer\">facebook.com\/rvizcainoa<\/a><\/em><\/p>\n","protected":false},"excerpt":{"rendered":"<p><span style=\"color: #005497;\"><strong>Roberto Vizca\u00edno<\/strong><\/span><\/p>\n","protected":false},"author":3,"featured_media":0,"comment_status":"open","ping_status":"open","sticky":false,"template":"","format":"standard","meta":{"_monsterinsights_skip_tracking":false,"_monsterinsights_sitenote_active":false,"_monsterinsights_sitenote_note":"","_monsterinsights_sitenote_category":0,"footnotes":""},"categories":[136],"tags":[43674,93,94],"class_list":["post-568319","post","type-post","status-publish","format-standard","hentry","category-roberto-vizcaino-opinion","tag-opinion","tag-roberto-vizcaino","tag-tras-la-puerta-del-poder"],"_links":{"self":[{"href":"https:\/\/www.diarioimagen.net\/index.php?rest_route=\/wp\/v2\/posts\/568319","targetHints":{"allow":["GET"]}}],"collection":[{"href":"https:\/\/www.diarioimagen.net\/index.php?rest_route=\/wp\/v2\/posts"}],"about":[{"href":"https:\/\/www.diarioimagen.net\/index.php?rest_route=\/wp\/v2\/types\/post"}],"author":[{"embeddable":true,"href":"https:\/\/www.diarioimagen.net\/index.php?rest_route=\/wp\/v2\/users\/3"}],"replies":[{"embeddable":true,"href":"https:\/\/www.diarioimagen.net\/index.php?rest_route=%2Fwp%2Fv2%2Fcomments&post=568319"}],"version-history":[{"count":0,"href":"https:\/\/www.diarioimagen.net\/index.php?rest_route=\/wp\/v2\/posts\/568319\/revisions"}],"wp:attachment":[{"href":"https:\/\/www.diarioimagen.net\/index.php?rest_route=%2Fwp%2Fv2%2Fmedia&parent=568319"}],"wp:term":[{"taxonomy":"category","embeddable":true,"href":"https:\/\/www.diarioimagen.net\/index.php?rest_route=%2Fwp%2Fv2%2Fcategories&post=568319"},{"taxonomy":"post_tag","embeddable":true,"href":"https:\/\/www.diarioimagen.net\/index.php?rest_route=%2Fwp%2Fv2%2Ftags&post=568319"}],"curies":[{"name":"wp","href":"https:\/\/api.w.org\/{rel}","templated":true}]}}