{"id":568321,"date":"2022-12-07T00:05:10","date_gmt":"2022-12-07T06:05:10","guid":{"rendered":"https:\/\/www.diarioimagen.net\/?p=568321"},"modified":"2022-12-07T02:10:01","modified_gmt":"2022-12-07T08:10:01","slug":"que-pasa-en-zacatecas","status":"publish","type":"post","link":"https:\/\/www.diarioimagen.net\/?p=568321","title":{"rendered":"\u00bfQu\u00e9 pasa en Zacatecas?"},"content":{"rendered":"<h2>Aunque pese<\/h2>\n<h5>Salvador Mart\u00ednez Garc\u00eda<\/h5>\n<p>&nbsp;<\/p>\n<p>Se dice que el detonador de la violencia en Zacatecas es el enfrentamiento entre c\u00e1rteles que se disputan las rutas de trasiego de drogas por la estrat\u00e9gica entidad hacia Estados Unidos. No hay duda de ello, aunque s\u00ed puede haber otros elementos que atizan las llamas que hoy envuelven al estado.<\/p>\n<p>En los \u00faltimos dos a\u00f1os, Zacatecas ha visto incrementar los niveles de violencia por la incesante actividad del C\u00e1rtel del Golfo, el de Sinaloa, el del Noroeste, una facci\u00f3n remanente de Los Zetas, conocida como los talibanes, y el C\u00e1rtel Jalisco Nueva Generaci\u00f3n.<\/p>\n<p>Esta entidad del centro-norte de la Rep\u00fablica da paso a San Luis Potos\u00ed, Aguascalientes, Jalisco, Nuevo Le\u00f3n, Durango, Nayarit y Colima, y cada regi\u00f3n estatal es controlada por algunos de los c\u00e1rteles mencionados que podr\u00edan ser identificados aliados u oponentes de los dos mayores, el de Sinaloa y el de Jalisco.<\/p>\n<p>Los asesinatos del general Jos\u00e9 Silvestre Urz\u00faa Padilla, coordinador de la Guardia Nacional en el estado de Zacatecas y del juez de control, Roberto El\u00edas Mart\u00ednez, sumado a la intentona de fuga de reos del penal de Cieneguillas y la quema de una veintena de veh\u00edculos y casetas de peaje en las carreteras para bloquear los caminos, hablan por s\u00ed solos de la magnitud de la crisis de seguridad que se vive en el estado.<\/p>\n<p>No puede omitirse que Zacatecas est\u00e1 gobernado por David Monreal, hermano del presidente de la Jucopo del Senado de la Rep\u00fablica, Ricardo Monreal, aspirante rebelde a la Presidencia de la Rep\u00fablica, todav\u00eda, por el partido Morena.<\/p>\n<p>Estas circunstancias hacen mal pensar a muchos que incorporan el ingrediente pol\u00edtico preelectoral que anticipadamente se vive en el pa\u00eds, como otro motivo de la cruenta lucha intestina sufrida.<\/p>\n<p>La intervenci\u00f3n de las autoridades federales es m\u00e1s necesaria una labor de conciliaci\u00f3n pol\u00edtica, porque hoy que todo est\u00e1 ba\u00f1ado por la lucha por la Presidencia, nada queda fuera de los reacomodos de grupos y grup\u00fasculos que s\u00f3lo ven para s\u00ed mismos en la lucha por el pa\u00eds.<\/p>\n<p style=\"text-align: center;\"><strong>Susurros<\/strong><\/p>\n<p>Otro estado en el que tambi\u00e9n hay que poner seria atenci\u00f3n es el de Morelos, mal gobernado o desgobernado por el ex futbolista Cuauht\u00e9moc Blanco, donde se vive una seria crisis de seguridad p\u00fablica.<\/p>\n<p>El Secretariado Ejecutivo del Sistema Nacional de Seguridad P\u00fablica (SESNSP), ubic\u00f3 a la vecina entidad de esta capital en el primer lugar nacional en secuestro, el tercer lugar en feminicidio, el cuarto en violaci\u00f3n y homicidio doloso y el quinto en robo a transportistas.<\/p>\n<p>De dejarse las cosas como van podr\u00edan verse muy pronto situaciones como las que hoy padece Zacatecas, hay que evitarlo.<\/p>\n<p><a href=\"mailto:salvadormartinez@visionmx.com\" target=\"_blank\" rel=\"noopener\"><em>salvadormartinez@visionmx.com<\/em><\/a><br \/>\n<em>Twitter: <a href=\"https:\/\/twitter.com\/salvador_mtz\" target=\"_blank\" rel=\"noopener\">@salvador_mtz<\/a><\/em><\/p>\n","protected":false},"excerpt":{"rendered":"<p><span style=\"color: #005497;\"><strong>Salvador Mart\u00ednez Garc\u00eda<\/strong><\/span><\/p>\n","protected":false},"author":3,"featured_media":0,"comment_status":"open","ping_status":"open","sticky":false,"template":"","format":"standard","meta":{"_monsterinsights_skip_tracking":false,"_monsterinsights_sitenote_active":false,"_monsterinsights_sitenote_note":"","_monsterinsights_sitenote_category":0,"footnotes":""},"categories":[96743],"tags":[96744,43674,96745],"class_list":["post-568321","post","type-post","status-publish","format-standard","hentry","category-salvador-martinez-garcia","tag-aunque-pese","tag-opinion","tag-salvador-martinez-garcia"],"_links":{"self":[{"href":"https:\/\/www.diarioimagen.net\/index.php?rest_route=\/wp\/v2\/posts\/568321","targetHints":{"allow":["GET"]}}],"collection":[{"href":"https:\/\/www.diarioimagen.net\/index.php?rest_route=\/wp\/v2\/posts"}],"about":[{"href":"https:\/\/www.diarioimagen.net\/index.php?rest_route=\/wp\/v2\/types\/post"}],"author":[{"embeddable":true,"href":"https:\/\/www.diarioimagen.net\/index.php?rest_route=\/wp\/v2\/users\/3"}],"replies":[{"embeddable":true,"href":"https:\/\/www.diarioimagen.net\/index.php?rest_route=%2Fwp%2Fv2%2Fcomments&post=568321"}],"version-history":[{"count":0,"href":"https:\/\/www.diarioimagen.net\/index.php?rest_route=\/wp\/v2\/posts\/568321\/revisions"}],"wp:attachment":[{"href":"https:\/\/www.diarioimagen.net\/index.php?rest_route=%2Fwp%2Fv2%2Fmedia&parent=568321"}],"wp:term":[{"taxonomy":"category","embeddable":true,"href":"https:\/\/www.diarioimagen.net\/index.php?rest_route=%2Fwp%2Fv2%2Fcategories&post=568321"},{"taxonomy":"post_tag","embeddable":true,"href":"https:\/\/www.diarioimagen.net\/index.php?rest_route=%2Fwp%2Fv2%2Ftags&post=568321"}],"curies":[{"name":"wp","href":"https:\/\/api.w.org\/{rel}","templated":true}]}}