{"id":568377,"date":"2022-12-08T00:01:34","date_gmt":"2022-12-08T06:01:34","guid":{"rendered":"https:\/\/www.diarioimagen.net\/?p=568377"},"modified":"2022-12-08T23:07:40","modified_gmt":"2022-12-09T05:07:40","slug":"el-tren-maya-sera-inaugurado-a-finales-de-2023-reitera-amlo","status":"publish","type":"post","link":"https:\/\/www.diarioimagen.net\/?p=568377","title":{"rendered":"El Tren Maya ser\u00e1 inaugurado\u00a0a finales de 2023, reitera AMLO"},"content":{"rendered":"<p>&nbsp;<\/p>\n<h3 style=\"text-align: center;\">Pese a obst\u00e1culos y tiempos de construcci\u00f3n<\/h3>\n<p>&nbsp;<\/p>\n<ul>\n<li><strong><em>Esta obra es orgullo de nuestra ingenier\u00eda civil y militar, destaca el Presidente<\/em><\/strong><\/li>\n<\/ul>\n<p><strong>\u00a0<\/strong><\/p>\n<div id=\"attachment_568471\" style=\"width: 470px\" class=\"wp-caption aligncenter\"><a href=\"https:\/\/www.diarioimagen.net\/?attachment_id=568471\" rel=\"attachment wp-att-568471\"><img loading=\"lazy\" decoding=\"async\" aria-describedby=\"caption-attachment-568471\" class=\"size-full wp-image-568471\" src=\"https:\/\/www.diarioimagen.net\/wp-content\/uploads\/2022\/12\/TREN01-4.jpg\" alt=\"\" width=\"460\" height=\"270\" \/><\/a><p id=\"caption-attachment-568471\" class=\"wp-caption-text\">Durante su visita a Tulum, el presidente L\u00f3pez Obrador confirm\u00f3 que el Tren maya ser\u00e1 inaugurado en diciembre de 2023.<\/p><\/div>\n<p>&nbsp;<\/p>\n<p>Pese a que la construcci\u00f3n del Tren Maya se ha visto frenada en repetidas ocasiones por diferentes amparos legales, logrados por opositores; actualmente no hay recurso que frene las obras y fue el propio presidente Andr\u00e9s Manuel L\u00f3pez Obrador, quien asegur\u00f3 que la obra ser\u00e1 inaugurada a finales de 2023.<\/p>\n<p>Durante su visita a Quintana Roo en el marco de sus supervisiones programadas, declar\u00f3 \u201caunque parezca incre\u00edble, vamos a inaugurar el a\u00f1o pr\u00f3ximo el Tren Maya. Esta obra es orgullo de nuestra ingenier\u00eda civil y militar\u201d, asegur\u00f3.<\/p>\n<p>Y destac\u00f3 que la obra estar\u00e1 lista en 2023 \u201ccon sus 1.554 kil\u00f3metros, con todas las estaciones, paraderos, con toda la infraestructura, incluido el nuevo aeropuerto internacional de Tulum. Y desde luego que ha significado la participaci\u00f3n de servidores p\u00fablicos, constructoras mexicanas y tambi\u00e9n extranjeras que est\u00e1n realizando esta magna obra\u201d, coment\u00f3.<\/p>\n<p>Cabe destacar que, L\u00f3pez Obrador public\u00f3 un video en sus redes sociales para informar de la visita que realiz\u00f3 a Tulum, Quintana Roo, con el fin de supervisar las obras en distintos tramos.<\/p>\n<p>Y en este asegur\u00f3 que \u201cAunque algunos no quieran aceptarlo o no lo sepan, se necesita conocer que una obra como esta, de mil 554 kil\u00f3metros no se est\u00e1 haciendo en la actualidad en ning\u00fan lugar del mundo\u201d.<\/p>\n<p>En su visita, L\u00f3pez Obrador estuvo acompa\u00f1ado por la gobernadora de Quintana Roo, Mara Lezama; el secretario de la Defensa Nacional, general Luis Cresencio Sandoval, as\u00ed como por el director general del Fondo Nacional de Fomento al Turismo (Fonatur), Javier May.<\/p>\n<p>Finalmente, reiter\u00f3 que la inauguraci\u00f3n del Tren Maya, que unir\u00e1 los estados de Chiapas, Tabasco, Campeche, Yucat\u00e1n y Quintana Roo, est\u00e1 programada para diciembre de 2023 y cabe destacar que no solo ser\u00e1 un tren de pasajeros sino de carga, por lo que facilitar\u00e1 el transporte de diferentes mercanc\u00edas a lo largo de la regi\u00f3n sureste.<\/p>\n","protected":false},"excerpt":{"rendered":"<p>Pese a que la construcci\u00f3n del Tren Maya se ha visto frenada en repetidas ocasiones por diferentes amparos legales, logrados por opositores; actualmente no hay recurso que frene las obras y fue el propio presidente Andr\u00e9s Manuel L\u00f3pez Obrador, quien asegur\u00f3 que la obra ser\u00e1 inaugurada a finales de 2023.<\/p>\n","protected":false},"author":3,"featured_media":568471,"comment_status":"open","ping_status":"open","sticky":false,"template":"","format":"standard","meta":{"_monsterinsights_skip_tracking":false,"_monsterinsights_sitenote_active":false,"_monsterinsights_sitenote_note":"","_monsterinsights_sitenote_category":0,"footnotes":""},"categories":[3],"tags":[2545,93213,74623,76415],"class_list":["post-568377","post","type-post","status-publish","format-standard","has-post-thumbnail","hentry","category-nacional","tag-amlo","tag-inaugurado","tag-reitera","tag-tren-maya"],"_links":{"self":[{"href":"https:\/\/www.diarioimagen.net\/index.php?rest_route=\/wp\/v2\/posts\/568377","targetHints":{"allow":["GET"]}}],"collection":[{"href":"https:\/\/www.diarioimagen.net\/index.php?rest_route=\/wp\/v2\/posts"}],"about":[{"href":"https:\/\/www.diarioimagen.net\/index.php?rest_route=\/wp\/v2\/types\/post"}],"author":[{"embeddable":true,"href":"https:\/\/www.diarioimagen.net\/index.php?rest_route=\/wp\/v2\/users\/3"}],"replies":[{"embeddable":true,"href":"https:\/\/www.diarioimagen.net\/index.php?rest_route=%2Fwp%2Fv2%2Fcomments&post=568377"}],"version-history":[{"count":0,"href":"https:\/\/www.diarioimagen.net\/index.php?rest_route=\/wp\/v2\/posts\/568377\/revisions"}],"wp:featuredmedia":[{"embeddable":true,"href":"https:\/\/www.diarioimagen.net\/index.php?rest_route=\/wp\/v2\/media\/568471"}],"wp:attachment":[{"href":"https:\/\/www.diarioimagen.net\/index.php?rest_route=%2Fwp%2Fv2%2Fmedia&parent=568377"}],"wp:term":[{"taxonomy":"category","embeddable":true,"href":"https:\/\/www.diarioimagen.net\/index.php?rest_route=%2Fwp%2Fv2%2Fcategories&post=568377"},{"taxonomy":"post_tag","embeddable":true,"href":"https:\/\/www.diarioimagen.net\/index.php?rest_route=%2Fwp%2Fv2%2Ftags&post=568377"}],"curies":[{"name":"wp","href":"https:\/\/api.w.org\/{rel}","templated":true}]}}