{"id":568390,"date":"2022-12-08T00:01:20","date_gmt":"2022-12-08T06:01:20","guid":{"rendered":"https:\/\/www.diarioimagen.net\/?p=568390"},"modified":"2022-12-08T02:22:49","modified_gmt":"2022-12-08T08:22:49","slug":"va-por-buen-camino-la-alianza-para-edomex-afirma-alejandra-del-moral-vela","status":"publish","type":"post","link":"https:\/\/www.diarioimagen.net\/?p=568390","title":{"rendered":"Va por buen camino la alianza para Edomex, afirma Alejandra Del Moral Vela"},"content":{"rendered":"<p>&nbsp;<\/p>\n<ul>\n<li><em><strong>\u201cContin\u00faan las mesas de negociaci\u00f3n\u201d<\/strong><\/em><\/li>\n<\/ul>\n<p><strong>\u00a0<\/strong><\/p>\n<h6>Arturo Baena<\/h6>\n<p>&nbsp;<\/p>\n<div id=\"attachment_568493\" style=\"width: 470px\" class=\"wp-caption aligncenter\"><a href=\"https:\/\/www.diarioimagen.net\/?attachment_id=568493\" rel=\"attachment wp-att-568493\"><img loading=\"lazy\" decoding=\"async\" aria-describedby=\"caption-attachment-568493\" class=\"size-full wp-image-568493\" src=\"https:\/\/www.diarioimagen.net\/wp-content\/uploads\/2022\/12\/van-por-buen.jpg\" alt=\"\" width=\"460\" height=\"270\" \/><\/a><p id=\"caption-attachment-568493\" class=\"wp-caption-text\">Alejandra Del Moral Vela se\u00f1al\u00f3 que los trabajos para defender a la entidad mexiquense avanzan y se consolidan, tanto en el PRI, como en la construcci\u00f3n de la alianza.<\/p><\/div>\n<p>&nbsp;<\/p>\n<p><strong>Valle de M\u00e9xico.\u2014<\/strong> La Coordinadora por la Defensa del Estado de M\u00e9xico del Partido Revolucionario Institucional (PRI), Alejandra Del Moral Vela, se\u00f1al\u00f3 que los trabajos para defender a la entidad mexiquense avanzan y se consolidan, tanto en el partido tricolor, como en la construcci\u00f3n de la alianza.<\/p>\n<p>\u201cVamos estructurandonos bien, vamos construyendo bien, sin prisa pero sin pausa y yo creo que vamos a llegar a un 2023 muy consolidados como partido y como coalici\u00f3n\u201d, asegur\u00f3. En el tema de la consolidaci\u00f3n de la coalici\u00f3n, indic\u00f3 que contin\u00faan las mesas de negociaci\u00f3n y el periodo de registro va del 14 de diciembre de 2022 al 14 de enero de 2023.<\/p>\n<p>\u201cLa coalici\u00f3n va caminando, est\u00e1n las mesas de negociaci\u00f3n ya en camino y el t\u00e9rmino jur\u00eddico legal para registrarla va del 14 de diciembre al 14 de enero, entonces estamos a buen tiempo\u201d, puntualiz\u00f3.<\/p>\n<p>Del Moral calific\u00f3 a la regi\u00f3n sur del Estado de M\u00e9xico como el alma de la entidad mexiquense, la cual tiene sus propias caracter\u00edsticas y necesidades, como son el tema de la infraestructura carretera y del campo.<\/p>\n<p>Mientras tanto, militantes del PRI de municipios como Naucalpan, Tlalnepantla, Atizap\u00e1n, Cuautitl\u00e1n Izcalli, entre otros, aseguraron que \u201c el PRI debe de ser quien encabece la alianza y \u00e9sta sea aceptada tanto por el PAN y PRD, dijeron.<\/p>\n","protected":false},"excerpt":{"rendered":"<p>La Coordinadora por la Defensa del Estado de M\u00e9xico del Partido Revolucionario Institucional (PRI), Alejandra Del Moral Vela, se\u00f1al\u00f3 que los trabajos para defender a la entidad mexiquense avanzan y se consolidan, tanto en el partido tricolor, como en la construcci\u00f3n de la alianza.<\/p>\n","protected":false},"author":3,"featured_media":568493,"comment_status":"open","ping_status":"open","sticky":false,"template":"","format":"standard","meta":{"_monsterinsights_skip_tracking":false,"_monsterinsights_sitenote_active":false,"_monsterinsights_sitenote_note":"","_monsterinsights_sitenote_category":0,"footnotes":""},"categories":[5],"tags":[2833,9453],"class_list":["post-568390","post","type-post","status-publish","format-standard","has-post-thumbnail","hentry","category-estado-de-mexico","tag-alejandra-del-moral-vela","tag-alianza"],"_links":{"self":[{"href":"https:\/\/www.diarioimagen.net\/index.php?rest_route=\/wp\/v2\/posts\/568390","targetHints":{"allow":["GET"]}}],"collection":[{"href":"https:\/\/www.diarioimagen.net\/index.php?rest_route=\/wp\/v2\/posts"}],"about":[{"href":"https:\/\/www.diarioimagen.net\/index.php?rest_route=\/wp\/v2\/types\/post"}],"author":[{"embeddable":true,"href":"https:\/\/www.diarioimagen.net\/index.php?rest_route=\/wp\/v2\/users\/3"}],"replies":[{"embeddable":true,"href":"https:\/\/www.diarioimagen.net\/index.php?rest_route=%2Fwp%2Fv2%2Fcomments&post=568390"}],"version-history":[{"count":0,"href":"https:\/\/www.diarioimagen.net\/index.php?rest_route=\/wp\/v2\/posts\/568390\/revisions"}],"wp:featuredmedia":[{"embeddable":true,"href":"https:\/\/www.diarioimagen.net\/index.php?rest_route=\/wp\/v2\/media\/568493"}],"wp:attachment":[{"href":"https:\/\/www.diarioimagen.net\/index.php?rest_route=%2Fwp%2Fv2%2Fmedia&parent=568390"}],"wp:term":[{"taxonomy":"category","embeddable":true,"href":"https:\/\/www.diarioimagen.net\/index.php?rest_route=%2Fwp%2Fv2%2Fcategories&post=568390"},{"taxonomy":"post_tag","embeddable":true,"href":"https:\/\/www.diarioimagen.net\/index.php?rest_route=%2Fwp%2Fv2%2Ftags&post=568390"}],"curies":[{"name":"wp","href":"https:\/\/api.w.org\/{rel}","templated":true}]}}