{"id":568419,"date":"2022-12-08T00:02:55","date_gmt":"2022-12-08T06:02:55","guid":{"rendered":"https:\/\/www.diarioimagen.net\/?p=568419"},"modified":"2022-12-08T00:52:31","modified_gmt":"2022-12-08T06:52:31","slug":"de-alito-para-amlo-cuando-el-poder-pierde-los-estribos-lo-epico-termina-por-ser-patetico","status":"publish","type":"post","link":"https:\/\/www.diarioimagen.net\/?p=568419","title":{"rendered":"De Alito para AMLO: \u201cCuando el poder pierde los estribos, lo \u00e9pico termina por ser pat\u00e9tico\u201d"},"content":{"rendered":"<h2>La Retaguardia<\/h2>\n<h5>Adriana Moreno Cordero<\/h5>\n<p>&nbsp;<\/p>\n<ul>\n<li><strong><em>En el Senado no habr\u00e1 \u201cfast-track\u201d, como en San L\u00e1zaro<\/em><\/strong><\/li>\n<\/ul>\n<p>&nbsp;<\/p>\n<p>\u201cCuando el poder pierde los estribos, lo \u00e9pico termina por ser pat\u00e9tico\u201d, esta frase sin duda, no tiene desperdicio alguno y es perfectamente aplicable al inquilino de Palacio Nacional y el dirigente nacional del PRI, <strong>Alejandro Moreno C\u00e1rdenas<\/strong>, en su calidad de presidente de la Comisi\u00f3n de Gobernaci\u00f3n y Poblaci\u00f3n de la C\u00e1mara baja, la retom\u00f3 en su discurso en el pleno de la C\u00e1mara de Diputados, cuando se discuti\u00f3 la controvertida reforma electoral que propuso el presidente <strong>L\u00f3pez Obrador<\/strong>.<\/p>\n<p>Entre los gritos de una molesta bancada de Morena, el diputado Moreno C\u00e1rdenas se pronunci\u00f3 por\u00a0 acabar con el presidencialismo rancio que tanto da\u00f1o le ha hecho a este pa\u00eds. Por toda respuesta, los diputados del partido oficial amenazaron con revivir el desafuero, tema en el que por cierto, Morena y sus r\u00e9moras est\u00e1n muy mal informados.<\/p>\n<p>El dirigente priista abund\u00f3 en que: \u201cLos signos de endurecimiento del gobierno dominan el escenario. Se ha hecho costumbre fustigar a la cr\u00edtica, eludiendo el debate directo y con r\u00e9plica y acaba por ser un ejercicio de descalificaci\u00f3n\u201d y se lament\u00f3 de que en esta errada y llamada Cuarta Transformaci\u00f3n, \u201cno se pueda participar, dialogar y construir en un r\u00e9gimen democr\u00e1tico\u201d.<\/p>\n<p>Ahora la pregunta es si acaso Morena emprender\u00e1 una campa\u00f1a en contra de todos y cada uno de los diputados que votaron en contra de la llevada y tra\u00edda reforma electoral, porque efectivamente y como el propio \u201cAlito\u201d lo se\u00f1al\u00f3, ahora se instauran \u201cpr\u00e1cticas de desgaste a quienes disentimos a trav\u00e9s de t\u00e1cticas legislativas que eluden el debate imponi\u00e9ndose siempre la mayor\u00eda mec\u00e1nica. No se cambia ni una coma, no se modifica ni una letra y se atiende as\u00ed a querer convertir al Poder Legislativo en una ventanilla de tr\u00e1mite\u201d.<\/p>\n<p>Explic\u00f3 el ex gobernador de Campeche que nuestra democracia est\u00e1 basada en tres pilares. El primero tiene que ver con el \u00f3rgano electoral, su naturaleza y organizaci\u00f3n. El segundo se encuentra en el sistema electoral, y, por \u00faltimo, el tercero que se relaciona con la calificaci\u00f3n de las elecciones, y que pretende el an\u00e1lisis profundo de esta reforma y remat\u00f3 haciendo hincapi\u00e9 en que, \u201cal final, construimos y nos dimos un \u00f3rgano electoral \u00fanico en su tipo a nivel mundial, del que nos enorgullecemos y de igual forma nos enorgullece como pa\u00eds\u201d.<\/p>\n<p>Luego, vino el posicionamiento de todas las fracciones parlamentarias. El morenista <strong>Juan Ramiro Robledo<\/strong>, lo \u00fanico que hizo fue lamentarse, y como si estuviera \u201cvendiendo espejitos\u201d a los ilusos, se refiri\u00f3 a las supuestas \u201cbondades\u201d de la reforma electoral lopezobradorista.<\/p>\n<p><strong>Jorge \u00c1lvarez M\u00e1ynez<\/strong>, de Movimiento Ciudadano, habl\u00f3 desde las cartulinas que portaban sus compa\u00f1eros de bancada y que dec\u00edan: \u201cMorena quiere jugar sin \u00e1rbitro\u201d, \u201cDefender al \u00e1rbitro es defender el juego\u201d y se\u00f1al\u00f3 que MC estaba defendiendo la posibilidad de que M\u00e9xico tenga alternancia y por ah\u00ed solt\u00f3 una frase de la que muchos no se percataron: \u201che visto el clima de odio que se construye contra (<strong>Ricardo<\/strong>) <strong>Monreal<\/strong>\u201d.<\/p>\n<p>Por su parte, el coordinador del PRD en la C\u00e1mara baja, <strong>Luis Espinoza Ch\u00e1zaro<\/strong>, reaviv\u00f3 el visible y ruidoso coraje de los legisladores morenistas y sus r\u00e9moras y advirti\u00f3 que \u201cel retroceso democr\u00e1tico no pasar\u00e1\u201d y ante los insultos y los pron\u00f3sticos, Espinoza Ch\u00e1zaro se\u00f1al\u00f3: \u201cAntes se acaba su movimiento (el de la 4T), que la oposici\u00f3n\u201d.<\/p>\n<p>El coordinador de la bancada del PRI, <strong>Rub\u00e9n Moreira<\/strong>, plante\u00f3 cuatro razones por las cuales su fracci\u00f3n parlamentaria votar\u00eda en contra. La primera es que en la v\u00edspera a las elecciones de 2024, no es prudente ni pertinente sacar adelante dicha reforma, \u201cporque no nos podemos meter en temas que polarizan y dividen.<\/p>\n<p>La segunda es que la propuesta lopezobradorista, se suma a una serie de acciones implementadas en esta gesti\u00f3n en contra del Pacto Federal.<\/p>\n<p>Una tercera raz\u00f3n tiene que ver con que el dictamen es omiso al narcotr\u00e1fico y como prueba est\u00e1 que de 2018 a 2022, se reportaron 717 ataques a candidatos; se asesinaron a 24 alcaldes y advirti\u00f3 que si no se hace algo al respecto, M\u00e9xico se volver\u00e1 un \u201cnarcoestado\u201d, \u201cante nuestro silencio, se perpet\u00faa el crimen y se atenta contra la democracia\u201d y urgi\u00f3 para que lo delitos del narco en contra de candidatos no prescriban.<\/p>\n<p>Por su parte, el coordinador del PAN, <strong>Jorge Romero Herrera<\/strong>, tambi\u00e9n habl\u00f3 de las verdades que se ocultan detr\u00e1s de la muerta reforma electoral lopezobradorista como aquella de que se pretend\u00eda quitarle el padr\u00f3n electoral al INE para controlarlo ellos e insisti\u00f3 que la pretensi\u00f3n de destituir consejeros electorales y magistrados, \u201caqu\u00ed y en China\u201d, es desaparecer al INE y a otros organismos aut\u00f3nomos, pero en el caso del INE, lo que pretende esta errada y llamada Cuarta Transformaci\u00f3n es cancelar cualquier posibilidad de alternancia. Al filo de las siete de la noche, el tablero del sal\u00f3n de sesiones se prendi\u00f3 para dejarles claro a los del partido oficial y a sus r\u00e9moras que no alcanzaron la ansiada mayor\u00eda calificada por 269 votos a favor, 225 votos en contra y una abstenci\u00f3n.<\/p>\n<p><strong>Santiago Creel<\/strong>, como presidente de la Mesa Directiva, sentenci\u00f3: \u201cEn virtud de no alcanzarse la mayor\u00eda calificada se desecha el proyecto de decreto\u201d. Los gritos de \u201cel INE no se toca\u201d retumbaron en el sal\u00f3n, mientras Morena y r\u00e9moras guardaron silencio por consigna.<\/p>\n<p>Luego, sigui\u00f3 la imposici\u00f3n del famoso \u201cplan B\u201d que ni siquiera hab\u00edan le\u00eddo las fracciones de Morena y sus r\u00e9moras y que apenas unas horas antes, hab\u00eda presentado el secretario de Gobernaci\u00f3n, <strong>Ad\u00e1n Augusto L\u00f3pez Hern\u00e1ndez,<\/strong> en el Palacio Legislativo de San L\u00e1zaro.<\/p>\n<p style=\"text-align: center;\"><strong>Municiones<\/strong><\/p>\n<p>*** Como balde de agua helada le habr\u00e1 ca\u00eddo al presidente L\u00f3pez Obrador qu <strong>Ricardo Monreal \u00c1vila<\/strong>, coordinador de Morena, afirmara que en el Senado se analizar\u00e1 con responsabilidad y mucho cuidado la minuta que en materia electoral env\u00ede la C\u00e1mara de Diputados y que no se le dispensar\u00e1n ni abreviar\u00e1n los tr\u00e1mites legislativos. O sea, los senadores no se ir\u00e1n v\u00eda \u201cfast-track\u201d en el tema, como lo hicieron los diputados morenistas y sus r\u00e9moras. \u00c9sta, sin duda, ser\u00e1 una prueba de fuego para el tambi\u00e9n presidente de la Junta de Coordinaci\u00f3n Pol\u00edtica, pues se ver\u00e1 el peso pol\u00edtico que tiene en la C\u00e1mara alta. No hay que olvidar el n\u00famero de senadores que recientemente lo respaldaron. Dijo el legislador zacatecano que no puede adelantar el sentido de su voto en el tema de las reformas secundarias de la reforma electoral y esto puede interpretarse de que sabe que tiene \u201cel sart\u00e9n por el mango\u201d ante el inquilino de Palacio Nacional, que por cierto, no se toma la molestia de considerarlo ni siquiera como un \u201cpariente lejano\u201d en la carrera presidencial de 2024.<\/p>\n<p><u><a href=\"mailto:morcora@gmail.com\" target=\"_blank\" rel=\"noopener noreferrer\"><em>morcora@gmail.com<\/em><\/a><\/u><\/p>\n","protected":false},"excerpt":{"rendered":"<p><span style=\"color: #005497;\"><strong>Adriana Moreno Cordero<\/strong><\/span><\/p>\n","protected":false},"author":3,"featured_media":0,"comment_status":"open","ping_status":"open","sticky":false,"template":"","format":"standard","meta":{"_monsterinsights_skip_tracking":false,"_monsterinsights_sitenote_active":false,"_monsterinsights_sitenote_note":"","_monsterinsights_sitenote_category":0,"footnotes":""},"categories":[69370],"tags":[69369,69368,43674],"class_list":["post-568419","post","type-post","status-publish","format-standard","hentry","category-adriana-moreno-cordero","tag-adriana-moreno-cordero","tag-la-retaguardia","tag-opinion"],"_links":{"self":[{"href":"https:\/\/www.diarioimagen.net\/index.php?rest_route=\/wp\/v2\/posts\/568419","targetHints":{"allow":["GET"]}}],"collection":[{"href":"https:\/\/www.diarioimagen.net\/index.php?rest_route=\/wp\/v2\/posts"}],"about":[{"href":"https:\/\/www.diarioimagen.net\/index.php?rest_route=\/wp\/v2\/types\/post"}],"author":[{"embeddable":true,"href":"https:\/\/www.diarioimagen.net\/index.php?rest_route=\/wp\/v2\/users\/3"}],"replies":[{"embeddable":true,"href":"https:\/\/www.diarioimagen.net\/index.php?rest_route=%2Fwp%2Fv2%2Fcomments&post=568419"}],"version-history":[{"count":0,"href":"https:\/\/www.diarioimagen.net\/index.php?rest_route=\/wp\/v2\/posts\/568419\/revisions"}],"wp:attachment":[{"href":"https:\/\/www.diarioimagen.net\/index.php?rest_route=%2Fwp%2Fv2%2Fmedia&parent=568419"}],"wp:term":[{"taxonomy":"category","embeddable":true,"href":"https:\/\/www.diarioimagen.net\/index.php?rest_route=%2Fwp%2Fv2%2Fcategories&post=568419"},{"taxonomy":"post_tag","embeddable":true,"href":"https:\/\/www.diarioimagen.net\/index.php?rest_route=%2Fwp%2Fv2%2Ftags&post=568419"}],"curies":[{"name":"wp","href":"https:\/\/api.w.org\/{rel}","templated":true}]}}