{"id":568420,"date":"2022-12-08T00:01:05","date_gmt":"2022-12-08T06:01:05","guid":{"rendered":"https:\/\/www.diarioimagen.net\/?p=568420"},"modified":"2022-12-08T00:53:34","modified_gmt":"2022-12-08T06:53:34","slug":"esquizofrenia-presidencial","status":"publish","type":"post","link":"https:\/\/www.diarioimagen.net\/?p=568420","title":{"rendered":"Esquizofrenia presidencial"},"content":{"rendered":"<h2>De pe a pa<\/h2>\n<h5>Alberto Vieyra G.<\/h5>\n<p>&nbsp;<\/p>\n<p>M\u00e9xico es v\u00edctima de la esquizofrenia presidencial. Ning\u00fan Presidente de la Rep\u00fablica en la historia del presidencialismo hab\u00eda sido tan irrespetuoso y poco \u00e9tico en materia de ciencia pol\u00edtica, lo que ha dado como resultado un M\u00e9xico dividido y enfrentado como en tiempos del llamado <em>quince u\u00f1as,<\/em> Antonio L\u00f3pez de Santa Anna P\u00e9rez de Lebr\u00f3n.<\/p>\n<p>El peor error garrafal en materia pol\u00edtica de AMLO es esa infame divisi\u00f3n y encono del Presidente contra todos quienes no piensen igual que \u00e9l, siguiendo al pie de la letra el principio del emperador romano Julio C\u00e9sar de \u201cdivide y vencer\u00e1s\u201d.<\/p>\n<p>AMLO quiere vencer por las buenas o por las malas. Para ello, utiliza todo el poder del Estado mexicano, a trav\u00e9s de los medios de comunicaci\u00f3n concesionados al gobierno, a trav\u00e9s de los cuales en su soliloquio ma\u00f1anero destila diariamente su ponzo\u00f1osa esquizofrenia. En las ma\u00f1aneras enjuicia, lincha, difama, agrede con calificativos repugnantes y a nadie le concede el derecho de r\u00e9plica, como lo mandata la constituci\u00f3n.<\/p>\n<p>Pero, no es raro que AMLO viole la constituci\u00f3n y las leyes que de ella emanan, \u00e9l es la ley y por eso dice que \u201cno me salgan con que la ley es la ley\u201d. En el caso de las ma\u00f1aneras, viola desde hace 4 a\u00f1os el art\u00edculo 5 de la Ley Federal de Radio y Televisi\u00f3n que consagra lo siguiente:<\/p>\n<p>\u201cLa radio y televisi\u00f3n tiene la funci\u00f3n social de contribuir al fortalecimiento de la integraci\u00f3n nacional y mejoramiento de las formas de convivencia humana\u201d. AMLO hace todo lo contrario y su comportamiento es digno de estudio de la psiquiatr\u00eda.<\/p>\n<p>Pero, \u00bfqu\u00e9 es la esquizofrenia?<\/p>\n<p>El <em>tumbaburros<\/em> la define como un trastorno que afecta la capacidad de una persona para pensar, sentir y comportarse de manera l\u00facida.<\/p>\n<p>Para los estudiosos del car\u00e1cter, AMLO es un Presidente que sufre de un grave trastorno llamado neurosis que lo hace comportarse con insano juicio porque el poder lo transforma en un esquizofr\u00e9nico que no mide las consecuencias de lo que dice o hace.<\/p>\n<p>Esta semana, el INE le dio un manotazo hist\u00f3rico a la \u201ccorcholata\u201d de la predilecci\u00f3n de AMLO, Claudia Sheinbaum, para que retire su propaganda electoral en bardas, panor\u00e1micos y en algunos medios de comunicaci\u00f3n a nivel nacional, pues la ley que fue reformada a petici\u00f3n de AMLO despu\u00e9s de 2006, impide a los funcionarios p\u00fablicos utilizar recursos del Estado mexicano para su promoci\u00f3n. La prohibici\u00f3n enardeci\u00f3 a la se\u00f1ora Sheinbaum y a su mentor de Palacio Nacional, quien se desgrano despotricando de punta a punta contra el INE:<\/p>\n<p>\u201cPues que \u2018el INE no se toca\u2019, dicen los conservadores. Es una superestructura de poder, desde luego de facto, de hecho, porque de manera evidente, notoria, p\u00fablica, est\u00e1n violando el art\u00edculo sexto y s\u00e9ptimo de la Constituci\u00f3n General de la Rep\u00fablica, pero, como \u2018no se toca\u2019, son los intocables de la mafia del poder, los protegen, hasta hacen marchas los conservadores para proteger ese tipo de violaciones flagrantes a la Constituci\u00f3n\u2026\u201d \u201cEl art\u00edculo sexto hab\u00eda sido intocable hasta que lleg\u00f3 el m\u00e1s \u2018intocable\u2019 de todos y ahora quieren que se aplique aquello de que no se puede tocar al intocable\u201d. \u201cPorque tiene que ver con los medios. Y da verg\u00fcenza que sean los medios de informaci\u00f3n al servicio de los conservadores los que apoyen esta decisi\u00f3n del INE, que es contraria a la libertad de expresi\u00f3n, de manifestaci\u00f3n\u201d.\u00a0 Y record\u00f3 luchas hist\u00f3ricas (desde el siglo XIX) por una \u201clibertad de expresi\u00f3n\u201d que nadie le ha conculcado a Sheinbaum ni a nadie m\u00e1s&#8230;\u201d<\/p>\n<p>Gabino Barrera de Palacio Nacional confunde la libertad de expresi\u00f3n con la prohibici\u00f3n de gastar los dineros p\u00fablicos en promoci\u00f3n de campa\u00f1as electorales anticipadas de los funcionarios p\u00fablicos, es decir un proceso electoral que ya comenz\u00f3.<\/p>\n<p><em><a href=\"mailto:info@agenciamn.com\" target=\"_blank\" rel=\"noopener noreferrer\">info@agenciamn.com<\/a><\/em><\/p>\n","protected":false},"excerpt":{"rendered":"<p><span style=\"color: #005497;\"><strong>Alberto Vieyra G.<\/strong><\/span><\/p>\n","protected":false},"author":3,"featured_media":0,"comment_status":"open","ping_status":"open","sticky":false,"template":"","format":"standard","meta":{"_monsterinsights_skip_tracking":false,"_monsterinsights_sitenote_active":false,"_monsterinsights_sitenote_note":"","_monsterinsights_sitenote_category":0,"footnotes":""},"categories":[4596],"tags":[43697,4597,43674],"class_list":["post-568420","post","type-post","status-publish","format-standard","hentry","category-alberto-vieyra-g","tag-alberto-vieyra-g","tag-de-pe-a-pa","tag-opinion"],"_links":{"self":[{"href":"https:\/\/www.diarioimagen.net\/index.php?rest_route=\/wp\/v2\/posts\/568420","targetHints":{"allow":["GET"]}}],"collection":[{"href":"https:\/\/www.diarioimagen.net\/index.php?rest_route=\/wp\/v2\/posts"}],"about":[{"href":"https:\/\/www.diarioimagen.net\/index.php?rest_route=\/wp\/v2\/types\/post"}],"author":[{"embeddable":true,"href":"https:\/\/www.diarioimagen.net\/index.php?rest_route=\/wp\/v2\/users\/3"}],"replies":[{"embeddable":true,"href":"https:\/\/www.diarioimagen.net\/index.php?rest_route=%2Fwp%2Fv2%2Fcomments&post=568420"}],"version-history":[{"count":0,"href":"https:\/\/www.diarioimagen.net\/index.php?rest_route=\/wp\/v2\/posts\/568420\/revisions"}],"wp:attachment":[{"href":"https:\/\/www.diarioimagen.net\/index.php?rest_route=%2Fwp%2Fv2%2Fmedia&parent=568420"}],"wp:term":[{"taxonomy":"category","embeddable":true,"href":"https:\/\/www.diarioimagen.net\/index.php?rest_route=%2Fwp%2Fv2%2Fcategories&post=568420"},{"taxonomy":"post_tag","embeddable":true,"href":"https:\/\/www.diarioimagen.net\/index.php?rest_route=%2Fwp%2Fv2%2Ftags&post=568420"}],"curies":[{"name":"wp","href":"https:\/\/api.w.org\/{rel}","templated":true}]}}