{"id":568433,"date":"2022-12-22T00:08:03","date_gmt":"2022-12-22T06:08:03","guid":{"rendered":"https:\/\/www.diarioimagen.net\/?p=568433"},"modified":"2022-12-22T01:20:59","modified_gmt":"2022-12-22T07:20:59","slug":"piso-parejo-a-corcholatas","status":"publish","type":"post","link":"https:\/\/www.diarioimagen.net\/?p=568433","title":{"rendered":"Piso parejo a \u201ccorcholatas\u201d"},"content":{"rendered":"<h2>Punto por punto<\/h2>\n<h5>Augusto Corro<\/h5>\n<p>&nbsp;<\/p>\n<p>El presidente Andr\u00e9s Manuel L\u00f3pez Obrador apoy\u00f3 que se efect\u00fae un debate entre los aspirantes de Morena a la presidencia de la Rep\u00fablica.<\/p>\n<p>A\u00f1adi\u00f3 que deben tener cuidado de no ser acusados de actos anticipados de campa\u00f1a.<\/p>\n<p>Sin duda, la decisi\u00f3n de las \u201ccorcholatas\u201d de debatir se traducir\u00eda en un buen ejemplo de discusi\u00f3n pol\u00edtica. Se conocer\u00edan los proyectos que los precandidatos en busca de la silla presidencial.<\/p>\n<p>Esos planes ser\u00e1n muy parecidos porque tendr\u00e1n como eje central el pensamiento que nutre la Cuarta Transformaci\u00f3n (4T).<\/p>\n<p>En Morena, los se\u00f1alados como aspirantes a la contienda electoral de 2024, son: Claudia Sheinbaum, jefa de Gobierno de la CDMX; Marcelo Ebrard, secretario de Relaciones Exteriores; el senador Ricardo Monreal; y Ad\u00e1n L\u00f3pez, titular de Gobernaci\u00f3n.<\/p>\n<p>A los citados contendientes pol\u00edticos, el debate tambi\u00e9n los ayudar\u00e1 a que los conozca el electorado de todo el pa\u00eds.\u00a0 Cabe se\u00f1alar que las cuatro corcholatas citadas est\u00e1n de acuerdo en debatir.<\/p>\n<p style=\"text-align: center;\"><strong>Grave error<\/strong><\/p>\n<p>El gobernador de Nuevo Le\u00f3n, Samuel Garc\u00eda Sep\u00falveda, m\u00e1s tard\u00f3 en autodestaparse como aspirante presidencial, que en recibir un alud de cr\u00edticas por sus pretensiones.<\/p>\n<p>Fue uno de los asesores del mandatario nuevoleon\u00e9s, Fernando Elizondo Barrag\u00e1n, ex gobernador de la citada entidad, quien asumi\u00f3 la iniciativa de rechazo a la postura de Garc\u00eda Sep\u00falveda.<\/p>\n<p>Pues consider\u00f3 que se trata de \u201cun grave error que traer\u00e1 muchas consecuencias negativas\u201d.<\/p>\n<p>Agreg\u00f3: \u201cLo mismo pienso de la decisi\u00f3n de este partido (Movimiento Ciudadano) de participar sin alianzas en las elecciones de 2023 y 2024\u201d. Dijo que las decisiones citadas van en direcci\u00f3n opuesta y renunci\u00f3 a ser miembro del consejo asesor del gobernador.<\/p>\n<p>\u201cHe declinado la calidad de mentor del mismo y he pedido no ser incluido en nada que tenga que ver con estos proyectos pol\u00edticos\u201d, concluy\u00f3. El l\u00edder de Movimiento Ciudadano, Dante Delgado, declar\u00f3 que su partido no se sumar\u00eda a ninguna organizaci\u00f3n pol\u00edtica en las elecciones que est\u00e1n en puerta (Coahuila y Edomex), y la contienda presidencial.<\/p>\n<p style=\"text-align: center;\"><strong>\u201cUna tradici\u00f3n?<\/strong><\/p>\n<p>Ya parece una tradici\u00f3n que los gobernadores practiquen la corrupci\u00f3n y los acompa\u00f1en sus funcionarios en la ejecuci\u00f3n de delitos, como el saqueo de los recursos p\u00fablicos.<\/p>\n<p>Nos referimos a los casos de Hidalgo y Durango, en los que los ex mandatarios podr\u00edan ser llamados por las autoridades correspondientes a rendir cuentas.\u00a0 En la primera entidad, Contralor\u00eda detect\u00f3 auditor\u00edas irregulares en el gobierno de Omar Fayad Meneses.<\/p>\n<p>En el presente, el ex gobernador de Durango, Jos\u00e9 Rosas Aispuro, tambi\u00e9n ser\u00eda investigado por supuesta corrupci\u00f3n durante su mandato.\u00a0 Tres excolaboradores del exmandatario se encuentran detenidos acusados del saqueo de recursos p\u00fablicos.<\/p>\n<p style=\"text-align: center;\"><strong>Esfuerzo sin resultados<\/strong><\/p>\n<p>La gobernadora de Campeche, Layda Sansores, revel\u00f3 en el \u201cMartes del jaguar\u201d, un chat de WhatsApp entre Marko Cort\u00e9s, Alejandro Moreno y Jes\u00fas Zambrano, en el que hablaban sobre reuniones con Lorenzo C\u00f3rdova, el titular del Instituto Nacional Electoral (INE).<\/p>\n<p>La informaci\u00f3n, muy superficial, se suma a las grabaciones ilegales que da a conocer cada ocho d\u00edas, en las que expone pl\u00e1ticas de pol\u00edticos, supuestamente ilegales.<\/p>\n<p>Las llamadas telef\u00f3nicas citadas tuvieron como personaje central al l\u00edder del PRI, Alejandro \u201cAlito\u201d, paisano de la mandataria Layda Sansores.\u00a0 Lo que se supon\u00eda que iba a ser una bomba pol\u00edtica, termin\u00f3 en la pura amenaza.<\/p>\n<p>\u201cAlito\u201d continu\u00f3 con sus actividades pol\u00edticas y hasta particip\u00f3 entre los legisladores que votaron contra la reforma electoral de L\u00f3pez Obrador.<\/p>\n<p>La gobernadora Layda Sansores exhibi\u00f3 los chats de los tres l\u00edderes opositores, Marko Cort\u00e9s, PAN; Alejandro \u201cAlito\u201d Moreno, PRI; y Jes\u00fas Zambrano, PRD.<\/p>\n<p>En fin, queda claro que las grabaciones ilegales ofrecidas por la mandataria campechana no surten el efecto deseado.<\/p>\n<p><em><a href=\"mailto:aco2742@hotmail.com\" target=\"_blank\" rel=\"noopener noreferrer\">aco2742@hotmail.com<\/a><\/em><\/p>\n","protected":false},"excerpt":{"rendered":"<p><span style=\"color: #005497;\"><strong>Augusto Corro<\/strong><\/span><\/p>\n","protected":false},"author":3,"featured_media":0,"comment_status":"open","ping_status":"open","sticky":false,"template":"","format":"standard","meta":{"_monsterinsights_skip_tracking":false,"_monsterinsights_sitenote_active":false,"_monsterinsights_sitenote_note":"","_monsterinsights_sitenote_category":0,"footnotes":""},"categories":[157],"tags":[43686,43674,11515],"class_list":["post-568433","post","type-post","status-publish","format-standard","hentry","category-augusto-corro","tag-augusto-corro","tag-opinion","tag-punto-por-punto"],"_links":{"self":[{"href":"https:\/\/www.diarioimagen.net\/index.php?rest_route=\/wp\/v2\/posts\/568433","targetHints":{"allow":["GET"]}}],"collection":[{"href":"https:\/\/www.diarioimagen.net\/index.php?rest_route=\/wp\/v2\/posts"}],"about":[{"href":"https:\/\/www.diarioimagen.net\/index.php?rest_route=\/wp\/v2\/types\/post"}],"author":[{"embeddable":true,"href":"https:\/\/www.diarioimagen.net\/index.php?rest_route=\/wp\/v2\/users\/3"}],"replies":[{"embeddable":true,"href":"https:\/\/www.diarioimagen.net\/index.php?rest_route=%2Fwp%2Fv2%2Fcomments&post=568433"}],"version-history":[{"count":0,"href":"https:\/\/www.diarioimagen.net\/index.php?rest_route=\/wp\/v2\/posts\/568433\/revisions"}],"wp:attachment":[{"href":"https:\/\/www.diarioimagen.net\/index.php?rest_route=%2Fwp%2Fv2%2Fmedia&parent=568433"}],"wp:term":[{"taxonomy":"category","embeddable":true,"href":"https:\/\/www.diarioimagen.net\/index.php?rest_route=%2Fwp%2Fv2%2Fcategories&post=568433"},{"taxonomy":"post_tag","embeddable":true,"href":"https:\/\/www.diarioimagen.net\/index.php?rest_route=%2Fwp%2Fv2%2Ftags&post=568433"}],"curies":[{"name":"wp","href":"https:\/\/api.w.org\/{rel}","templated":true}]}}