{"id":568440,"date":"2022-12-21T00:10:18","date_gmt":"2022-12-21T06:10:18","guid":{"rendered":"https:\/\/www.diarioimagen.net\/?p=568440"},"modified":"2022-12-21T01:20:08","modified_gmt":"2022-12-21T07:20:08","slug":"sucesion-presidencial-similar-a-la-de-1988","status":"publish","type":"post","link":"https:\/\/www.diarioimagen.net\/?p=568440","title":{"rendered":"Sucesi\u00f3n presidencial, similar a la de 1988"},"content":{"rendered":"<h2>De frente y de perfil<\/h2>\n<h5>Ram\u00f3n Zurita Sahag\u00fan<\/h5>\n<p>&nbsp;<\/p>\n<p>La sucesi\u00f3n presidencial actual se parece cada vez m\u00e1s a la de 1988, con un esquema de Morena similar al del PRI de entonces.<\/p>\n<p>En aquel entonces, los priistas decidieron ventilar, por vez primera los nombres de los aspirantes presidenciales, restringiendo el n\u00famero a seis prospectos.<\/p>\n<p>Ram\u00f3n Aguirre, jefe del DDF; Manuel Bartlett, secretario de Gobernaci\u00f3n; Sergio Garc\u00eda Ram\u00edrez, procurador de la Rep\u00fablica; Miguel Gonz\u00e1lez Avelar, secretario de Educaci\u00f3n P\u00fablica: Alfredo Del Mazo, secretario de Energ\u00eda y Carlos Salinas de Gortari, secretario de Programaci\u00f3n y Presupuesto, fueron los elegidos por el alto mando tricolor que encabezaba el entonces Ejecutivo federal, Miguel de la Madrid Hurtado.<\/p>\n<p>Se convino en hacer sendas presentaciones de cada uno de los prospectos ante los sectores y dirigencias estatales y por los principales cuadros de militancia, incluidos diputados y senadores.<\/p>\n<p>Las exposiciones se har\u00edan en el mismo sitio y tendr\u00edan la misma duraci\u00f3n, aunque cada uno de ellos se presentar\u00eda en exclusiva.<\/p>\n<p>Al mismo tiempo, el dirigente nacional del partido tricolor, Jorge de la Vega Dom\u00ednguez, realizar\u00eda un amplio recorrido por territorio nacional, para conocer el sentir de la militancia y dirigencias estatales sobre cada uno de los distinguidos priistas seleccionados.<\/p>\n<p>Despu\u00e9s de esos pasos, se levantar\u00edan encuestas y se deliberar\u00eda para saber qui\u00e9n de los seis seleccionados ser\u00eda el elegido, aunque todo mundo sab\u00eda que el candidato ser\u00eda seleccionado por el Presidente de la Rep\u00fablica, como se acostumbraba en la boyante \u00e9poca priista.<\/p>\n<p>La restringida lista no consider\u00f3 a elementos ajenos a los mencionados por el Ejecutivo federal, lo que caus\u00f3 molestia en varios de sus militantes, especialmente en uno de ellos, el que aportaba un apellido sagrado para los priistas y que estaba por dejar el gobierno de Michoac\u00e1n: Cuauht\u00e9moc C\u00e1rdenas.<\/p>\n<p>El hijo del general L\u00e1zaro C\u00e1rdenas, el expropiador del petr\u00f3leo, quer\u00eda entrar en la contienda interna y no lo dejaron. Detr\u00e1s de \u00e9l se formaron personajes como Augusto G\u00f3mez Villanueva, Gonzalo Mart\u00ednez Corbal\u00e1, Ifigenia Mart\u00ednez, Rodolfo Gonz\u00e1lez Guevara y Porfirio Mu\u00f1oz Ledo, entre otros.<\/p>\n<p>Mu\u00f1oz Ledo y los otros crearon un movimiento que ante el r\u00e1pido crecimiento motiv\u00f3 que fuesen amenazados con ser expulsados del partido, por lo que varios de ellos se alinearon y otros siguieron con la rebeld\u00eda, hasta convertir a Cuauht\u00e9moc en un candidato con impacto entre la ciudadan\u00eda y atrajo el respaldo de una serie de partidos peque\u00f1os que se convirtieron en el Frente Democr\u00e1tico Nacional y dieron la pelea en los comicios de 1988, los que fueron considerados como fraudulentos.<\/p>\n<p>De ah\u00ed, abrev\u00f3 Andr\u00e9s Manuel L\u00f3pez Obrador, ya que en ese mismo a\u00f1o se convirti\u00f3 en candidato del FDN al gobierno de Tabasco.\u00a0 Ese esquema partidista, con una disciplina f\u00e9rrea, estuvo a punto de hacer naufragar la candidatura de Carlos Salinas de Gortari, el alfil seleccionado por Miguel de la Madrid.<\/p>\n<p>Y aunque sobrevivi\u00f3 una sola elecci\u00f3n, ahora es imitado por el Presidente L\u00f3pez Obrador.<\/p>\n<p>Como en 1988, el Ejecutivo federal seleccion\u00f3 sus fichas con mucha antelaci\u00f3n, las muestra y les permite que se promuevan, ya que ser\u00e1n una serie de encuestas las que definan el nombre. Ahora, hasta permitir\u00e1n a los prospectos debatir entre ellos, aunque finalmente ser\u00e1 el mismo Presidente de la Rep\u00fablica el que escoja su \u201ccorcholata\u201d, la que est\u00e1 a la vista de todos.<\/p>\n<p style=\"text-align: center;\"><strong>*****<\/strong><\/p>\n<p>Activo se encuentra Enrique de la Madrid en busca de los apoyos necesarios para convertirse en candidato presidencial del PRI. De la Madrid busca el consejo de los priistas hist\u00f3ricos que todav\u00eda quedan, como es el caso de Manlio Fabio Beltrones, con quien comi\u00f3 el pasado lunes. D\u00f3nde m\u00e1s, pues en Polanco\u2026 El Presidente de Per\u00fa, Pedro Catillo,\u00a0 decidi\u00f3 disolver el Legislativo y declarar un Estado de excepci\u00f3n. Uf, parece que est\u00e1 dando ideas\u2026 Fracas\u00f3 el \u201cplan A\u201d de la Reforma Electoral y se opt\u00f3 por presentar el \u201cB\u201d, sin reforma constitucional y se salieron con la suya en la C\u00e1mara de Diputados, falta ver qu\u00e9 pasa en el Senado.<\/p>\n<p><a href=\"mailto:ramonzurita44@hotmail.com\" target=\"_blank\" rel=\"noopener noreferrer\"><em>ramonzurita44@hotmail.com<\/em><\/a><\/p>\n","protected":false},"excerpt":{"rendered":"<p><span style=\"color: #005497;\"><strong>Ram\u00f3n Zurita Sahag\u00fan<\/strong><\/span><\/p>\n","protected":false},"author":3,"featured_media":0,"comment_status":"open","ping_status":"open","sticky":false,"template":"","format":"standard","meta":{"_monsterinsights_skip_tracking":false,"_monsterinsights_sitenote_active":false,"_monsterinsights_sitenote_note":"","_monsterinsights_sitenote_category":0,"footnotes":""},"categories":[234],"tags":[304,43674,43687],"class_list":["post-568440","post","type-post","status-publish","format-standard","hentry","category-ramon-zurita-sahagun","tag-de-frente-y-de-perfil","tag-opinion","tag-ramon-zurita-sahagun"],"_links":{"self":[{"href":"https:\/\/www.diarioimagen.net\/index.php?rest_route=\/wp\/v2\/posts\/568440","targetHints":{"allow":["GET"]}}],"collection":[{"href":"https:\/\/www.diarioimagen.net\/index.php?rest_route=\/wp\/v2\/posts"}],"about":[{"href":"https:\/\/www.diarioimagen.net\/index.php?rest_route=\/wp\/v2\/types\/post"}],"author":[{"embeddable":true,"href":"https:\/\/www.diarioimagen.net\/index.php?rest_route=\/wp\/v2\/users\/3"}],"replies":[{"embeddable":true,"href":"https:\/\/www.diarioimagen.net\/index.php?rest_route=%2Fwp%2Fv2%2Fcomments&post=568440"}],"version-history":[{"count":0,"href":"https:\/\/www.diarioimagen.net\/index.php?rest_route=\/wp\/v2\/posts\/568440\/revisions"}],"wp:attachment":[{"href":"https:\/\/www.diarioimagen.net\/index.php?rest_route=%2Fwp%2Fv2%2Fmedia&parent=568440"}],"wp:term":[{"taxonomy":"category","embeddable":true,"href":"https:\/\/www.diarioimagen.net\/index.php?rest_route=%2Fwp%2Fv2%2Fcategories&post=568440"},{"taxonomy":"post_tag","embeddable":true,"href":"https:\/\/www.diarioimagen.net\/index.php?rest_route=%2Fwp%2Fv2%2Ftags&post=568440"}],"curies":[{"name":"wp","href":"https:\/\/api.w.org\/{rel}","templated":true}]}}