{"id":568510,"date":"2022-12-09T00:05:27","date_gmt":"2022-12-09T06:05:27","guid":{"rendered":"https:\/\/www.diarioimagen.net\/?p=568510"},"modified":"2022-12-11T22:39:45","modified_gmt":"2022-12-12T04:39:45","slug":"presentan-en-la-uaemex-el-libro-la-grandeza-de-mexico","status":"publish","type":"post","link":"https:\/\/www.diarioimagen.net\/?p=568510","title":{"rendered":"Presentan en la UAEM\u00e9x\u00a0 el libro <em>La grandeza de M\u00e9xico<\/em>"},"content":{"rendered":"<p><em>\u00a0<\/em><\/p>\n<ul>\n<li><strong><em>El rector Carlos Eduardo Barrera D\u00edaz encabez\u00f3 la presentaci\u00f3n de la obra y refiri\u00f3 que es un mosaico de m\u00e1s de mil 500 im\u00e1genes hist\u00f3ricas que dan identidad a los mexicanos<\/em><\/strong><\/li>\n<\/ul>\n<p><strong>\u00a0<\/strong><\/p>\n<div id=\"attachment_568587\" style=\"width: 470px\" class=\"wp-caption aligncenter\"><a href=\"https:\/\/www.diarioimagen.net\/?attachment_id=568587\" rel=\"attachment wp-att-568587\"><img loading=\"lazy\" decoding=\"async\" aria-describedby=\"caption-attachment-568587\" class=\"size-full wp-image-568587\" src=\"https:\/\/www.diarioimagen.net\/wp-content\/uploads\/2022\/12\/uaem-libro.jpg\" alt=\"\" width=\"460\" height=\"270\" \/><\/a><p id=\"caption-attachment-568587\" class=\"wp-caption-text\">Es un esfuerzo editorial entre el INAH, el Fondo Editorial del Estado de M\u00e9xico y la UAEM\u00e9x.<\/p><\/div>\n<p>&nbsp;<\/p>\n<p><strong>Toluca, Estado de M\u00e9xico.\u2014<\/strong> El sentido de pertenencia que construye un recorrido visual hist\u00f3rico de piezas que representan la riqueza cultural del pa\u00eds es parte del contenido de <em>La grandeza de M\u00e9xico<\/em>, libro que fue presentado en el Edificio de Rector\u00eda de la Universidad Aut\u00f3noma del Estado de M\u00e9xico (UAEM\u00e9x), acto que presidi\u00f3 el rector Carlos Eduardo Barrera D\u00edaz.<\/p>\n<p>En la Sala de Consejo Universitario \u201cLic. Benito Ju\u00e1rez Garc\u00eda\u201d, el rector de la Aut\u00f3noma mexiquense destac\u00f3 la relevancia de la obra por reunir manifestaciones culturales nacionales de todas las \u00e9pocas, ofreciendo un mosaico conformado por\u00a0 mil 525 piezas u objetos provenientes de diversos recintos del Instituto Nacional de Antropolog\u00eda e Historia (INAH), del patrimonio resguardado de 25 entidades de M\u00e9xico y en otros pa\u00edses, as\u00ed como piezas recientemente recuperadas de naciones como Alemania , Cuba, Estados Unidos, Francia, Italia, Pa\u00edses Bajos y Reino Unido.<\/p>\n<p>Las im\u00e1genes van acompa\u00f1adas por 68 ensayos de diversos autores, especialistas, resaltando el trabajo de 20 fot\u00f3grafos y 20 acervos fotogr\u00e1ficos.\u00a0 El libro se divide en tres rubros: territorio, espiritualidad y cosmovisi\u00f3n en torno a los cuales dialogan im\u00e1genes de m\u00e1s de mil piezas arqueol\u00f3gicas u objetos hist\u00f3ricos, elementos art\u00edsticos y etnogr\u00e1ficos.<\/p>\n<p>\u201cEl libro muestra la grandeza de M\u00e9xico en la amplia diversidad de objetos art\u00edsticos e hist\u00f3ricos que re\u00fane, pero tambi\u00e9n en la excelencia del trabajo fotogr\u00e1fico y de dise\u00f1o editorial en la caleidosc\u00f3pica diversidad de curadores, investigadores, muse\u00f3grafos, profesores universitarios, cr\u00edticos y directores de museos dei sitio del INAH\u201d, dijo el rector.<\/p>\n<p>Durante la presentaci\u00f3n del libro, el director del Museo Nacional de Historia de M\u00e9xico, Salvador Rueda Smithers, record\u00f3 que las piezas que est\u00e1n compiladas en el libro fueron parte de una exposici\u00f3n conmemorativa del Bicentenario de la Independencia de M\u00e9xico, que se realiz\u00f3 durante el 2021.<\/p>\n<p>\u201cLa pulcritud del resultado final se debe a los responsables de la factura tangible, sensible a los dedos y las miradas y estos responsables est\u00e1n en el INAH, en la Secretar\u00eda de Cultura del gobierno del Estado de M\u00e9xico y en esta universidad\u201d, afirm\u00f3.<\/p>\n<p>En tanto, el secretario ejecutivo del Consejo Editorial del gobierno mexiquense, Alfredo Barrera Baca, expuso que el libro fue realizado bajo est\u00e1ndares de calidad y armon\u00eda que permitir\u00e1n al lector el disfrute de la obra, porque tendr\u00e1 en sus manos la historia del pa\u00eds en im\u00e1genes.<\/p>\n<p>En su oportunidad, el director del Museo Nacional de Antropolog\u00eda, Antonio Saborit Garc\u00eda Pe\u00f1a, expres\u00f3 que el prop\u00f3sito del libro es que ante la ausencia de la exposici\u00f3n quede una obra que funciona como cat\u00e1logo de las piezas hist\u00f3ricas de M\u00e9xico, que se convierte en una puerta hacia el pasado de la naci\u00f3n.<\/p>\n<p>Al respecto, la secretaria de Difusi\u00f3n Cultural de la UAEM\u00e9x, Mar\u00eda de las Mercedes Portilla Luja, extern\u00f3 que la presentaci\u00f3n del libro es parte de las funciones sustantivas de la universidad para difundir la cultura.<\/p>\n<p>La selecci\u00f3n de las im\u00e1genes del libro fue responsabilidad del antrop\u00f3logo Diego Prieto Hern\u00e1ndez, director general del INAH, bajo la coordinaci\u00f3n de Luc\u00eda Garc\u00eda Noriega y Carlos M\u00e9ndez Dom\u00ednguez.<\/p>\n<p>A la presentaci\u00f3n del libro acudieron estudiantes de las facultades de Antropolog\u00eda y Humanidades de la UAEM\u00e9x, integrantes del gabinete y comunidad universitaria.<\/p>\n","protected":false},"excerpt":{"rendered":"<p>El sentido de pertenencia que construye un recorrido visual hist\u00f3rico de piezas que representan la riqueza cultural del pa\u00eds es parte del contenido de La grandeza de M\u00e9xico, libro que fue presentado en el Edificio de Rector\u00eda de la Universidad Aut\u00f3noma del Estado de M\u00e9xico (UAEM\u00e9x), acto que presidi\u00f3 el rector Carlos Eduardo Barrera D\u00edaz.<\/p>\n","protected":false},"author":3,"featured_media":568587,"comment_status":"open","ping_status":"open","sticky":false,"template":"","format":"standard","meta":{"_monsterinsights_skip_tracking":false,"_monsterinsights_sitenote_active":false,"_monsterinsights_sitenote_note":"","_monsterinsights_sitenote_category":0,"footnotes":""},"categories":[5],"tags":[96850,7545,50613,67878],"class_list":["post-568510","post","type-post","status-publish","format-standard","has-post-thumbnail","hentry","category-estado-de-mexico","tag-la-grandeza-de-mexico","tag-libro","tag-presentan","tag-uaemex"],"_links":{"self":[{"href":"https:\/\/www.diarioimagen.net\/index.php?rest_route=\/wp\/v2\/posts\/568510","targetHints":{"allow":["GET"]}}],"collection":[{"href":"https:\/\/www.diarioimagen.net\/index.php?rest_route=\/wp\/v2\/posts"}],"about":[{"href":"https:\/\/www.diarioimagen.net\/index.php?rest_route=\/wp\/v2\/types\/post"}],"author":[{"embeddable":true,"href":"https:\/\/www.diarioimagen.net\/index.php?rest_route=\/wp\/v2\/users\/3"}],"replies":[{"embeddable":true,"href":"https:\/\/www.diarioimagen.net\/index.php?rest_route=%2Fwp%2Fv2%2Fcomments&post=568510"}],"version-history":[{"count":0,"href":"https:\/\/www.diarioimagen.net\/index.php?rest_route=\/wp\/v2\/posts\/568510\/revisions"}],"wp:featuredmedia":[{"embeddable":true,"href":"https:\/\/www.diarioimagen.net\/index.php?rest_route=\/wp\/v2\/media\/568587"}],"wp:attachment":[{"href":"https:\/\/www.diarioimagen.net\/index.php?rest_route=%2Fwp%2Fv2%2Fmedia&parent=568510"}],"wp:term":[{"taxonomy":"category","embeddable":true,"href":"https:\/\/www.diarioimagen.net\/index.php?rest_route=%2Fwp%2Fv2%2Fcategories&post=568510"},{"taxonomy":"post_tag","embeddable":true,"href":"https:\/\/www.diarioimagen.net\/index.php?rest_route=%2Fwp%2Fv2%2Ftags&post=568510"}],"curies":[{"name":"wp","href":"https:\/\/api.w.org\/{rel}","templated":true}]}}