{"id":568512,"date":"2022-12-09T00:06:49","date_gmt":"2022-12-09T06:06:49","guid":{"rendered":"https:\/\/www.diarioimagen.net\/?p=568512"},"modified":"2022-12-11T22:39:32","modified_gmt":"2022-12-12T04:39:32","slug":"egresadas-uaemex-desarrollan-insecticida-a-partir-de-la-flor-de-cempasuchil","status":"publish","type":"post","link":"https:\/\/www.diarioimagen.net\/?p=568512","title":{"rendered":"Egresadas UAEM\u00e9x desarrollan insecticida a partir de la flor de cempas\u00fachil"},"content":{"rendered":"<p>&nbsp;<\/p>\n<ul>\n<li><strong><em>Alejandra Gayt\u00e1n y Ana Isabel \u00c1lvarez, egresadas de la UAEM\u00e9x, crean un insecticida con el cempas\u00fachil, una flor de temporada<\/em><\/strong><\/li>\n<\/ul>\n<p><strong>\u00a0<\/strong><\/p>\n<div id=\"attachment_568585\" style=\"width: 470px\" class=\"wp-caption aligncenter\"><a href=\"https:\/\/www.diarioimagen.net\/?attachment_id=568585\" rel=\"attachment wp-att-568585\"><img loading=\"lazy\" decoding=\"async\" aria-describedby=\"caption-attachment-568585\" class=\"size-full wp-image-568585\" src=\"https:\/\/www.diarioimagen.net\/wp-content\/uploads\/2022\/12\/uaem-egresadas.jpg\" alt=\"\" width=\"460\" height=\"270\" \/><\/a><p id=\"caption-attachment-568585\" class=\"wp-caption-text\">Por naturaleza, el cempas\u00fachil tiene un compuesto que se llaman \u201cpiretrinas\u201d, una propiedad insecticida que ataca insectos como pulg\u00f3n, mosca blanca y algodoncillo<\/p><\/div>\n<p>&nbsp;<\/p>\n<p><strong>Toluca, Estado de M\u00e9xico.\u2014<\/strong> Con el prop\u00f3sito de reutilizar la flor de cempas\u00fachil una vez que termina la festividad de D\u00eda de Muertos, Alejandra Gayt\u00e1n Favela, licenciada en Biotecnolog\u00eda, egresada de la Facultad de Ciencias de la Universidad Aut\u00f3noma del Estado de M\u00e9xico (UAEM\u00e9x); y Ana Isabel \u00c1lvarez Salazar, Ingeniera Agr\u00f3noma en Floricultura, egresada de la Facultad de Ciencias Agr\u00edcolas de la UAEM\u00e9x, trabajan en conjunto desde hace tres a\u00f1os para crear un insecticida hecho con esta flor de temporada.<\/p>\n<p>La flor de cempas\u00fachil es una de las grandes representaciones de nuestra tradici\u00f3n de d\u00eda de muertos, la cual se siembra alrededor del mes de junio para ser usada durante los meses de octubre y noviembre como ornamento para ofrendas o espacios p\u00fablicos.<\/p>\n<p>Alejandra Gayt\u00e1n y Ana Isabel \u00c1lvarez explicaron que por naturaleza esta flor tiene un compuesto nombrado \u201cpiretrinas\u201d, una propiedad insecticida que ataca a insectos como pulg\u00f3n, mosca blanca y algodoncillo, que son algunas de las plagas que este insecticida elimina.<\/p>\n<p>Este l\u00edquido es totalmente amigable con el medio ambiente, no es t\u00f3xico para la salud humana ni para mascotas, y se puede utilizar tanto en jardines como en campos de cultivo, siendo una gran alternativa para los productores, quienes ya se han acercado a la organizaci\u00f3n para la venta de concentrado, pues es un sustituto para el uso de agroqu\u00edmicos.<\/p>\n<p>El proceso de elaboraci\u00f3n de este insecticida consiste en la recolecci\u00f3n de la flor posteriormente a la celebraci\u00f3n de D\u00eda de Muertos, que es donada por la gente que busca apoyar a las emprendedoras, quienes seleccionan las flores sanas para evitar contaminaci\u00f3n y las secan con la luz solar, un proceso que termina aproximadamente en el mes de enero. Cuando la flor est\u00e1 completamente seca, se introducen a una maceraci\u00f3n hecha de etanol y agua que dura de tres a cuatro semanas, siendo el envasado el \u00faltimo paso para comercializar el producto.<\/p>\n<p>Para hacer ocho atomizadores de insecticida, es necesario un kilo y medio de flor, y cada flor pesa menos de un gramo, por lo que es esencial la recolecci\u00f3n de miles de macetas para seguir produciendo y cumpliendo con la demanda que han alcanzado.<\/p>\n<p>La presentaci\u00f3n de atomizador del insecticida est\u00e1 dise\u00f1ada para uso directo, con la recomendaci\u00f3n del uso de equipo de protecci\u00f3n debido a las propiedades de tinte que tiene la flor y que puede manchar la piel, superficies e incluso a plantas como las suculentas, para las cuales se sugiere la presentaci\u00f3n de concentrado para diluirlo y as\u00ed no da\u00f1ar el color natural de la planta.<\/p>\n<p>El primer a\u00f1o de colecta de la flor fue durante la pandemia, donde ambas egresadas esperaban menos apoyo del que le ofreci\u00f3 la ciudadan\u00eda \u201cs\u00ed dijimos \u201cbueno, igual y recibimos 5 macetas pero con esas empezamos\u201d, y la verdad es que no, recibimos alrededor de 800 macetas y aunque era pandemia las personas fueron a donar sus plantas\u201d, mencion\u00f3 Alejandra Gayt\u00e1n.<\/p>\n<p>Adem\u00e1s, dentro de la organizaci\u00f3n tambi\u00e9n se hace uso del tallo de la flor y tierra para hacer composta y tambi\u00e9n se reutilizan las macetas, las cuales se lavan y se donan a productores.<\/p>\n<p>Entre sus planes a futuro se encuentra investigar la flor de Nochebuena con el prop\u00f3sito de encontrar en ella nuevos usos y que no siga aumentando la acumulaci\u00f3n de basura org\u00e1nica.<\/p>\n<p>Enlace de video: https:\/\/drive.google.com\/file\/d\/1Mueb7IgUYhd5DnSWY1XC9WMh_8QnhY7-\/view?usp=sharing<\/p>\n","protected":false},"excerpt":{"rendered":"<p>Con el prop\u00f3sito de reutilizar la flor de cempas\u00fachil una vez que termina la festividad de D\u00eda de Muertos, Alejandra Gayt\u00e1n Favela, licenciada en Biotecnolog\u00eda, egresada de la Facultad de Ciencias de la Universidad Aut\u00f3noma del Estado de M\u00e9xico (UAEM\u00e9x); y Ana Isabel \u00c1lvarez Salazar, Ingeniera Agr\u00f3noma en Floricultura, egresada de la Facultad de Ciencias Agr\u00edcolas de la UAEM\u00e9x, trabajan en conjunto desde hace tres a\u00f1os para crear un insecticida hecho con esta flor de temporada.<\/p>\n","protected":false},"author":3,"featured_media":568585,"comment_status":"open","ping_status":"open","sticky":false,"template":"","format":"standard","meta":{"_monsterinsights_skip_tracking":false,"_monsterinsights_sitenote_active":false,"_monsterinsights_sitenote_note":"","_monsterinsights_sitenote_category":0,"footnotes":""},"categories":[5],"tags":[96984,96985,67878],"class_list":["post-568512","post","type-post","status-publish","format-standard","has-post-thumbnail","hentry","category-estado-de-mexico","tag-flor-de-cempasuchil","tag-insecticida","tag-uaemex"],"_links":{"self":[{"href":"https:\/\/www.diarioimagen.net\/index.php?rest_route=\/wp\/v2\/posts\/568512","targetHints":{"allow":["GET"]}}],"collection":[{"href":"https:\/\/www.diarioimagen.net\/index.php?rest_route=\/wp\/v2\/posts"}],"about":[{"href":"https:\/\/www.diarioimagen.net\/index.php?rest_route=\/wp\/v2\/types\/post"}],"author":[{"embeddable":true,"href":"https:\/\/www.diarioimagen.net\/index.php?rest_route=\/wp\/v2\/users\/3"}],"replies":[{"embeddable":true,"href":"https:\/\/www.diarioimagen.net\/index.php?rest_route=%2Fwp%2Fv2%2Fcomments&post=568512"}],"version-history":[{"count":0,"href":"https:\/\/www.diarioimagen.net\/index.php?rest_route=\/wp\/v2\/posts\/568512\/revisions"}],"wp:featuredmedia":[{"embeddable":true,"href":"https:\/\/www.diarioimagen.net\/index.php?rest_route=\/wp\/v2\/media\/568585"}],"wp:attachment":[{"href":"https:\/\/www.diarioimagen.net\/index.php?rest_route=%2Fwp%2Fv2%2Fmedia&parent=568512"}],"wp:term":[{"taxonomy":"category","embeddable":true,"href":"https:\/\/www.diarioimagen.net\/index.php?rest_route=%2Fwp%2Fv2%2Fcategories&post=568512"},{"taxonomy":"post_tag","embeddable":true,"href":"https:\/\/www.diarioimagen.net\/index.php?rest_route=%2Fwp%2Fv2%2Ftags&post=568512"}],"curies":[{"name":"wp","href":"https:\/\/api.w.org\/{rel}","templated":true}]}}