{"id":568520,"date":"2022-12-09T00:01:10","date_gmt":"2022-12-09T06:01:10","guid":{"rendered":"https:\/\/www.diarioimagen.net\/?p=568520"},"modified":"2022-12-09T03:31:56","modified_gmt":"2022-12-09T09:31:56","slug":"comienza-en-el-congreso-el-analisis-de-aumento-a-tarifas-de-agua-en-edomex","status":"publish","type":"post","link":"https:\/\/www.diarioimagen.net\/?p=568520","title":{"rendered":"Comienza en el Congreso el an\u00e1lisis de aumento a tarifas de agua en Edomex"},"content":{"rendered":"<p>&nbsp;<\/p>\n<ul>\n<li><strong><em>Que 11 municipios solicitaron actualizaci\u00f3n<\/em> <\/strong><\/li>\n<\/ul>\n<p>&nbsp;<\/p>\n<div id=\"attachment_568613\" style=\"width: 470px\" class=\"wp-caption aligncenter\"><a href=\"https:\/\/www.diarioimagen.net\/?attachment_id=568613\" rel=\"attachment wp-att-568613\"><img loading=\"lazy\" decoding=\"async\" aria-describedby=\"caption-attachment-568613\" class=\"size-full wp-image-568613\" src=\"https:\/\/www.diarioimagen.net\/wp-content\/uploads\/2022\/12\/comienza-congreso.jpg\" alt=\"\" width=\"460\" height=\"270\" \/><\/a><p id=\"caption-attachment-568613\" class=\"wp-caption-text\">Analizan en el Congreso del Edomex aumento de tarifas del agua.<\/p><\/div>\n<p>&nbsp;<\/p>\n<p><strong>Valle de M\u00e9xico.\u2014<\/strong> Integrantes de las Comisiones legislativas de Legislaci\u00f3n y Administraci\u00f3n Municipal, Finanzas P\u00fablicas, y de Recursos Hidr\u00e1ulicos iniciaron el an\u00e1lisis de las iniciativas de tarifas de agua diferentes a las del C\u00f3digo Financieros del Estado de M\u00e9xico y sus municipios, con la presencia de funcionarios del Instituto Hacendario del Edomex y de la Comisi\u00f3n de Aguas de la entidad mexiquense (CAEM).<\/p>\n<p>Al encabezar la reuni\u00f3n, como presidenta de la Comisi\u00f3n de Recursos Hidr\u00e1ulicos, la diputada Beatriz Garc\u00eda afirm\u00f3 que como parte del proceso legislativo fueron remitidos 20 iniciativas de tarifas de agua de igual n\u00famero de municipios.<\/p>\n<p>\u201cDebemos garantizar el uso del agua y todo lo que se refiere entorno al agua, y es importante que los ciudadanos tengan claro los conceptos porque surgen interpretaciones sobre las l\u00edneas dom\u00e9sticas e industriales.<\/p>\n<p>A veces se tiene la percepci\u00f3n que es un tema de privaci\u00f3n del agua cuando es un tema administrativo, pero hoy ponemos apellido de quienes son los encargados del agua\u201d, explic\u00f3 la diputada morenista.<\/p>\n<p>Felipe Serrano Llarena, vocal ejecutivo del Instituto Hacendario del Edomex, record\u00f3 que a lo largo del a\u00f1o se mantuvo una mesa de trabajo con 62 municipios para la revisi\u00f3n de tarifas y, al final, 20 ayuntamientos fueron los que presentaron propuestas con la asesor\u00eda de la Comisi\u00f3n de Aguas del Estado de M\u00e9xico y la Comisi\u00f3n T\u00e9cnica del Agua del Estado de M\u00e9xico \u00a0(CTAEM), la subsecretar\u00eda de ingresos y la procuradur\u00eda fiscal, las cuales se encargaron de revisar las propuestas en su aspecto t\u00e9cnico y jur\u00eddico.<\/p>\n<p>De 20 municipios, 11 solicitaron una actualizaci\u00f3n en las tarifas y que el aumento sea de acuerdo a la UMA, en un promedio de un 7 por ciento y los otros 9 municipios s\u00ed pidieron un ajuste tarifario, diferentes a las que se presentan en el C\u00f3digo Financiero, y que no son inferiores a lo establecido en el c\u00f3digo y de acuerdo a las circunstancias t\u00e9cnicas y operativas de la prestaci\u00f3n de los servicios del organismo operador.<\/p>\n","protected":false},"excerpt":{"rendered":"<p>Integrantes de las Comisiones legislativas de Legislaci\u00f3n y Administraci\u00f3n Municipal, Finanzas P\u00fablicas, y de Recursos Hidr\u00e1ulicos iniciaron el an\u00e1lisis de las iniciativas de tarifas de agua diferentes a las del C\u00f3digo Financieros del Estado de M\u00e9xico y sus municipios, con la presencia de funcionarios del Instituto Hacendario del Edomex y de la Comisi\u00f3n de Aguas de la entidad mexiquense (CAEM).<\/p>\n","protected":false},"author":3,"featured_media":568613,"comment_status":"open","ping_status":"open","sticky":false,"template":"","format":"standard","meta":{"_monsterinsights_skip_tracking":false,"_monsterinsights_sitenote_active":false,"_monsterinsights_sitenote_note":"","_monsterinsights_sitenote_category":0,"footnotes":""},"categories":[5],"tags":[2272,43675],"class_list":["post-568520","post","type-post","status-publish","format-standard","has-post-thumbnail","hentry","category-estado-de-mexico","tag-caem","tag-estado-de-mexico"],"_links":{"self":[{"href":"https:\/\/www.diarioimagen.net\/index.php?rest_route=\/wp\/v2\/posts\/568520","targetHints":{"allow":["GET"]}}],"collection":[{"href":"https:\/\/www.diarioimagen.net\/index.php?rest_route=\/wp\/v2\/posts"}],"about":[{"href":"https:\/\/www.diarioimagen.net\/index.php?rest_route=\/wp\/v2\/types\/post"}],"author":[{"embeddable":true,"href":"https:\/\/www.diarioimagen.net\/index.php?rest_route=\/wp\/v2\/users\/3"}],"replies":[{"embeddable":true,"href":"https:\/\/www.diarioimagen.net\/index.php?rest_route=%2Fwp%2Fv2%2Fcomments&post=568520"}],"version-history":[{"count":0,"href":"https:\/\/www.diarioimagen.net\/index.php?rest_route=\/wp\/v2\/posts\/568520\/revisions"}],"wp:featuredmedia":[{"embeddable":true,"href":"https:\/\/www.diarioimagen.net\/index.php?rest_route=\/wp\/v2\/media\/568613"}],"wp:attachment":[{"href":"https:\/\/www.diarioimagen.net\/index.php?rest_route=%2Fwp%2Fv2%2Fmedia&parent=568520"}],"wp:term":[{"taxonomy":"category","embeddable":true,"href":"https:\/\/www.diarioimagen.net\/index.php?rest_route=%2Fwp%2Fv2%2Fcategories&post=568520"},{"taxonomy":"post_tag","embeddable":true,"href":"https:\/\/www.diarioimagen.net\/index.php?rest_route=%2Fwp%2Fv2%2Ftags&post=568520"}],"curies":[{"name":"wp","href":"https:\/\/api.w.org\/{rel}","templated":true}]}}