{"id":568522,"date":"2022-12-09T00:02:40","date_gmt":"2022-12-09T06:02:40","guid":{"rendered":"https:\/\/www.diarioimagen.net\/?p=568522"},"modified":"2022-12-09T03:30:42","modified_gmt":"2022-12-09T09:30:42","slug":"aplauden-mexiquenses-que-no-haya-pasado-reforma-electoral-constitucional","status":"publish","type":"post","link":"https:\/\/www.diarioimagen.net\/?p=568522","title":{"rendered":"Aplauden mexiquenses que no haya pasado reforma electoral constitucional"},"content":{"rendered":"<p>&nbsp;<\/p>\n<ul>\n<li><em><strong>No alcanz\u00f3 la mayor\u00eda calificada en San Laz\u00e1ro<\/strong><\/em><\/li>\n<\/ul>\n<p>&nbsp;<\/p>\n<h6>Arturo Baena<\/h6>\n<p>&nbsp;<\/p>\n<div id=\"attachment_568611\" style=\"width: 470px\" class=\"wp-caption aligncenter\"><a href=\"https:\/\/www.diarioimagen.net\/?attachment_id=568611\" rel=\"attachment wp-att-568611\"><img loading=\"lazy\" decoding=\"async\" aria-describedby=\"caption-attachment-568611\" class=\"size-full wp-image-568611\" src=\"https:\/\/www.diarioimagen.net\/wp-content\/uploads\/2022\/12\/aplauden-mexiquenses.jpg\" alt=\"\" width=\"460\" height=\"270\" \/><\/a><p id=\"caption-attachment-568611\" class=\"wp-caption-text\">Integrantes del PAN, PRD y PRI mexiquenses se congratularon que haya sido desechada en San L\u00e1zaro la reforma a la Constituci\u00f3n en material electoral.<\/p><\/div>\n<p>&nbsp;<\/p>\n<p><strong>Valle de M\u00e9xico.\u2014<\/strong> Diputados, s\u00edndicos y regidores del PRI, PAN y PRD mexiquenses, aplaudieron que el Congreso federal desechara el dictamen que reformar\u00eda, adicionar\u00eda y derogar\u00eda diversas disposiciones de la Constituci\u00f3n Pol\u00edtica, en materia electoral, luego de que en la votaci\u00f3n en lo general no alcanz\u00f3 la mayor\u00eda calificada.<\/p>\n<p>Agust\u00edn Belgodere, regidor del PAN, y Lucina Cortes, del PRD, coincidieron en se\u00f1alar, \u201c tal y como se ten\u00eda previsto, el intento de reforma electoral constitucionalque pretend\u00eda el gobierno federal (L\u00f3pez Obrador) a trav\u00e9s de Morena, no se concret\u00f3. El INE no se toca\u201d, dijeron. Los representantes populares, recordaron que el intento de reforma,<\/p>\n<p>planteaba pretend\u00eda eliminar financiamientos pol\u00edticos, acceso de partidos a radio y televisi\u00f3n, unificaci\u00f3n de las autoridades electorales administrativa y jurisdiccional y extinci\u00f3n de los organismos p\u00fablicos locales y los tribunales electorales de las entidades federativas, entre otras.<\/p>\n<p>Y es que, efectivamente, con 269 votos a favor, 225 en contra y una abstenci\u00f3n, la C\u00e1mara de Diputados desech\u00f3 la Reforma Electoral de AMLO, esto porque, durante la sesi\u00f3n ordinaria, se discuti\u00f3 y vot\u00f3 la iniciativa de car\u00e1cter constitucional, misma que requiere mayor\u00eda calificada (dos terceras partes) y, al no juntarla, la iniciativa se desech\u00f3.<\/p>\n<p>\u201cEl martes 6 de diciembre, pasar\u00e1 a la historia, toda vez que las y los diputados de M\u00e9xico decidieron declinar la iniciativa promovida por el presidente Andr\u00e9s Manuel L\u00f3pez Obrador, pues los votos acumulados entre Morena, PT y PVEM no fueron suficiente para que la llamada Cuarta Transformaci\u00f3n (4T) modifique la Constituci\u00f3n Pol\u00edtica de los Estados Unidos Mexicanos (CPEUM); sin embargo, como esto ya se esperaba, el mandatario promover\u00e1 el Plan B\u201d, dijo Agust\u00edn Belgodere.<\/p>\n<p>Finalmente, los representantes populares mexiquenses, afirmaron que dicha determinaci\u00f3n \u201camarra\u201d la alianza \u201cVa por el Edomex\u201d entre el PRI, PAN y PRD.<\/p>\n","protected":false},"excerpt":{"rendered":"<p>Diputados, s\u00edndicos y regidores del PRI, PAN y PRD mexiquenses, aplaudieron que el Congreso federal desechara el dictamen que reformar\u00eda, adicionar\u00eda y derogar\u00eda diversas disposiciones de la Constituci\u00f3n Pol\u00edtica, en materia electoral, luego de que en la votaci\u00f3n en lo general no alcanz\u00f3 la mayor\u00eda calificada.<\/p>\n","protected":false},"author":3,"featured_media":568611,"comment_status":"open","ping_status":"open","sticky":false,"template":"","format":"standard","meta":{"_monsterinsights_skip_tracking":false,"_monsterinsights_sitenote_active":false,"_monsterinsights_sitenote_note":"","_monsterinsights_sitenote_category":0,"footnotes":""},"categories":[5],"tags":[1845,34],"class_list":["post-568522","post","type-post","status-publish","format-standard","has-post-thumbnail","hentry","category-estado-de-mexico","tag-reforma-electoral","tag-valle-de-mexico"],"_links":{"self":[{"href":"https:\/\/www.diarioimagen.net\/index.php?rest_route=\/wp\/v2\/posts\/568522","targetHints":{"allow":["GET"]}}],"collection":[{"href":"https:\/\/www.diarioimagen.net\/index.php?rest_route=\/wp\/v2\/posts"}],"about":[{"href":"https:\/\/www.diarioimagen.net\/index.php?rest_route=\/wp\/v2\/types\/post"}],"author":[{"embeddable":true,"href":"https:\/\/www.diarioimagen.net\/index.php?rest_route=\/wp\/v2\/users\/3"}],"replies":[{"embeddable":true,"href":"https:\/\/www.diarioimagen.net\/index.php?rest_route=%2Fwp%2Fv2%2Fcomments&post=568522"}],"version-history":[{"count":0,"href":"https:\/\/www.diarioimagen.net\/index.php?rest_route=\/wp\/v2\/posts\/568522\/revisions"}],"wp:featuredmedia":[{"embeddable":true,"href":"https:\/\/www.diarioimagen.net\/index.php?rest_route=\/wp\/v2\/media\/568611"}],"wp:attachment":[{"href":"https:\/\/www.diarioimagen.net\/index.php?rest_route=%2Fwp%2Fv2%2Fmedia&parent=568522"}],"wp:term":[{"taxonomy":"category","embeddable":true,"href":"https:\/\/www.diarioimagen.net\/index.php?rest_route=%2Fwp%2Fv2%2Fcategories&post=568522"},{"taxonomy":"post_tag","embeddable":true,"href":"https:\/\/www.diarioimagen.net\/index.php?rest_route=%2Fwp%2Fv2%2Ftags&post=568522"}],"curies":[{"name":"wp","href":"https:\/\/api.w.org\/{rel}","templated":true}]}}