{"id":568526,"date":"2022-12-09T00:04:13","date_gmt":"2022-12-09T06:04:13","guid":{"rendered":"https:\/\/www.diarioimagen.net\/?p=568526"},"modified":"2022-12-09T03:29:12","modified_gmt":"2022-12-09T09:29:12","slug":"confirma-pri-mexiquense-la-alianza-entre-el-pan-y-prd","status":"publish","type":"post","link":"https:\/\/www.diarioimagen.net\/?p=568526","title":{"rendered":"Confirma PRI mexiquense la\u00a0alianza entre el PAN y PRD"},"content":{"rendered":"<p>&nbsp;<\/p>\n<p><a href=\"https:\/\/www.diarioimagen.net\/?attachment_id=568607\" rel=\"attachment wp-att-568607\"><img loading=\"lazy\" decoding=\"async\" class=\"aligncenter size-full wp-image-568607\" src=\"https:\/\/www.diarioimagen.net\/wp-content\/uploads\/2022\/12\/confirma-pri.jpg\" alt=\"\" width=\"460\" height=\"270\" \/><\/a><\/p>\n<p>&nbsp;<\/p>\n<p><strong>Toluca, Estado de M\u00e9xico.\u2014<\/strong> El pleno del Consejo Pol\u00edtico Estatal del PRI aprob\u00f3 los acuerdos correspondientes por el que se selecciona procedimiento para la postulaci\u00f3n de la candidatura al gobierno del Estado de M\u00e9xico para el periodo constitucional 2023-2029; adem\u00e1s el tope de gastos de precampa\u00f1a y la creaci\u00f3n de Comisiones Especiales encargadas de la elaboraci\u00f3n de los proyectos de convenios de coalici\u00f3n electoral o candidatura com\u00fan y otra dedicada a establecer la plataforma electoral.<\/p>\n<p>Sin duda, habr\u00e1 alianza electoral, afirm\u00f3 Eric Sevilla, al tomar protesta a los integrantes de las Comisiones Especiales, a quienes pidi\u00f3 consolidar la coalici\u00f3n pol\u00edtica con trabajo coordinado y generar un solo frente para ganar la gubernatura en las elecciones del pr\u00f3ximo a\u00f1o.<\/p>\n<p>&nbsp;<\/p>\n","protected":false},"excerpt":{"rendered":"<p>El pleno del Consejo Pol\u00edtico Estatal del PRI\u00a0aprob\u00f3 los acuerdos correspondientes por el que se selecciona procedimiento para la postulaci\u00f3n de la candidatura al gobierno del Estado de M\u00e9xico para el periodo constitucional 2023-2029; adem\u00e1s el tope de gastos de precampa\u00f1a y la creaci\u00f3n de Comisiones Especiales encargadas de la elaboraci\u00f3n de los proyectos de convenios de coalici\u00f3n electoral o candidatura com\u00fan y otra dedicada a establecer la plataforma electoral.<\/p>\n","protected":false},"author":3,"featured_media":568607,"comment_status":"open","ping_status":"open","sticky":false,"template":"","format":"standard","meta":{"_monsterinsights_skip_tracking":false,"_monsterinsights_sitenote_active":false,"_monsterinsights_sitenote_note":"","_monsterinsights_sitenote_category":0,"footnotes":""},"categories":[5],"tags":[9453,91,211,362],"class_list":["post-568526","post","type-post","status-publish","format-standard","has-post-thumbnail","hentry","category-estado-de-mexico","tag-alianza","tag-pan","tag-prd","tag-pri"],"_links":{"self":[{"href":"https:\/\/www.diarioimagen.net\/index.php?rest_route=\/wp\/v2\/posts\/568526","targetHints":{"allow":["GET"]}}],"collection":[{"href":"https:\/\/www.diarioimagen.net\/index.php?rest_route=\/wp\/v2\/posts"}],"about":[{"href":"https:\/\/www.diarioimagen.net\/index.php?rest_route=\/wp\/v2\/types\/post"}],"author":[{"embeddable":true,"href":"https:\/\/www.diarioimagen.net\/index.php?rest_route=\/wp\/v2\/users\/3"}],"replies":[{"embeddable":true,"href":"https:\/\/www.diarioimagen.net\/index.php?rest_route=%2Fwp%2Fv2%2Fcomments&post=568526"}],"version-history":[{"count":0,"href":"https:\/\/www.diarioimagen.net\/index.php?rest_route=\/wp\/v2\/posts\/568526\/revisions"}],"wp:featuredmedia":[{"embeddable":true,"href":"https:\/\/www.diarioimagen.net\/index.php?rest_route=\/wp\/v2\/media\/568607"}],"wp:attachment":[{"href":"https:\/\/www.diarioimagen.net\/index.php?rest_route=%2Fwp%2Fv2%2Fmedia&parent=568526"}],"wp:term":[{"taxonomy":"category","embeddable":true,"href":"https:\/\/www.diarioimagen.net\/index.php?rest_route=%2Fwp%2Fv2%2Fcategories&post=568526"},{"taxonomy":"post_tag","embeddable":true,"href":"https:\/\/www.diarioimagen.net\/index.php?rest_route=%2Fwp%2Fv2%2Ftags&post=568526"}],"curies":[{"name":"wp","href":"https:\/\/api.w.org\/{rel}","templated":true}]}}