{"id":568630,"date":"2022-12-09T00:05:55","date_gmt":"2022-12-09T06:05:55","guid":{"rendered":"https:\/\/www.diarioimagen.net\/?p=568630"},"modified":"2022-12-09T03:45:37","modified_gmt":"2022-12-09T09:45:37","slug":"monreal-entre-dos-fuegos","status":"publish","type":"post","link":"https:\/\/www.diarioimagen.net\/?p=568630","title":{"rendered":"Monreal, entre dos fuegos"},"content":{"rendered":"<h2>Perfil de M\u00e9xico<\/h2>\n<h5>Armando R\u00edos Ruiz<\/h5>\n<p>&nbsp;<\/p>\n<p>Tanto Morena como los partidos de oposici\u00f3n, exigen a Ricardo Monreal definirse de una vez por todas,\u00a0 no obstante las declaraciones que ha hecho el mismo\u00a0 coordinador de Morena en el Senado, de que en el mes de diciembre tomar\u00eda una decisi\u00f3n definitiva, que tiene que ver con su aspiraci\u00f3n a la Presidencia de la Rep\u00fablica.\u00a0 \u201cLeg\u00edtima\u201d, como \u00e9l mismo dice.<\/p>\n<p>Los diferentes partidos le urgen que desde ahora d\u00e9 a conocer la actitud que asumir\u00e1, seguramente la semana entrante, en torno a otro intento por aprobar la reforma electoral como la ha dise\u00f1ado el mismo Presidente de M\u00e9xico. El senador zacatecano ya declar\u00f3 que no aprobar\u00eda el \u201cplan B\u201d, que se refer\u00eda a las leyes secundarias, en \u201cfast track\u201d y que cuidar\u00eda el procedimiento ordinario.<\/p>\n<p>\u201cSon momentos de definiciones personales\u201d que se relacionan con el rumbo del pa\u00eds. Creo que tiene que definir si lo que ha venido expresando lo va a reflejar en un voto por las libertades, por la democracia, destac\u00f3\u00a0Osorio Chong\u201d.<\/p>\n<p>Por otro lado, son conocidas sus entrevistas con el diputado panista Santiago Creel y su deseo de que la coalici\u00f3n Va por M\u00e9xico acepte considerarlo su candidato a la Presidencia de M\u00e9xico en 2024. Ha dicho tambi\u00e9n que estar\u00e1 en las boletas presidenciales en 2024. Ya sea por Morena o por la oposici\u00f3n. Particularmente por la alianza PRI, PAN, PRD.<\/p>\n<p>Desde antes que el Presidente tomara posici\u00f3n del cargo, en 2018, dio claras muestras de su preferencia por Claudia Sheinbaum. Cuando se decidi\u00f3 la candidatura por el gobierno de la Ciudad de M\u00e9xico, el mandatario no dud\u00f3 en apoyar a la se\u00f1ora para este puesto, hasta sus \u00faltimas consecuencias.<\/p>\n<p>Ante tal hecho, Ricardo Monreal, tambi\u00e9n aspirante, se mantuvo reflexivo respecto a la determinaci\u00f3n que adoptar\u00eda, sobre esa circunstancia. Hizo pensar a muchos polit\u00f3logos, que su estancia en el partido que ayud\u00f3 a fundar, hab\u00eda llegado al final. Pero a fin de cuentas acept\u00f3 continuar en Morena.<\/p>\n<p>Nuevamente, cuando el mandatario dio a conocer a sus favoritos para sucederlo, mencion\u00f3 a Claudia, al secretario de Gobernaci\u00f3n, Ad\u00e1n Augusto, y a Marcelo Ebrard. En ning\u00fan momento al senador. Sin embargo, \u00e9ste permaneci\u00f3 plegado a los designios del tabasque\u00f1o, que defendi\u00f3 en todo momento. Era de imaginarse que intentaba inclinarlo a cambiar sus preferencias.<\/p>\n<p>Muchos analistas lo consideraron indigno y dijeron que el Presidente no lo quer\u00eda como aspirante. Hasta la fecha ha sido m\u00e1s que claro que en Morena no tiene ninguna oportunidad. Que si quiere ser candidato, tiene que buscar otros derroteros. Algunos pensaron que ir\u00eda tras Movimiento Ciudadano. Pero su due\u00f1o, Dante Delgado exhibi\u00f3 otras intenciones, muy ajenas a considerarlo. A estas alturas, cualquiera sabe que ya no tiene m\u00e1s que la alternativa de convencer a las cabezas de Va por M\u00e9xico, de comprar su propuesta.<\/p>\n<p>Muchos tambi\u00e9n apuestan a que, en lo que en realidad quiere, es convertirse en el\u00a0 jefe de Gobierno de la Ciudad de M\u00e9xico. A que en este momento muestra rebeld\u00eda para obligar al Primer Mandatario a voltear la vista hacia \u00e9l. A que presionado el que gobierna, porque al fin y al cabo es\u00a0 figura importante, experimentada y superior en muchos aspectos a su preferida, podr\u00eda causar da\u00f1os severos a Morena.<\/p>\n<p>No es posible soslayar a Marcelo Ebrard, con quien seguramente ha planeado alguna estrategia para actuar conjuntamente. Con mucha raz\u00f3n, ambos deben saberse superiores a la se\u00f1ora que, no obstante lo anterior, ya tiene la protecci\u00f3n del jefe supremo y no existen posibilidades de cambiarla.<\/p>\n<p>Morena har\u00e1 otro intento porque se apruebe la reforma electoral la pr\u00f3xima\u00a0 semana. Entonces veremos de qu\u00e9 est\u00e1 hecho Monreal. Si act\u00faa a favor, ser\u00e1, no porque el Presidente haya cambiado de idea, sino porque le har\u00e1 una oferta importante. Podr\u00eda ser lo que muchos piensan: El Gobierno de la Ciudad.<\/p>\n<p>Sus oportunidades han llegado al final de su\u00a0 carrera, que quiere coronar con la Presidencia. El Gobierno de la Ciudad tampoco es despreciable. Por ello no tiene m\u00e1s que actuar con la mayor cordura e inteligencia, si es capaz de despreciar la invitaci\u00f3n.<\/p>\n<p><a href=\"mailto:ariosruiz@gmail.com\" target=\"_blank\" rel=\"noopener noreferrer\"><em>ariosruiz@gmail.com<\/em><\/a><\/p>\n","protected":false},"excerpt":{"rendered":"<p><span style=\"color: #005497;\"><strong>Armando R\u00edos Ruiz<\/strong><\/span><\/p>\n","protected":false},"author":3,"featured_media":0,"comment_status":"open","ping_status":"open","sticky":false,"template":"","format":"standard","meta":{"_monsterinsights_skip_tracking":false,"_monsterinsights_sitenote_active":false,"_monsterinsights_sitenote_note":"","_monsterinsights_sitenote_category":0,"footnotes":""},"categories":[88405],"tags":[88407,43674,91193],"class_list":["post-568630","post","type-post","status-publish","format-standard","hentry","category-armando-rios-ruiz","tag-armando-rios-ruiz","tag-opinion","tag-perfil-de-mexico"],"_links":{"self":[{"href":"https:\/\/www.diarioimagen.net\/index.php?rest_route=\/wp\/v2\/posts\/568630","targetHints":{"allow":["GET"]}}],"collection":[{"href":"https:\/\/www.diarioimagen.net\/index.php?rest_route=\/wp\/v2\/posts"}],"about":[{"href":"https:\/\/www.diarioimagen.net\/index.php?rest_route=\/wp\/v2\/types\/post"}],"author":[{"embeddable":true,"href":"https:\/\/www.diarioimagen.net\/index.php?rest_route=\/wp\/v2\/users\/3"}],"replies":[{"embeddable":true,"href":"https:\/\/www.diarioimagen.net\/index.php?rest_route=%2Fwp%2Fv2%2Fcomments&post=568630"}],"version-history":[{"count":0,"href":"https:\/\/www.diarioimagen.net\/index.php?rest_route=\/wp\/v2\/posts\/568630\/revisions"}],"wp:attachment":[{"href":"https:\/\/www.diarioimagen.net\/index.php?rest_route=%2Fwp%2Fv2%2Fmedia&parent=568630"}],"wp:term":[{"taxonomy":"category","embeddable":true,"href":"https:\/\/www.diarioimagen.net\/index.php?rest_route=%2Fwp%2Fv2%2Fcategories&post=568630"},{"taxonomy":"post_tag","embeddable":true,"href":"https:\/\/www.diarioimagen.net\/index.php?rest_route=%2Fwp%2Fv2%2Ftags&post=568630"}],"curies":[{"name":"wp","href":"https:\/\/api.w.org\/{rel}","templated":true}]}}