{"id":568674,"date":"2022-12-12T00:05:47","date_gmt":"2022-12-12T06:05:47","guid":{"rendered":"https:\/\/www.diarioimagen.net\/?p=568674"},"modified":"2022-12-12T22:56:03","modified_gmt":"2022-12-13T04:56:03","slug":"jesus-miguel-valdez-estudiante-uaemex-gano-premio-estatal-de-contraloria-social-por-promover-la-rendicion-de-cuentas","status":"publish","type":"post","link":"https:\/\/www.diarioimagen.net\/?p=568674","title":{"rendered":"Jes\u00fas Miguel Valdez, estudiante UAEM\u00e9x, gan\u00f3 Premio Estatal de Contralor\u00eda Social por promover la rendici\u00f3n de cuentas"},"content":{"rendered":"<p>&nbsp;<\/p>\n<div id=\"attachment_568724\" style=\"width: 470px\" class=\"wp-caption aligncenter\"><a href=\"https:\/\/www.diarioimagen.net\/?attachment_id=568724\" rel=\"attachment wp-att-568724\"><img loading=\"lazy\" decoding=\"async\" aria-describedby=\"caption-attachment-568724\" class=\"size-full wp-image-568724\" src=\"https:\/\/www.diarioimagen.net\/wp-content\/uploads\/2022\/12\/uaem-jesus-miguel.jpg\" alt=\"\" width=\"460\" height=\"270\" \/><\/a><p id=\"caption-attachment-568724\" class=\"wp-caption-text\">Motivado por el trabajo que desarroll\u00f3 durante aproximadamente cinco a\u00f1os en la Comisi\u00f3n Ejecutiva de Atenci\u00f3n a V\u00edctimas, el universitario busca dar soluci\u00f3n a la regulaci\u00f3n de los procesos de contrataci\u00f3n en esta dependencia para que se apeguen a la Ley de Contrataciones del Estado de M\u00e9xico y Municipios.<\/p><\/div>\n<p>&nbsp;<\/p>\n<p><strong>Toluca, Estado de M\u00e9xico.\u2014 <\/strong>Con el ensayo \u201cLa Regulaci\u00f3n en la Contrataci\u00f3n de Servicios Funerarios en la Comisi\u00f3n Ejecutiva de Atenci\u00f3n a V\u00edctimas del Estado de M\u00e9xico\u201d, el maestrante en Contralor\u00eda Gubernamental de la Universidad Aut\u00f3noma del Estado de M\u00e9xico (UAEM\u00e9x), Jes\u00fas Miguel Valdez Rodr\u00edguez, obtuvo el segundo lugar en el Premio Estatal de Contralor\u00eda Social organizado por la Secretar\u00eda de Contralor\u00eda del Gobierno del Estado de M\u00e9xico.<\/p>\n<p>Motivado por el trabajo que desarroll\u00f3 durante aproximadamente cinco a\u00f1os en la Comisi\u00f3n Ejecutiva de Atenci\u00f3n a V\u00edctimas, su ensayo ofrece una soluci\u00f3n a la regulaci\u00f3n de los procesos de contrataci\u00f3n en esta dependencia para que se apeguen a la Ley de Contrataciones del Estado de M\u00e9xico y Municipios.<\/p>\n<p>\u201cCon el tema de transparencia, rendici\u00f3n de cuentas y el correcto ejercicio del gasto p\u00fablico, la propuesta busca que se puedan transparentar los recursos de una mejor manera y permite a los ciudadanos conocer c\u00f3mo se est\u00e1 ejecutando de manera correcta, ya que en esta comisi\u00f3n se ejercen bastantes recursos de manera anual,\u201d abund\u00f3.<\/p>\n<p>Adem\u00e1s, Miguel Valdez explic\u00f3 que su preocupaci\u00f3n es que la ciudadan\u00eda conozca c\u00f3mo son ejercidos los recursos del Fondo Estatal de Ayuda, Asistencia y Reparaci\u00f3n Integral por medio del acceso a la informaci\u00f3n, espec\u00edficamente en este caso a las y los usuarios de la Comisi\u00f3n Ejecutiva de Atenci\u00f3n a V\u00edctimas.<\/p>\n<p>En este sentido, destac\u00f3 que la intenci\u00f3n de este trabajo es impulsar reformas en la Ley de Adquisiciones del Estado de M\u00e9xico y Municipios, la Ley de V\u00edctimas del Estado de M\u00e9xico, el Reglamento a la Ley de V\u00edctimas y las Reglas de Operaci\u00f3n del Fondo Estatal de Ayuda, Asistencia y Reparaci\u00f3n Integral para garantizar el \u00f3ptimo y eficaz funcionamiento de Fondo con base en los principios de publicidad, transparencia y rendici\u00f3n de cuentas.<\/p>\n<p>De igual forma explic\u00f3 que de aplicarse esta propuesta dentro del Estado de M\u00e9xico, se puede replicar en las Comisiones de Atenci\u00f3n a V\u00edctimas de otras Entidades Federativas, incluso para la Comisi\u00f3n que depende directamente del Gobierno Federal, ya que la mayor\u00eda de los fondos en este rubro son operados de manera similar.<\/p>\n<p>\u201cEs importante transparentar los recursos para evitar actos de corrupci\u00f3n y enriquecimiento il\u00edcito ya que la mayor\u00eda de los ciudadanos buscamos que en los gobiernos estatales, municipales y el federal se ejerzan los recursos de manera correcta\u201d apunt\u00f3.<\/p>\n<p>Miguel Valdez destac\u00f3 que la Aut\u00f3noma mexiquense cuenta con una planta docente que brinda conocimientos al estudiantado de manera profesionalizante, lo que permite al momento del egreso ejercerlos en el \u00e1mbito laboral.<\/p>\n<p>Finalmente, invit\u00f3 a las y los universitarios a participar de estos concursos para generar propuestas en pro de la ciudadan\u00eda, adem\u00e1s de ser una satisfacci\u00f3n muy grande a nivel personal y profesional el traer reconocimientos a la M\u00e1xima Casa de Estudios mexiquense.<\/p>\n","protected":false},"excerpt":{"rendered":"<p>Con el ensayo \u201cLa Regulaci\u00f3n en la Contrataci\u00f3n de Servicios Funerarios en la Comisi\u00f3n Ejecutiva de Atenci\u00f3n a V\u00edctimas del Estado de M\u00e9xico\u201d, el maestrante en Contralor\u00eda Gubernamental de la Universidad Aut\u00f3noma del Estado de M\u00e9xico (UAEM\u00e9x), Jes\u00fas Miguel Valdez Rodr\u00edguez, obtuvo el segundo lugar en el Premio Estatal de Contralor\u00eda Social organizado por la Secretar\u00eda de Contralor\u00eda del Gobierno del Estado de M\u00e9xico.\u00a0\u00a0\u00a0<\/p>\n","protected":false},"author":3,"featured_media":568724,"comment_status":"open","ping_status":"open","sticky":false,"template":"","format":"standard","meta":{"_monsterinsights_skip_tracking":false,"_monsterinsights_sitenote_active":false,"_monsterinsights_sitenote_note":"","_monsterinsights_sitenote_category":0,"footnotes":""},"categories":[5],"tags":[43675,96993,67878],"class_list":["post-568674","post","type-post","status-publish","format-standard","has-post-thumbnail","hentry","category-estado-de-mexico","tag-estado-de-mexico","tag-premio-estatal-de-contraloria-social","tag-uaemex"],"_links":{"self":[{"href":"https:\/\/www.diarioimagen.net\/index.php?rest_route=\/wp\/v2\/posts\/568674","targetHints":{"allow":["GET"]}}],"collection":[{"href":"https:\/\/www.diarioimagen.net\/index.php?rest_route=\/wp\/v2\/posts"}],"about":[{"href":"https:\/\/www.diarioimagen.net\/index.php?rest_route=\/wp\/v2\/types\/post"}],"author":[{"embeddable":true,"href":"https:\/\/www.diarioimagen.net\/index.php?rest_route=\/wp\/v2\/users\/3"}],"replies":[{"embeddable":true,"href":"https:\/\/www.diarioimagen.net\/index.php?rest_route=%2Fwp%2Fv2%2Fcomments&post=568674"}],"version-history":[{"count":0,"href":"https:\/\/www.diarioimagen.net\/index.php?rest_route=\/wp\/v2\/posts\/568674\/revisions"}],"wp:featuredmedia":[{"embeddable":true,"href":"https:\/\/www.diarioimagen.net\/index.php?rest_route=\/wp\/v2\/media\/568724"}],"wp:attachment":[{"href":"https:\/\/www.diarioimagen.net\/index.php?rest_route=%2Fwp%2Fv2%2Fmedia&parent=568674"}],"wp:term":[{"taxonomy":"category","embeddable":true,"href":"https:\/\/www.diarioimagen.net\/index.php?rest_route=%2Fwp%2Fv2%2Fcategories&post=568674"},{"taxonomy":"post_tag","embeddable":true,"href":"https:\/\/www.diarioimagen.net\/index.php?rest_route=%2Fwp%2Fv2%2Ftags&post=568674"}],"curies":[{"name":"wp","href":"https:\/\/api.w.org\/{rel}","templated":true}]}}