{"id":568685,"date":"2022-12-12T00:02:10","date_gmt":"2022-12-12T06:02:10","guid":{"rendered":"https:\/\/www.diarioimagen.net\/?p=568685"},"modified":"2022-12-12T02:23:10","modified_gmt":"2022-12-12T08:23:10","slug":"aumenta-dependencia-en-gasolinas-de-estados-unidos-expertos","status":"publish","type":"post","link":"https:\/\/www.diarioimagen.net\/?p=568685","title":{"rendered":"Aumenta dependencia en gasolinas de Estados Unidos: expertos"},"content":{"rendered":"<p>&nbsp;<\/p>\n<h3 style=\"text-align: center;\">De acuerdo a datos de la Secretar\u00eda de Energ\u00eda<\/h3>\n<p>&nbsp;<\/p>\n<ul>\n<li><strong><em>De enero a octubre de 2022, las importaciones de combustibles subieron 28 por ciento anual<\/em><\/strong><\/li>\n<\/ul>\n<p>&nbsp;<\/p>\n<div id=\"attachment_568732\" style=\"width: 470px\" class=\"wp-caption aligncenter\"><a href=\"https:\/\/www.diarioimagen.net\/?attachment_id=568732\" rel=\"attachment wp-att-568732\"><img loading=\"lazy\" decoding=\"async\" aria-describedby=\"caption-attachment-568732\" class=\"size-full wp-image-568732\" src=\"https:\/\/www.diarioimagen.net\/wp-content\/uploads\/2022\/12\/GASOLINA.jpg\" alt=\"\" width=\"460\" height=\"270\" \/><\/a><p id=\"caption-attachment-568732\" class=\"wp-caption-text\">De enero a octubre de 2022, las importaciones de gasolinas subieron 28% anual, reflejando creciente dependencia de Pemex, sobre todo de EU.<\/p><\/div>\n<p>&nbsp;<\/p>\n<p>Las importaciones de gasolinas por parte de Pemex aumentaron 28.0 por ciento durante los primeros 10 meses del 2022, respecto al periodo comparable del 2021, mientras las de diesel lo hicieron en 64.9 por ciento anual, seg\u00fan datos de la Secretar\u00eda de Energ\u00eda.<\/p>\n<p>Esta situaci\u00f3n refleja una creciente dependencia de la petrolera, sobre todo de Estados Unidos, para satisfacer la demanda interna de combustibles, que se prolongar\u00e1, aseguran especialistas.<\/p>\n<p>Rams\u00e9s Pech, analista de Caraiva y Asociados, advirti\u00f3 que las 6 refiner\u00edas del Sistema Nacional de Refinaci\u00f3n (SNR) operan al 50 por ciento de su capacidad y junto con lo que se trae de la instalaci\u00f3n de Deer Park, en Texas, s\u00f3lo alcanzan para cubrir el 34 por ciento de la demanda nacional de gasolinas y 39 por ciento de la de diesel.<\/p>\n<p>\u201cDe los 820 mil barriles diarios de gasolina demandados hoy por el mercado mexicano s\u00f3lo producimos 282 mil, por lo que tenemos que importar aproximadamente un 66 por ciento de lo que necesitamos\u201d, detall\u00f3.<\/p>\n<p>\u201cPara el diesel el caso es similar, de los 410 mil barriles diarios demandados, s\u00f3lo producimos 151 mil, por lo que tenemos que importar un 61 por ciento\u201d.<\/p>\n<p>Pech explic\u00f3 que para lograr la meta de dejar de importar combustibles para el pr\u00f3ximo a\u00f1o, como lo promete el presidente Andr\u00e9s Manuel L\u00f3pez Obrador, adem\u00e1s de echar a andar las plantas de Cangrejera y Dos Bocas, Pemex debe tener a las 6 refiner\u00edas del SNR operando al 84 por ciento y traer todo el producto refinado de Deer Park.<\/p>\n<p>\u201cAdem\u00e1s, las 6 refiner\u00edas tendr\u00edan que mejorar su utilizaci\u00f3n en 34 por ciento para el pr\u00f3ximo a\u00f1o, cuando la mejora del 2021 al 2022 s\u00f3lo fue de 6 por ciento, a este ritmo tardar\u00edamos m\u00ednimo 5 a\u00f1os en alcanzar la utilizaci\u00f3n ideal de estas plantas.<\/p>\n<p>\u201cNo lograremos la meta, el presidente ya confirm\u00f3 que Cangrejera, ubicada en Veracruz, no estar\u00e1 operando en su Administraci\u00f3n, tambi\u00e9n es poco probable que Dos Bocas opere comercialmente y que manden toda la producci\u00f3n de Deer Park (al pa\u00eds)\u201d.<\/p>\n<p>A\u00f1adi\u00f3 que M\u00e9xico necesita un mill\u00f3n 550 mil barriles diarios de crudo para producir los combustibles demandados, m\u00e1s los 900 mil barriles que tiene programados para exportaci\u00f3n la Secretar\u00eda de Hacienda.<\/p>\n<p>Por el contrario, a las crecientes importaciones de combustibles por parte de Pemex, la Comisi\u00f3n Reguladora de Energ\u00eda ha venido obstaculizando la internaci\u00f3n de gasolinas y diesel a los agentes privados.<\/p>\n<p>Durante los primeros 10 meses del a\u00f1o, las importaciones privadas de gasolinas cayeron 25.4 por ciento anual, mientras las de diesel 11.9 por ciento.<\/p>\n","protected":false},"excerpt":{"rendered":"<p>Las importaciones de gasolinas por parte de Pemex aumentaron 28.0 por ciento durante los primeros 10 meses del 2022, respecto al periodo comparable del 2021, mientras las de diesel lo hicieron en 64.9 por ciento anual, seg\u00fan datos de la Secretar\u00eda de Energ\u00eda.<\/p>\n","protected":false},"author":3,"featured_media":568732,"comment_status":"open","ping_status":"open","sticky":false,"template":"","format":"standard","meta":{"_monsterinsights_skip_tracking":false,"_monsterinsights_sitenote_active":false,"_monsterinsights_sitenote_note":"","_monsterinsights_sitenote_category":0,"footnotes":""},"categories":[8],"tags":[90938,2786,43678,198],"class_list":["post-568685","post","type-post","status-publish","format-standard","has-post-thumbnail","hentry","category-finanzas","tag-dependencia","tag-eu","tag-finanzas","tag-gasolina"],"_links":{"self":[{"href":"https:\/\/www.diarioimagen.net\/index.php?rest_route=\/wp\/v2\/posts\/568685","targetHints":{"allow":["GET"]}}],"collection":[{"href":"https:\/\/www.diarioimagen.net\/index.php?rest_route=\/wp\/v2\/posts"}],"about":[{"href":"https:\/\/www.diarioimagen.net\/index.php?rest_route=\/wp\/v2\/types\/post"}],"author":[{"embeddable":true,"href":"https:\/\/www.diarioimagen.net\/index.php?rest_route=\/wp\/v2\/users\/3"}],"replies":[{"embeddable":true,"href":"https:\/\/www.diarioimagen.net\/index.php?rest_route=%2Fwp%2Fv2%2Fcomments&post=568685"}],"version-history":[{"count":0,"href":"https:\/\/www.diarioimagen.net\/index.php?rest_route=\/wp\/v2\/posts\/568685\/revisions"}],"wp:featuredmedia":[{"embeddable":true,"href":"https:\/\/www.diarioimagen.net\/index.php?rest_route=\/wp\/v2\/media\/568732"}],"wp:attachment":[{"href":"https:\/\/www.diarioimagen.net\/index.php?rest_route=%2Fwp%2Fv2%2Fmedia&parent=568685"}],"wp:term":[{"taxonomy":"category","embeddable":true,"href":"https:\/\/www.diarioimagen.net\/index.php?rest_route=%2Fwp%2Fv2%2Fcategories&post=568685"},{"taxonomy":"post_tag","embeddable":true,"href":"https:\/\/www.diarioimagen.net\/index.php?rest_route=%2Fwp%2Fv2%2Ftags&post=568685"}],"curies":[{"name":"wp","href":"https:\/\/api.w.org\/{rel}","templated":true}]}}