{"id":568689,"date":"2022-12-12T00:03:41","date_gmt":"2022-12-12T06:03:41","guid":{"rendered":"https:\/\/www.diarioimagen.net\/?p=568689"},"modified":"2022-12-12T02:33:53","modified_gmt":"2022-12-12T08:33:53","slug":"alcanzar-el-bienestar-ciudadano-una-prioridad-delfina-gomez-alvarez","status":"publish","type":"post","link":"https:\/\/www.diarioimagen.net\/?p=568689","title":{"rendered":"Alcanzar el bienestar ciudadano, una prioridad: Delfina G\u00f3mez\u00a0\u00c1lvarez"},"content":{"rendered":"<p>&nbsp;<\/p>\n<p><a href=\"https:\/\/www.diarioimagen.net\/?attachment_id=568759\" rel=\"attachment wp-att-568759\"><img loading=\"lazy\" decoding=\"async\" class=\"aligncenter size-full wp-image-568759\" src=\"https:\/\/www.diarioimagen.net\/wp-content\/uploads\/2022\/12\/alcanzar-bienestar.jpg\" alt=\"\" width=\"460\" height=\"270\" \/><\/a><\/p>\n<p>&nbsp;<\/p>\n<p><strong>Chalco, Estado de M\u00e9xico.\u2014 <\/strong>Sacar adelante a un municipio o estado se logra bajo el cumplimiento de dos principios: El primero, un buen plan de gobierno y con la buena administraci\u00f3n de los recursos; y segundo, con un buen equipo y su capacidad de hacer un trabajo coordinado con diputados y senadores, as\u00ed como el presidente Andr\u00e9s Manuel L\u00f3pez Obrador lo est\u00e1 haciendo con todo M\u00e9xico.<\/p>\n<p>As\u00ed lo se\u00f1al\u00f3 la senadora Delfina G\u00f3mez \u00c1lvarez, luego de afirmar qu\u00e9 lo m\u00e1s importante para un servidor p\u00fablico siempre ser\u00e1 alcanzar el bienestar de la poblaci\u00f3n que le ha dado su confianza.<\/p>\n","protected":false},"excerpt":{"rendered":"<p>&nbsp; &nbsp; Chalco, Estado de M\u00e9xico.\u2014 Sacar adelante a un municipio o estado se logra bajo el cumplimiento de dos principios: El primero, un buen plan de gobierno y con la buena administraci\u00f3n de los recursos; y segundo, con un buen equipo y su capacidad de hacer un trabajo coordinado con diputados y senadores, as\u00ed [&hellip;]<\/p>\n","protected":false},"author":3,"featured_media":568759,"comment_status":"open","ping_status":"open","sticky":false,"template":"","format":"standard","meta":{"_monsterinsights_skip_tracking":false,"_monsterinsights_sitenote_active":false,"_monsterinsights_sitenote_note":"","_monsterinsights_sitenote_category":0,"footnotes":""},"categories":[5],"tags":[38068,57859,41588],"class_list":["post-568689","post","type-post","status-publish","format-standard","has-post-thumbnail","hentry","category-estado-de-mexico","tag-bienestar","tag-delfina-gomez-alvarez","tag-prioridad"],"_links":{"self":[{"href":"https:\/\/www.diarioimagen.net\/index.php?rest_route=\/wp\/v2\/posts\/568689","targetHints":{"allow":["GET"]}}],"collection":[{"href":"https:\/\/www.diarioimagen.net\/index.php?rest_route=\/wp\/v2\/posts"}],"about":[{"href":"https:\/\/www.diarioimagen.net\/index.php?rest_route=\/wp\/v2\/types\/post"}],"author":[{"embeddable":true,"href":"https:\/\/www.diarioimagen.net\/index.php?rest_route=\/wp\/v2\/users\/3"}],"replies":[{"embeddable":true,"href":"https:\/\/www.diarioimagen.net\/index.php?rest_route=%2Fwp%2Fv2%2Fcomments&post=568689"}],"version-history":[{"count":0,"href":"https:\/\/www.diarioimagen.net\/index.php?rest_route=\/wp\/v2\/posts\/568689\/revisions"}],"wp:featuredmedia":[{"embeddable":true,"href":"https:\/\/www.diarioimagen.net\/index.php?rest_route=\/wp\/v2\/media\/568759"}],"wp:attachment":[{"href":"https:\/\/www.diarioimagen.net\/index.php?rest_route=%2Fwp%2Fv2%2Fmedia&parent=568689"}],"wp:term":[{"taxonomy":"category","embeddable":true,"href":"https:\/\/www.diarioimagen.net\/index.php?rest_route=%2Fwp%2Fv2%2Fcategories&post=568689"},{"taxonomy":"post_tag","embeddable":true,"href":"https:\/\/www.diarioimagen.net\/index.php?rest_route=%2Fwp%2Fv2%2Ftags&post=568689"}],"curies":[{"name":"wp","href":"https:\/\/api.w.org\/{rel}","templated":true}]}}