{"id":568693,"date":"2022-12-12T00:01:00","date_gmt":"2022-12-12T06:01:00","guid":{"rendered":"https:\/\/www.diarioimagen.net\/?p=568693"},"modified":"2022-12-12T02:34:28","modified_gmt":"2022-12-12T08:34:28","slug":"nombran-a-tomas-palomares-parra-lider-de-los-trabajadores-de-cumbre-mundial-del-conocimiento","status":"publish","type":"post","link":"https:\/\/www.diarioimagen.net\/?p=568693","title":{"rendered":"Nombran a Tom\u00e1s Palomares Parra l\u00edder de los trabajadores de Cumbre Mundial del Conocimiento"},"content":{"rendered":"<p>&nbsp;<\/p>\n<ul>\n<li><em><strong>SUTEyM, punta de lanza del sindicalismo latinoamericano<\/strong><\/em><\/li>\n<\/ul>\n<p><strong>\u00a0<\/strong><\/p>\n<h6>Arturo Baena<\/h6>\n<p>&nbsp;<\/p>\n<div id=\"attachment_568761\" style=\"width: 470px\" class=\"wp-caption aligncenter\"><a href=\"https:\/\/www.diarioimagen.net\/?attachment_id=568761\" rel=\"attachment wp-att-568761\"><img loading=\"lazy\" decoding=\"async\" aria-describedby=\"caption-attachment-568761\" class=\"size-full wp-image-568761\" src=\"https:\/\/www.diarioimagen.net\/wp-content\/uploads\/2022\/12\/nombran-a-tomas.jpg\" alt=\"\" width=\"460\" height=\"270\" \/><\/a><p id=\"caption-attachment-568761\" class=\"wp-caption-text\">Tom\u00e1s Palomares Parra fue nombrado como representante internacional de los trabajadores de la Cumbre Mundial del Conocimiento, regi\u00f3n Estado de M\u00e9xico.<\/p><\/div>\n<p>&nbsp;<\/p>\n<p><strong>Naucalpan, Estado de M\u00e9xico.\u2014<\/strong> El secretario general del SUTEyM, secci\u00f3n Naucalpan, Tom\u00e1s Palomares Parra, fue nombrado como representante internacional de los trabajadores de la Cumbre Mundial del Conocimiento, regi\u00f3n Estado de M\u00e9xico.<\/p>\n<p>Palomares Parra resalt\u00f3 la importancia que merece esta encomienda, como resultado del trabajo realizado en el tiempo como organizaci\u00f3n sindical y para generar una reconstrucci\u00f3n del pensamiento y la convivencia social.<\/p>\n<p>Reiter\u00f3 en ese orden, el observar los diferentes escenarios, sobre los cuales versa la evoluci\u00f3n de la humanidad, en el \u00e1mbito tecnol\u00f3gico, el pol\u00edtico, cient\u00edfico y \u201cpor supuesto, el social que les da la oportunidad de proyectar el trabajo, procurando estas alianzas estrat\u00e9gicas de car\u00e1cter institucional\u201d.<\/p>\n<p>Palomares Parra expres\u00f3 su agradecimiento por voltear a ver a la organizaci\u00f3n sindical que lidera para integrarla a los trabajos globales en favor de la humanidad.<\/p>\n<p>El l\u00edder sindical de la secci\u00f3n Naucalpan y secretario del exterior del SUTEyM, Estado de M\u00e9xico, reconoci\u00f3 al gremio y al dirigente, Herminio Cahue Calder\u00f3n, por ser punta de lanza del sindicalismo latinoamericano y formar parte de poderosas organizaciones como la Clate, Clatsep y la Confepider, que aglutinan a m\u00e1s de 17 millones de servidores p\u00fablicos desde Argentina a \u201c Tierra Azteca\u201d, M\u00e9xico.<\/p>\n<p>Tom\u00e1s insisti\u00f3 en su agradecimiento a tal distinci\u00f3n de la Cumbre Mundial del Conocimiento y se dijo asumir el cargo con la responsabilidad integra que requiere el trabajo en el corto, mediano y largo plazo, siempre haciendo de la Unidad su mejor fortaleza. Antes, la doctora Ana Mar\u00eda Ortiz Mena, reconoci\u00f3 la moral, entrega, el compromiso, actitud y respeto que el secretario del gremio en Naucalpan tiene para con la base laboral.<\/p>\n<p>Puso \u00e9nfasis en la nobleza que confiere el derecho social que, apunt\u00f3, no es otra cosa que la preocupaci\u00f3n que tiene uno con el otro, y que igual, distingue a Tom\u00e1s Palomares Parra, de quien adem\u00e1s recalc\u00f3 el haber cumplido uno de sus grandes sue\u00f1os.<\/p>\n","protected":false},"excerpt":{"rendered":"<p>El secretario general del SUTEyM, secci\u00f3n Naucalpan, Tom\u00e1s Palomares Parra, fue nombrado como representante internacional de los trabajadores de la Cumbre Mundial del Conocimiento, regi\u00f3n Estado de M\u00e9xico.<\/p>\n","protected":false},"author":3,"featured_media":568761,"comment_status":"open","ping_status":"open","sticky":false,"template":"","format":"standard","meta":{"_monsterinsights_skip_tracking":false,"_monsterinsights_sitenote_active":false,"_monsterinsights_sitenote_note":"","_monsterinsights_sitenote_category":0,"footnotes":""},"categories":[5],"tags":[96997,43675,970],"class_list":["post-568693","post","type-post","status-publish","format-standard","has-post-thumbnail","hentry","category-estado-de-mexico","tag-cumbre-mundial-del-conocimiento","tag-estado-de-mexico","tag-naucalpan"],"_links":{"self":[{"href":"https:\/\/www.diarioimagen.net\/index.php?rest_route=\/wp\/v2\/posts\/568693","targetHints":{"allow":["GET"]}}],"collection":[{"href":"https:\/\/www.diarioimagen.net\/index.php?rest_route=\/wp\/v2\/posts"}],"about":[{"href":"https:\/\/www.diarioimagen.net\/index.php?rest_route=\/wp\/v2\/types\/post"}],"author":[{"embeddable":true,"href":"https:\/\/www.diarioimagen.net\/index.php?rest_route=\/wp\/v2\/users\/3"}],"replies":[{"embeddable":true,"href":"https:\/\/www.diarioimagen.net\/index.php?rest_route=%2Fwp%2Fv2%2Fcomments&post=568693"}],"version-history":[{"count":0,"href":"https:\/\/www.diarioimagen.net\/index.php?rest_route=\/wp\/v2\/posts\/568693\/revisions"}],"wp:featuredmedia":[{"embeddable":true,"href":"https:\/\/www.diarioimagen.net\/index.php?rest_route=\/wp\/v2\/media\/568761"}],"wp:attachment":[{"href":"https:\/\/www.diarioimagen.net\/index.php?rest_route=%2Fwp%2Fv2%2Fmedia&parent=568693"}],"wp:term":[{"taxonomy":"category","embeddable":true,"href":"https:\/\/www.diarioimagen.net\/index.php?rest_route=%2Fwp%2Fv2%2Fcategories&post=568693"},{"taxonomy":"post_tag","embeddable":true,"href":"https:\/\/www.diarioimagen.net\/index.php?rest_route=%2Fwp%2Fv2%2Ftags&post=568693"}],"curies":[{"name":"wp","href":"https:\/\/api.w.org\/{rel}","templated":true}]}}