{"id":568768,"date":"2022-12-12T00:02:46","date_gmt":"2022-12-12T06:02:46","guid":{"rendered":"https:\/\/www.diarioimagen.net\/?p=568768"},"modified":"2022-12-12T02:48:08","modified_gmt":"2022-12-12T08:48:08","slug":"de-duendes-bebedizos-sombreros-y-demas","status":"publish","type":"post","link":"https:\/\/www.diarioimagen.net\/?p=568768","title":{"rendered":"De duendes, bebedizos, sombreros y dem\u00e1s"},"content":{"rendered":"<h2>La Retaguardia<\/h2>\n<h5>Adriana Moreno Cordero<\/h5>\n<p>&nbsp;<\/p>\n<ul>\n<li><strong><em>Con cumplimiento de palabra de PRI, se retoma alianza Va por M\u00e9xico: Jes\u00fas Zambrano<\/em><\/strong><\/li>\n<\/ul>\n<p>&nbsp;<\/p>\n<p>De duendes, bebedizos, sombreros y dem\u00e1s. As\u00ed es como el presidente <strong>Andr\u00e9s Manuel L\u00f3pez Obrador<\/strong>, respecto al tema de su controvertida reforma electoral, con todo y su famoso \u201cplan B\u201d, sigui\u00f3 aplicando lo que se ha convertido en una de las m\u00e1ximas en esta errada y llamada Cuarta Transformaci\u00f3n y que la sabidur\u00eda popular consigna como: Aventar la piedra y esconder la mano.<\/p>\n<p>Ahora resulta que fueron varios duendes, no s\u00f3lo uno y para hablar en t\u00e9rminos period\u00edsticos, los que metieron mano en el referido \u201cplan B\u201d y se supone que colaron en el documento aquello de que los partidos peque\u00f1os \u2014el PVEM y el PT, espec\u00edficamente\u2014, podr\u00edan recibir votos de regalo para no perder su registro y esto es algo totalmente inconstitucional en lo que supuestamente no repar\u00f3 el inquilino de Palacio Nacional, menos a\u00fan los diputados morenistas que, cegados bajo sus \u00f3rdenes, no se tomaron la molestia de leer casi 500 p\u00e1ginas y la aprobaron nada m\u00e1s porque esa era la \u201cl\u00ednea\u201d.<\/p>\n<p>Ni los verdes ni el PT deber\u00edan de olvidar que al de Tepetit\u00e1n no le importa dejar \u201ccolgados de la brocha\u201d a estos institutos pol\u00edticos, cuesti\u00f3n de recordar que al Partido Encuentro Social, (PES), L\u00f3pez Obrador les prometi\u00f3 \u201cel oro y el moro\u201d para que estuvieran de su lado y al final, dicho partido perdi\u00f3 su registro.<\/p>\n<p>Ahora, y como el propio tabasque\u00f1o lo reconoci\u00f3, su famoso \u201cplan B\u201d ser\u00e1 corregido en el Senado de la Rep\u00fablica, a donde ya est\u00e1 y el presidente de la Junta de Coordinaci\u00f3n Pol\u00edtica de esa instancia legislativa, <strong>Ricardo Monreal<\/strong>, se ha comprometido a que se revisar\u00e1 con toda la calma, sin \u201cfast-track\u201d.<\/p>\n<p>Desde San Luis Potos\u00ed, el legislador zacatecano refrend\u00f3 ese compromiso al reiterar que se eliminar\u00e1n de dicha reforma, las inconsistencias constitucionales y ya con las respectivas modificaciones ser\u00e1 devuelto el documento a la C\u00e1mara de Diputados, a donde los legisladores de Morena y r\u00e9moras, estar\u00e1n a la espera de la instrucci\u00f3n que reciban desde Palacio Nacional, aunque la incomodidad en las filas tanto del PT como del PVEM, se volvi\u00f3 a dejar sentir. Por ejemplo, \u00bfqu\u00e9 va a hacer ahora el flamante diputado <strong>Gerardo Fern\u00e1ndez Noro\u00f1a<\/strong> con sus aspiraciones a 2024?<\/p>\n<p>Por su parte, y con una excusa que no tiene sentido alguno, el flamante secretario de Gobernaci\u00f3n, <strong>Ad\u00e1n Augusto L\u00f3pez<\/strong>, insisti\u00f3 que \u201cpor error los cambios (al \u201cplan B\u201d fueron aprobados por la C\u00e1mara de Diputados\u201d. As\u00ed, el grado de improvisaci\u00f3n e incapacidad de los flamantes integrantes de esta errada y llamada Cuarta Transformaci\u00f3n.<\/p>\n<p>De pasada, en el gustad\u00edsimo \u201cstand-up\u201d ma\u00f1anero, L\u00f3pez Obrador se dio un tiempo para manifestar su molestia porque sus adversarios, los conservadores que son muy malos, por las \u201cex benditas redes sociales\u201d, luego de lo ocurrido en Per\u00fa con el presidente <strong>Pedro Castillo<\/strong>, que fue aprehendido cuando pretend\u00eda llegar a la embajada de M\u00e9xico en dicha naci\u00f3n,\u00a0 han puesto el #SiguesTuAMLO y aqu\u00ed hay que subrayar que eso no viene de la nada, pues los \u00faltimos acontecimientos nos indican que el Presidente de M\u00e9xico se est\u00e1 quedando solo, cuesti\u00f3n de recordar que sus \u201chermanos\u201d, el presidente de Argentina, <strong>Alberto Fern\u00e1ndez<\/strong> y el reci\u00e9n electo de Brasil, <strong>Luiz Inacio Lula Da Silva<\/strong>, los dejaron solo en aquel asunto cuando quiso llevar al subgobernador del Banco de M\u00e9xico, <strong>Gerardo Esquivel<\/strong> a la titularidad del Banco Interamericano del Desarrollo, (BID).<\/p>\n<p>Si lo anterior no fuera suficiente, el gobierno de Per\u00fa, ahora encabezado por <strong>Dina Boluarte<\/strong>, ya envi\u00f3 un diplom\u00e1tico, pero contundente mensaje para que el inquilino de Palacio Nacional no se ande metiendo en asuntos internos que s\u00f3lo conciernen a los peruanos.<\/p>\n<p>Como se consign\u00f3 en este espacio en anterior entrega: Los delirios e imposiciones de L\u00f3pez Obrador no pueden ir m\u00e1s all\u00e1 de nuestras fronteras y la pregunta es: \u00bfPor qu\u00e9 habr\u00e1 reaccionado as\u00ed?, \u00bfacaso alguien le habr\u00e1 dado un bebedizo al tabasque\u00f1o?, si es as\u00ed, podr\u00eda inferirse que desde hace mucho tiempo se lo estar\u00edan suministrando y lo que tendr\u00eda que hacer es revisar a los elementos de su seguridad.<\/p>\n<p>As\u00ed, por esas misas redes sociales, puede verse a L\u00f3pez Obrador, con un sombrero como los que usaba Pedro Castillo, quien por cierto, dijo que no se acordaba que hab\u00eda decretado Golpe de Estado porque alg\u00fan bebedizo le hab\u00edan dado que tambi\u00e9n lo hizo estar tembloroso durante su mensaje a la naci\u00f3n. Otro \u201chermano\u201d se le cay\u00f3 al tabasque\u00f1o.<\/p>\n<p style=\"text-align: center;\"><strong>Municiones<\/strong><\/p>\n<p>*** El l\u00edder nacional del PRD, <strong>Jes\u00fas Zambrano<\/strong>, habl\u00f3 sobre la reactivaci\u00f3n de la alianza Va por M\u00e9xico, al se\u00f1alar en conferencia de prensa que, \u201cdesde nuestro punto de vista, con el cumplimiento de la palabra del PRI (al votar en contra de la controvertida reforma electoral), se retoman y restituyen las bases fundamentales para que podamos recomponer las relaciones (entre PAN, PRI Y PRD) y empecemos a transitar e nueva cuenta juntos\u201d. Record\u00f3 Zambrano Grijalva que se vienen procesos electorales el a\u00f1o entrante en el Estado de M\u00e9xico y Coahuila y ah\u00ed se est\u00e1 trabajando para integrar coaliciones amplias e importantes que definan cu\u00e1l ser\u00e1 el m\u00e9todo abierto y qui\u00e9n va a abanderar esos procesos. Esto va ligado para la definici\u00f3n de cara a 2024, \u201cc\u00f3mo vamos a construir las principales candidaturas al 2024, los m\u00e9todos y procedimientos, todo esto de mano de la sociedad civil hay que construir este frente con una plataforma clara de compromisos y yo creo que est\u00e1n sentadas las bases para eso\u201d.<\/p>\n<p>*** Es el secretario de Relaciones Exteriores,\u00a0<strong>Marcelo Ebrard<\/strong>, es el m\u00e1s interesado en que se lleven a cabo debates entre \u201ccorcholatas y corcholatos\u201d\u00a0y m\u00e1s all\u00e1, entreg\u00f3 una carta al dirigente nacional de Morena, <strong>Mario Mart\u00edn Delgado<\/strong>, que contiene una serie de propuestas de cara a las elecciones internas que deber\u00e1n seguirse para definir a quien ser\u00eda el candidato o candidata a la<strong>\u00a0<\/strong>contienda Presidencial en 2024, entre las que pidi\u00f3 tambi\u00e9n \u201cpiso parejo\u201d. Esto, por aquello de que ya se sabe de qu\u00e9 lado est\u00e1 Mario Delgado, \u00bfo no?<\/p>\n<p>*** Con el objetivo de armonizar las constituciones federal y locales en materia de desarrollo urbano, la Comisiones Unidas de Desarrollo e Infraestructura Urbana y de Administraci\u00f3n P\u00fablica Local del Congreso capitalino aprobaron, por unanimidad, el dictamen para reformar los art\u00edculos 3, 7, 94 bis, 94 ter y 94 quater de la Ley de Desarrollo Urbano, como lo propuso, a trav\u00e9s de una iniciativa, la jefa de Gobierno, <strong>Claudia Sheinbaum Pardo<\/strong>. Con ello, estableci\u00f3 el presidente de la Comisi\u00f3n de Desarrollo e Infraestructura Urbana, <strong>V\u00edctor Hugo Lobo Rom\u00e1n<\/strong>, el documento fue turnado a la Mesa Directiva del Legislativo local para que sea discutido y, seg\u00fan el caso, aprobado por el Pleno, dada la importancia del dictamen que propone, entre otras acciones, la simplificaci\u00f3n de tr\u00e1mites para iniciar obras y\/o actividades, lo que fomentar\u00e1 el desarrollo econ\u00f3mico de la Ciudad.<\/p>\n<p><u><a href=\"mailto:morcora@gmail.com\" target=\"_blank\" rel=\"noopener noreferrer\"><em>morcora@gmail.com<\/em><\/a><\/u><\/p>\n","protected":false},"excerpt":{"rendered":"<p><span style=\"color: #005497;\"><strong>Adriana Moreno Cordero<\/strong><\/span><\/p>\n","protected":false},"author":3,"featured_media":0,"comment_status":"open","ping_status":"open","sticky":false,"template":"","format":"standard","meta":{"_monsterinsights_skip_tracking":false,"_monsterinsights_sitenote_active":false,"_monsterinsights_sitenote_note":"","_monsterinsights_sitenote_category":0,"footnotes":""},"categories":[69370],"tags":[69369,69368,43674],"class_list":["post-568768","post","type-post","status-publish","format-standard","hentry","category-adriana-moreno-cordero","tag-adriana-moreno-cordero","tag-la-retaguardia","tag-opinion"],"_links":{"self":[{"href":"https:\/\/www.diarioimagen.net\/index.php?rest_route=\/wp\/v2\/posts\/568768","targetHints":{"allow":["GET"]}}],"collection":[{"href":"https:\/\/www.diarioimagen.net\/index.php?rest_route=\/wp\/v2\/posts"}],"about":[{"href":"https:\/\/www.diarioimagen.net\/index.php?rest_route=\/wp\/v2\/types\/post"}],"author":[{"embeddable":true,"href":"https:\/\/www.diarioimagen.net\/index.php?rest_route=\/wp\/v2\/users\/3"}],"replies":[{"embeddable":true,"href":"https:\/\/www.diarioimagen.net\/index.php?rest_route=%2Fwp%2Fv2%2Fcomments&post=568768"}],"version-history":[{"count":0,"href":"https:\/\/www.diarioimagen.net\/index.php?rest_route=\/wp\/v2\/posts\/568768\/revisions"}],"wp:attachment":[{"href":"https:\/\/www.diarioimagen.net\/index.php?rest_route=%2Fwp%2Fv2%2Fmedia&parent=568768"}],"wp:term":[{"taxonomy":"category","embeddable":true,"href":"https:\/\/www.diarioimagen.net\/index.php?rest_route=%2Fwp%2Fv2%2Fcategories&post=568768"},{"taxonomy":"post_tag","embeddable":true,"href":"https:\/\/www.diarioimagen.net\/index.php?rest_route=%2Fwp%2Fv2%2Ftags&post=568768"}],"curies":[{"name":"wp","href":"https:\/\/api.w.org\/{rel}","templated":true}]}}