{"id":568771,"date":"2022-12-12T00:04:19","date_gmt":"2022-12-12T06:04:19","guid":{"rendered":"https:\/\/www.diarioimagen.net\/?p=568771"},"modified":"2022-12-12T02:55:42","modified_gmt":"2022-12-12T08:55:42","slug":"reforma-electoral-errores-de-dedo","status":"publish","type":"post","link":"https:\/\/www.diarioimagen.net\/?p=568771","title":{"rendered":"Reforma electoral, errores de dedo"},"content":{"rendered":"<h2>Desde el portal<\/h2>\n<h5>\u00c1ngel Soriano<\/h5>\n<p>&nbsp;<\/p>\n<p>El presidente de la Jucopo del Senado, Ricardo Monreal, ha informado que las leyes secundarias a la reforma electoral contienen cuando menos 220 art\u00edculos y en 100 de ellos se han encontrado errores e inconsistencias, y decisiones que fueron aprobadas pero que no estaban en el documento original.<\/p>\n<p>Los legisladores de San L\u00e1zaro han reconocido algunas fallas, principalmente en cuanto a beneficiar a partidos aliados como el PVEM o PT para facilitarles el mantenimiento de su registro y de sus prerrogativas, hecho tambi\u00e9n reconocido por el secretario de Gobernaci\u00f3n, Ad\u00e1n Augusto L\u00f3pez Hern\u00e1ndez, con el ofrecimiento de que todo se corregir\u00e1.<\/p>\n<p>Monreal se\u00f1ala que los senadores han encontrado otros errores y que es muy lamentable porque, de aprobarse por la v\u00eda r\u00e1pido, su vigencia \u2014aunque no es posible\u2014, afectar\u00eda la democracia pues se atenta contra la constitucionalidad, por lo que del an\u00e1lisis y de las conclusiones que haga se enviar\u00e1 un compendio de cortes\u00eda al titular de la Segob.<\/p>\n<p>Estos hechos, lamentables, se sabe siempre han existido. Se modifican algunas cuestiones legales a contentillo de los interesados, lo cual es una pr\u00e1ctica legislativa que en los actuales momentos que vive el mundo globalizado no es posible, pues la tecnolog\u00eda permite la comunicaci\u00f3n r\u00e1pida y que se detecten al instante los errores de dedo.<\/p>\n<p style=\"text-align: center;\"><strong>TURBULENCIAS<br \/>\nBuscar\u00e1 AMESP regular empresas de seguridad<\/strong><\/p>\n<p>Formalizar empresas de seguridad privada que operan fuera del marco legal, su profesionalizaci\u00f3n y mejorar las condiciones de trabajo de su personal es el principal reto de la nueva mesa directiva de la Asociaci\u00f3n Mexicana de Empresas de Seguridad Privada, liderada\u00a0 por Gabriel Bernal G\u00f3mez (2022-2024). El nuevo dirigente de la AMESP, la asociaci\u00f3n m\u00e1s grande e importante de este sector en M\u00e9xico asumi\u00f3 la responsabilidad, junto con su equipo de trabajo, de crear bases s\u00f3lidas para proponer acuerdos y compromisos que garanticen el avance sostenido de la seguridad privada, consolidando esfuerzos con m\u00faltiples actores de los sectores p\u00fablicos e institucionales.\u00a0 Bernal G\u00f3mez dijo que la seguridad privada es un componente estrat\u00e9gico en la econom\u00eda y en el desarrollo nacional ya que ha presentado un importante crecimiento y auge en los dos \u00faltimos a\u00f1os. Los servicios que proporciona est\u00e1n en todos los sectores y regiones, brindando a quienes les sirve: paz y protecci\u00f3n; el presidente saliente, Salvador L\u00f3pez Contreras, dej\u00f3 en claro que este sector no puede pensarse como fruto de la inseguridad, el temor y la incompetencia solamente. \u201cDebemos borrar ese estigma, somos una industria vinculada al desarrollo, una industria fuerte que acompa\u00f1a el crecimiento del pa\u00eds\u201d\u2026El gobernador Salom\u00f3n Jara recorri\u00f3 el majestuoso z\u00f3calo de la ciudad de Oaxaca que luce a todo lo que da, incluso con la colaboraci\u00f3n de los restauranteros que hab\u00edan aprovechado del desorden para apropiarse de algunos espacios m\u00e1s y, aun cuando contribu\u00edan al caos, lo que buscaban era ganar terreno. Ya aceptaron ceder el paso a los peatones y a reconocer que son espacios p\u00fablicos, no privados. Y uno de los empresarios que acompa\u00f1\u00f3 a Jara durante su recorrido, ha sido el m\u00e1s abusivo porque de plano cerc\u00f3 su restaurante y limit\u00f3 el paso a los oaxaque\u00f1os y turistas en general cuando que se trata del patrimonio cultural de la humanidad, no de mercaderes\u2026Mal han quedado dos de los aspirantes presidenciales en los \u00faltimos d\u00edas: una mala ejecuci\u00f3n en la elaboraci\u00f3n de las modificaciones a la Ley electoral y el rechazo a m\u00e1s conciertos gratuitos en la plaza de la Constituci\u00f3n de la Ciudad\u00a0 de M\u00e9xico a t\u00edtulo gratuito para promover a la jeda de Gobierno. Desde luego que son acciones corregibles, pero que denota falta de habilidad pol\u00edtica\u2026<\/p>\n<p><u><a href=\"mailto:asorianocarrasco@yahoo.com\" target=\"_blank\" rel=\"noopener noreferrer\"><em>asorianocarrasco@yahoo.com<\/em><\/a><br \/>\n<em><a href=\"https:\/\/revistabrecha.com\" target=\"_blank\" rel=\"noopener noreferrer\">www.revistabrecha.com<\/a><br \/>\n<\/em><\/u><em>facebook oficial <a href=\"https:\/\/es-la.facebook.com\/RevistaBrecha.Oficial\" target=\"_blank\" rel=\"noopener\">@BrechaRevista<\/a><\/em><\/p>\n","protected":false},"excerpt":{"rendered":"<p><span style=\"color: #005497;\"><strong>\u00c1ngel Soriano<\/strong><\/span><\/p>\n","protected":false},"author":3,"featured_media":0,"comment_status":"open","ping_status":"open","sticky":false,"template":"","format":"standard","meta":{"_monsterinsights_skip_tracking":false,"_monsterinsights_sitenote_active":false,"_monsterinsights_sitenote_note":"","_monsterinsights_sitenote_category":0,"footnotes":""},"categories":[135],"tags":[85,86,43674],"class_list":["post-568771","post","type-post","status-publish","format-standard","hentry","category-angel-soriano-opinion","tag-angel-soriano","tag-desde-el-portal","tag-opinion"],"_links":{"self":[{"href":"https:\/\/www.diarioimagen.net\/index.php?rest_route=\/wp\/v2\/posts\/568771","targetHints":{"allow":["GET"]}}],"collection":[{"href":"https:\/\/www.diarioimagen.net\/index.php?rest_route=\/wp\/v2\/posts"}],"about":[{"href":"https:\/\/www.diarioimagen.net\/index.php?rest_route=\/wp\/v2\/types\/post"}],"author":[{"embeddable":true,"href":"https:\/\/www.diarioimagen.net\/index.php?rest_route=\/wp\/v2\/users\/3"}],"replies":[{"embeddable":true,"href":"https:\/\/www.diarioimagen.net\/index.php?rest_route=%2Fwp%2Fv2%2Fcomments&post=568771"}],"version-history":[{"count":0,"href":"https:\/\/www.diarioimagen.net\/index.php?rest_route=\/wp\/v2\/posts\/568771\/revisions"}],"wp:attachment":[{"href":"https:\/\/www.diarioimagen.net\/index.php?rest_route=%2Fwp%2Fv2%2Fmedia&parent=568771"}],"wp:term":[{"taxonomy":"category","embeddable":true,"href":"https:\/\/www.diarioimagen.net\/index.php?rest_route=%2Fwp%2Fv2%2Fcategories&post=568771"},{"taxonomy":"post_tag","embeddable":true,"href":"https:\/\/www.diarioimagen.net\/index.php?rest_route=%2Fwp%2Fv2%2Ftags&post=568771"}],"curies":[{"name":"wp","href":"https:\/\/api.w.org\/{rel}","templated":true}]}}