{"id":568777,"date":"2022-12-12T00:03:42","date_gmt":"2022-12-12T06:03:42","guid":{"rendered":"https:\/\/www.diarioimagen.net\/?p=568777"},"modified":"2022-12-12T02:59:05","modified_gmt":"2022-12-12T08:59:05","slug":"los-duendes-adan-y-mier-dan-pena","status":"publish","type":"post","link":"https:\/\/www.diarioimagen.net\/?p=568777","title":{"rendered":"Los duendes Ad\u00e1n y Mier dan pena"},"content":{"rendered":"<h2>Espacio Electoral<\/h2>\n<h5>Eleazar Flores<\/h5>\n<p>&nbsp;<\/p>\n<p><strong>A\u00daN HAY M\u00c1S EN \u201cPLAN B\u201d-.<\/strong> Sabedores de que jam\u00e1s aceptar\u00e1n sus yerros ni los de sus diputados plebeyos guindas, que ya ni legislan sobre las rodillas, sino que aprueban sin ver, el \u201cdescubrimiento\u201d de cobijar la debilidad de partidos compinches, PT y PVEM, es apenas el principio de muchas \u201cnovedades\u201d madrugadoras, pues recuerde que el \u201cplan B\u201d se despabil\u00f3 a las cuatro de la ma\u00f1ana.<\/p>\n<p>Siendo de madrugada la \u201cinteligent\u00edsima\u201d maniobra, tanto del titular de la Segob como del l\u00edder cameral, me niego a pensar que a esas horas de la madrugada estuvieran saboreando una tlayuda tabasque\u00f1a o un camote poblano.<\/p>\n<p>Lo peor de todo es el \u201cs\u00f3lido\u201d argumento presidencial anunciado desde el p\u00falpito ma\u00f1anero en el sentido de que \u201cfueron los duendes\u201d, como se dice en los medios, cuando hay un error. Lo que pasa es que los duendes en los medios se limitan a una l\u00ednea o falta de ortograf\u00eda, o aquella grave del diazordacismo donde la confusi\u00f3n fue un pie de foto, pero esa es otra historia.<\/p>\n<p><strong>DESCUBIERTOS-.<\/strong> Aun cuando les faltar\u00e1 valor para aceptar una indebida ayuda a los partidos sat\u00e9lites de Morena como son PT y PVEM, tanto el secretario de Gobernaci\u00f3n, Ad\u00e1n Augusto L\u00f3pez Hern\u00e1ndez, como el coordinador de los diputados guindas, Mois\u00e9s Ignacio Mier Velazco, ambos de amplia trayectoria priista, literalmente quisieron madrugar a sus colegas de la oposici\u00f3n PAN, PRI y PRD.<\/p>\n<p>Eso de a\u00f1adir al texto el tres por ciento m\u00ednimo de la votaci\u00f3n nacional o s\u00f3lo en 17 entidades, se debe a que Morena presionar\u00eda a los gobernadores de su divisa aplicarse el d\u00eda de las elecciones. Todo era un plan con ma\u00f1a, sin la menor duda.<\/p>\n<p><strong>REDISTRITAR Y MENOS APOYO-.<\/strong> Desde su creaci\u00f3n, como IFE el 11 de octubre de 1990 hasta las elecciones de 2021 ya como INE, el \u00e1rbitro electoral ha organizado con el apoyo de millones de ciudadanos, que son el verdadero Instituto, cinco elecciones presidenciales e igual n\u00famero de intermedias federales, m\u00e1s buen n\u00famero de procesos locales.<\/p>\n<p>Ciertamente en dichos procesos se han presentado problemas, pero que recuerde, ninguna por incapacidad del IFE o INE y si no se instalaron algunas casillas, intervinieron factores como inseguridad o algo parecido, jam\u00e1s por falta de organizaci\u00f3n.<\/p>\n<p>Ese trabajo es lo que hac\u00eda y hace el famoso \u201cservicio profesional electoral\u201d, del que a lo mejor usted ha llegado a formar parte en alg\u00fan proceso, previa capacitaci\u00f3n seria y prolongada y esto es lo que quiere desaparecer el \u201cplan B\u201d, adem\u00e1s de redistritar que es m\u00e1s complicado de lo que usted imagina y \u00bfsabe qu\u00e9?, dizque por ahorrar.<\/p>\n<p>Ojal\u00e1 y el \u201cplan b\u201d no avance, por bien de todos.<\/p>\n<p><em><a href=\"mailto:elefa44@gmail.com\" target=\"_blank\" rel=\"noopener noreferrer\">lefa44@gmail.com<\/a><\/em><\/p>\n","protected":false},"excerpt":{"rendered":"<p><span style=\"color: #005497;\"><strong>Eleazar Flores<\/strong><\/span><\/p>\n","protected":false},"author":3,"featured_media":0,"comment_status":"open","ping_status":"open","sticky":false,"template":"","format":"standard","meta":{"_monsterinsights_skip_tracking":false,"_monsterinsights_sitenote_active":false,"_monsterinsights_sitenote_note":"","_monsterinsights_sitenote_category":0,"footnotes":""},"categories":[81743],"tags":[81744,81776,43674],"class_list":["post-568777","post","type-post","status-publish","format-standard","hentry","category-eleazar-flores","tag-eleazar-flores","tag-espacio-electoral","tag-opinion"],"_links":{"self":[{"href":"https:\/\/www.diarioimagen.net\/index.php?rest_route=\/wp\/v2\/posts\/568777","targetHints":{"allow":["GET"]}}],"collection":[{"href":"https:\/\/www.diarioimagen.net\/index.php?rest_route=\/wp\/v2\/posts"}],"about":[{"href":"https:\/\/www.diarioimagen.net\/index.php?rest_route=\/wp\/v2\/types\/post"}],"author":[{"embeddable":true,"href":"https:\/\/www.diarioimagen.net\/index.php?rest_route=\/wp\/v2\/users\/3"}],"replies":[{"embeddable":true,"href":"https:\/\/www.diarioimagen.net\/index.php?rest_route=%2Fwp%2Fv2%2Fcomments&post=568777"}],"version-history":[{"count":0,"href":"https:\/\/www.diarioimagen.net\/index.php?rest_route=\/wp\/v2\/posts\/568777\/revisions"}],"wp:attachment":[{"href":"https:\/\/www.diarioimagen.net\/index.php?rest_route=%2Fwp%2Fv2%2Fmedia&parent=568777"}],"wp:term":[{"taxonomy":"category","embeddable":true,"href":"https:\/\/www.diarioimagen.net\/index.php?rest_route=%2Fwp%2Fv2%2Fcategories&post=568777"},{"taxonomy":"post_tag","embeddable":true,"href":"https:\/\/www.diarioimagen.net\/index.php?rest_route=%2Fwp%2Fv2%2Ftags&post=568777"}],"curies":[{"name":"wp","href":"https:\/\/api.w.org\/{rel}","templated":true}]}}