{"id":568783,"date":"2022-12-12T00:06:07","date_gmt":"2022-12-12T06:06:07","guid":{"rendered":"https:\/\/www.diarioimagen.net\/?p=568783"},"modified":"2022-12-12T03:03:05","modified_gmt":"2022-12-12T09:03:05","slug":"se-sigue-hablando-de-opacidad-y-negocios-turbios-en-el-futbol","status":"publish","type":"post","link":"https:\/\/www.diarioimagen.net\/?p=568783","title":{"rendered":"Se sigue hablando de opacidad y negocios turbios en el futbol"},"content":{"rendered":"<h2>Como veo, doy<\/h2>\n<h5>Jorge Luis Galicia Palacios<\/h5>\n<p>&nbsp;<\/p>\n<ul>\n<li><strong><em>Han dejado a un lado el fomento al deporte con esp\u00edritu de desarrollo social<\/em><\/strong><\/li>\n<\/ul>\n<p>&nbsp;<\/p>\n<p>La Selecci\u00f3n Mexicana de Futbol ya no est\u00e1 en Qatar, las aspiraciones de jugar su quinto juego no se cumplieron y ese resultado fue visto por la afici\u00f3n nacional no s\u00f3lo como un desastre, sino tambi\u00e9n como un jugoso negocio donde los \u00fanicos que ganan son los directivos y due\u00f1os de los equipos de primera divisi\u00f3n, un negocio donde los intereses publicitarios y comerciales est\u00e1n por encima del fomento deportivo e incluso por encima de las autoridades del deporte.<\/p>\n<p>Ya no participa el nombre de M\u00e9xico en la justa mundialista, sin embargo en nuestro pa\u00eds sigue la pasi\u00f3n y los aficionados, que se cuentan por millones, no est\u00e1n dispuestos a que a sus costillas los due\u00f1os del balompi\u00e9 sigan llenando sus bolsillos con la franquicia que venden a nombre de un pa\u00eds y consideran justo que si compiten a nombre de todo un pa\u00eds algo de esas ganancias sirvan para promover el deporte llanero, el amateur, el que sirve para ser competitivos, para conservar una salud sana y nada tiene que ver con intereses lucrativos.<\/p>\n<p>Si entre particulares hablan a nombre de M\u00e9xico, su bandera, su himno, su escudo, lo ideal es que los voraces dirigentes de la Federaci\u00f3n Mexicana de F\u00fatbol y los due\u00f1os de clubes se comprometan a fomentar la pr\u00e1ctica del fut con recursos debidamente etiquetados de manera anual, se comprometan con todo un programa integral donde se d\u00e9 seguimiento a proyectos, a evaluaciones de los resultados obtenidos en la poblaci\u00f3n y que se establezcan porcentajes, m\u00e1s all\u00e1 de los impuestos que pagan, por cada partido jugado y que ese recurso sea auditado o vigilado en su aplicaci\u00f3n para que no se use discrecionalmente en asuntos ajenos al deporte o para que no quede en los bolsillos de algunas autoridades, como lamentablemente se rumora que sucede.<\/p>\n<p>Es cierto, hay ejercicios de fomento al deporte, donde se habla de beneficios a algunos sectores por gol anotado, por juego ganado, por \u00e9xitos en torneos celebrados, pero no se conoce de la existencia de una norma donde esas espor\u00e1dicas participaciones se hagan de manera obligada, con m\u00e1s frecuencia y pensando tambi\u00e9n en el desarrollo social de toda una naci\u00f3n que se apasiona con ellos y sienten los colores de su pa\u00eds. Ese es el meollo de esta reflexi\u00f3n futbolera. Que conste.<\/p>\n<p><strong>LAS CARTAS HABLAN.\u2014<\/strong> En ese contexto, de reflexiones y debate que por todos lados se da en torno al juego del futbol, transcribimos parte de la participaci\u00f3n de Amir Ibrahim, director del portal Quintana Roo Mx, durante la conferencia ma\u00f1anera del presidente de la Rep\u00fablica, Andr\u00e9s Manuel L\u00f3pez Obrador. Opini\u00f3n que surge tambi\u00e9n en el marco de la derrota del seleccionado nacional en el mundial de Qatar:<\/p>\n<p>\u201cEl futbol en M\u00e9xico es un tema de inter\u00e9s nacional, no por nada fuimos el pa\u00eds con la quinta mayor asistencia en el Mundial de Qatar. Este deporte es motivo de reuni\u00f3n y de uni\u00f3n para amigos, para compa\u00f1eros de trabajo, connacionales de todo extracto social y creencias pol\u00edticas.<\/p>\n<p>Al mismo tiempo, el futbol es un gran negocio, estimaciones se\u00f1alan que mueve en el pa\u00eds unos dos mil 800 millones de d\u00f3lares al a\u00f1o, de los cuales la Federaci\u00f3n Mexicana de F\u00fatbol pudiera abarcar cerca de la mitad.<\/p>\n<p>Desde hace alg\u00fan tiempo este enorme bot\u00edn ha tra\u00eddo a muchas personas con ambiciones desbordantes, promotores y due\u00f1os que poco a poco han ido desvirtuando el esp\u00edritu deportivo del futbol nacional para darle prioridad a sus ganancias. Este af\u00e1n por el dinero nos ha llevado a romper las reglas de competencia, a cerrarle el paso a talentos, incluso a incurrir en pr\u00e1cticas que son muy dif\u00edciles de no verlas como corrupci\u00f3n y evasi\u00f3n fiscal.<\/p>\n<p>El f\u00fatbol profesional es un negocio privado, eso es cierto, pero tambi\u00e9n es cierto que toca a la esfera p\u00fablica: Primero, por ser un tema de inter\u00e9s personal; Segundo, por su amplio manejo del dinero p\u00fablico procedente de los estados y por gozar estos clubes de considerables condonaciones de impuestos, adem\u00e1s de que les concesionan los estadios que les pertenecen al pueblo.<\/p>\n<p>Tercero, por el inter\u00e9s colectivo de miles y miles de j\u00f3venes que depositan en estas instituciones su futuro y sus esperanzas; Cuarto, por los amplios indicios de defraudaci\u00f3n fiscal que lesionan las arcas p\u00fablicas; A estas razones y en vista de la coyuntura actual, a\u00f1adir\u00eda una quinta, estas pr\u00e1cticas retrasan el desarrollo deportivo del pa\u00eds, como acabamos de atestiguar todos\u201d.<\/p>\n<p><strong>VA MI RESTO.\u2014<\/strong> No hay duda, ya es tiempo de que cuando se hable de M\u00e9xico, en el futbol y cualquier otro deporte, los involucrados piensen verdaderamente en un pa\u00eds, en su poblaci\u00f3n, en sus valores, y si en la utilizaci\u00f3n de los s\u00edmbolos patrios hay ganancias monetarias por eventos, por juegos o actividades, lo justo es que haya un reparto de utilidades, donde los due\u00f1os y directivos ganen, s\u00ed, pero que esas ganancias tengan dividendos hacia una afici\u00f3n que los apoya y que junto a ellos comparten sentimientos nacionalistas que se manifiestan en la tribuna, en la audiencia o en el campo de juego, y hasta ah\u00ed porque como veo, doy.<\/p>\n<p><em><a href=\"mailto:jorgelgalicia@yahoo.com.mx\" target=\"_blank\" rel=\"noopener noreferrer\">jorgelgalicia@yahoo.com.mx<\/a><\/em><\/p>\n","protected":false},"excerpt":{"rendered":"<p><span style=\"color: #005497;\"><strong>Jorge Luis Galicia Palacios<\/strong><\/span><\/p>\n","protected":false},"author":3,"featured_media":0,"comment_status":"open","ping_status":"open","sticky":false,"template":"","format":"standard","meta":{"_monsterinsights_skip_tracking":false,"_monsterinsights_sitenote_active":false,"_monsterinsights_sitenote_note":"","_monsterinsights_sitenote_category":0,"footnotes":""},"categories":[63916],"tags":[28722,63917,43674],"class_list":["post-568783","post","type-post","status-publish","format-standard","hentry","category-jorge-luis-galicia-palacios","tag-como-veo-doy","tag-jorge-luis-galicia-palacios","tag-opinion"],"_links":{"self":[{"href":"https:\/\/www.diarioimagen.net\/index.php?rest_route=\/wp\/v2\/posts\/568783","targetHints":{"allow":["GET"]}}],"collection":[{"href":"https:\/\/www.diarioimagen.net\/index.php?rest_route=\/wp\/v2\/posts"}],"about":[{"href":"https:\/\/www.diarioimagen.net\/index.php?rest_route=\/wp\/v2\/types\/post"}],"author":[{"embeddable":true,"href":"https:\/\/www.diarioimagen.net\/index.php?rest_route=\/wp\/v2\/users\/3"}],"replies":[{"embeddable":true,"href":"https:\/\/www.diarioimagen.net\/index.php?rest_route=%2Fwp%2Fv2%2Fcomments&post=568783"}],"version-history":[{"count":0,"href":"https:\/\/www.diarioimagen.net\/index.php?rest_route=\/wp\/v2\/posts\/568783\/revisions"}],"wp:attachment":[{"href":"https:\/\/www.diarioimagen.net\/index.php?rest_route=%2Fwp%2Fv2%2Fmedia&parent=568783"}],"wp:term":[{"taxonomy":"category","embeddable":true,"href":"https:\/\/www.diarioimagen.net\/index.php?rest_route=%2Fwp%2Fv2%2Fcategories&post=568783"},{"taxonomy":"post_tag","embeddable":true,"href":"https:\/\/www.diarioimagen.net\/index.php?rest_route=%2Fwp%2Fv2%2Ftags&post=568783"}],"curies":[{"name":"wp","href":"https:\/\/api.w.org\/{rel}","templated":true}]}}