{"id":568789,"date":"2022-12-19T00:07:08","date_gmt":"2022-12-19T06:07:08","guid":{"rendered":"https:\/\/www.diarioimagen.net\/?p=568789"},"modified":"2022-12-18T23:37:11","modified_gmt":"2022-12-19T05:37:11","slug":"se-avecina-competencia-renida-por-la-presidencia-de-la-suprema-corte","status":"publish","type":"post","link":"https:\/\/www.diarioimagen.net\/?p=568789","title":{"rendered":"Se avecina competencia re\u00f1ida por la presidencia de la Suprema Corte"},"content":{"rendered":"<h2>Clase Pol\u00edtica<\/h2>\n<h5>Miguel \u00c1ngel Rivera<\/h5>\n<p>&nbsp;<\/p>\n<p>En momentos en que est\u00e1 en revisi\u00f3n una reforma electoral que entre otros aspectos toc\u00f3 la posibilidad de una segunda vuelta en las votaciones, la Suprema Corte de Justicia de la Naci\u00f3n entrar\u00e1 en un proceso en el que casi seguramente ser\u00e1n necesarias dos, tres o m\u00e1s rondas.<\/p>\n<p>Este sistema de varias vueltas en las votaciones resultar\u00e1 obligado el venidero 2 de enero, cuando los ministros del m\u00e1ximo tribunal del pa\u00eds elijan a quien, de entre ellos, ser\u00e1 su presidente para el siguiente periodo de cuatro a\u00f1os.<\/p>\n<p>Esto, porque en el ya inminente 31 de diciembre, termina el periodo para el cual fue elegido Arturo Zald\u00edvar Lelo de Larrea, al cual el jefe del Ejecutivo federal, Andr\u00e9s Manuel L\u00f3pez Obrador, intent\u00f3 regalarle un periodo adicional, para que pudiera concluir la reforma del Poder Judicial Federal, pero no prosper\u00f3 su reforma, por resultar inconstitucional y la tuvieron que enterrar los propios ministros.<\/p>\n<p>El mencionado \u00faltimo d\u00eda del a\u00f1o concluyen las facultades especiales de las que goza el ministro presidente, entre ellas el voto de calidad en caso de empate entre los restantes diez ministros. Pero, debido a la divisi\u00f3n que se ha dado dentro de la Corte ante la pr\u00f3xima elecci\u00f3n, de cualquier forma el sufragio de Zald\u00edvar puede resultar definitorio.<\/p>\n<p>Vale detallar que, de acuerdo con las normas que rigen a la Suprema Corte de Justicia, el ministro que resulte elegido presidente debe sumar seis votos, es decir obtener mayor\u00eda absoluta.<\/p>\n<p>Resulta que para el siguiente periodo presidencial (en la Corte) se han postulado para encabezar el llamado tribunal constitucional cinco de los once ministros que lo integran (Zald\u00edvar ya no se puede inscribir, pues no existe la reelecci\u00f3n para un periodo inmediato), con lo cual ser\u00eda necesario, para triunfar, que todos los ministros que no aspiran a la presidencia voten por uno solo de los inscritos, para as\u00ed alcanzar el m\u00ednimo de seis, eso en caso de que se cumpla con el acto elegante de no votar por s\u00ed mismo.<\/p>\n<p>Los enterados dicen que, de inicio, ninguno de los postulantes puede sumar el m\u00ednimo de seis para una primera vuelta. Necesariamente se tendr\u00e1n que realizar dos o tres rondas.<\/p>\n<p>De acuerdo con el reglamento interno de la Suprema Corte, en caso de que ninguno de los ministros aspirantes sume la mayor\u00eda necesaria, se debe realizar una segunda vuelta en la que participar\u00edan \u00fanicamente los ministros que se hicieron con la mayor cantidad de votos en la primera ronda. Si en la segunda ronda tampoco se llega a esa mayor\u00eda, se repetir\u00e1 el procedimiento las veces que sean necesarias, hasta que alg\u00fan ministro obtenga la votaci\u00f3n requerida.<\/p>\n<p>Aritm\u00e9ticamente, con cinco candidatos, se puede dar el caso de que cuatro de ellos podr\u00edan sumar dos sufragios a favor y el quinto tendr\u00eda tres. Entonces, de los cuatro con dos puntos \u00bfcu\u00e1l pasar\u00eda a la segunda ronda?<\/p>\n<p style=\"text-align: center;\"><strong>Una mujer y un hombre, considerados favoritos para la segunda vuelta<\/strong><\/p>\n<p>Esta pregunta es mera presunci\u00f3n, pues en los terrenos pol\u00edticos es dif\u00edcil que se den esas condiciones.<\/p>\n<p>De hecho, los conocedores a los que hemos hecho referencia consideran que son dos los ministros con mayores posibilidades. Una es Yasm\u00edn Esquivel Mossa y el otro Javier Lainez Potisek. Los restantes son Norma Luc\u00eda Pi\u00f1a Hern\u00e1ndez, Alfredo Guti\u00e9rrez Ortiz Mena y Alberto P\u00e9rez Day\u00e1n.<\/p>\n<p>Aunque por primera ocasi\u00f3n en la historia del pa\u00eds se abre la posibilidad real de que una mujer presida la Suprema Corte de Justicia, la nominaci\u00f3n de Esquivel Mossa obedece m\u00e1s a su cercan\u00eda personal con el presidente L\u00f3pez Obrador, por m\u00e9ritos propios a los que se suman los de su esposo, Jos\u00e9 Mar\u00eda Rioboo, uno de los empresarios favoritos del r\u00e9gimen, desde que el actual primer mandatario era jefe de Gobierno, en el entonces Distrito Federal.<\/p>\n<p>En materia de igualdad de g\u00e9nero se ha distinguido m\u00e1s la tambi\u00e9n aspirante Norma Luc\u00eda Pi\u00f1a Hern\u00e1ndez, quien sostiene la bandera de que es hora de que una mujer encabece ese alto tribunal.<\/p>\n<p>La ministra Esquivel Mossa niega cualquier influencia de su esposo. De cualquier forma, ella es una de los cuatro ministros elegidos a propuesta de L\u00f3pez Obrador y que, l\u00f3gicamente, tienen afinidad con la llamada Cuarta Transformaci\u00f3n. Un quinto voto de este bloque provendr\u00eda del casi ex presidente Zald\u00edvar Lelo de Larrea, quien no ha logrado convencer de su independencia de criterio.<\/p>\n<p>Entre los muchos rumores que rodean un proceso tan cerrado como la elecci\u00f3n de presidente de la Corte, se dice que efectivamente Zald\u00edvar ha marcado distancia respecto de un supuesto bloque obradorista, pues se dice que su candidato es un tercero, Alfredo Guti\u00e9rrez Ortiz Mena, quien fue propuesto para ministro a inicios del gobierno de Enrique Pe\u00f1a Nieto. No se sabe bien a bien si ese supuesto respaldo de Zald\u00edvar resulte ben\u00e9fico o negativo para las aspiraciones de Guti\u00e9rrez Ortiz Mena.<\/p>\n<p>En ese sentido, libre de influencias ajenas, abanderado de la autonom\u00eda del Poder Judicial, aparece el otro considerado favorito, Lainez Potisek, quien fue profesor del Colegio de M\u00e9xico y del CIDE, postulado para ministro tambi\u00e9n en el sexenio de Pe\u00f1a Nieto.<\/p>\n<p>El nuevo presidente de la Suprema Corte tomar\u00e1 posesi\u00f3n el mismo 2 de enero, en la misma sesi\u00f3n donde se espera sea elegido, a menos que la competencia resulte demasiado re\u00f1ida, lo cual parece poco probable.<\/p>\n<p>Mientras tanto, en el Legislativo est\u00e1 pendiente la reforma electoral, concretamente en el Senado, que tendr\u00e1 que corregir los \u201cerrores\u201d de los diputados.<\/p>\n<p>A fin de que no se judicialice el llamado \u201cplan B\u201d, el coordinador de los senadores de Morena, Ricardo Monreal, adelant\u00f3 que trabajar\u00e1n para hacer un documento \u201clo m\u00e1s aseado y escrupulosamente observante de la Constituci\u00f3n\u201d.<\/p>\n<p>El tambi\u00e9n presidente de la Junta de Coordinaci\u00f3n Pol\u00edtica del Senado asegur\u00f3 que corregir\u00e1n los errores e inconsistencias constitucionales de la reforma electoral, al considerar que debe contar con legitimidad social.<\/p>\n<p>Indic\u00f3 que de no corregir los \u201cerrores delicados\u201d la reforma \u201cir\u00eda en detrimento de la calidad de la democracia\u201d.<\/p>\n<p style=\"text-align: center;\"><strong>Tv Azteca, a la reconquista de EU: Dulce \u00c1vila<\/strong><\/p>\n<p>\u201cTenemos m\u00e1s de 40.000 horas disponibles para EU en este momento\u201d, destac\u00f3 Dulce \u00c1vila, gerente de Ventas de TV Azteca Internacional, para reconquistar el mercado de ese territorio.<\/p>\n<p>Dijo que tambi\u00e9n cuentan con una librer\u00eda que est\u00e1 integrada por t\u00edtulos como las telenovelas, las series, \u201ctenemos series premium, shows, documentales, unitarios\u201d, que en este momento conforman una de sus apuestas m\u00e1s fuertes, conjuntamente con series y unitarios.<\/p>\n<p>TV Azteca lleva un cat\u00e1logo de librer\u00eda cl\u00e1sica que, seg\u00fan destac\u00f3 \u00c1vila, es ya conocido por la audiencia en Latinoam\u00e9rica y otras partes del mundo. \u201cPero al mismo tiempo estamos llevando a nuestros grandes estrenos y nuestras grandes apuestas, como Loter\u00eda del crimen o Un d\u00eda para vivir, que son contenidos de reciente producci\u00f3n que estamos impulsando y lanzando este a\u00f1o en horarios prime\u201d inform\u00f3.<\/p>\n<p>En TV Azteca tambi\u00e9n est\u00e1n abiertos a producci\u00f3n conjunta. \u201cTenemos un par de proyectos que estamos impulsando y ofreciendo para coproducci\u00f3n\u201d.<\/p>\n<p>La reconquista del territorio estadounidense estar\u00e1 encabezada por un equipo conformado por \u00c1vila y Melissa Pillow, representante de ventas exclusiva para Europa, Israel, EU, Nueva Zelanda y Australia. \u201cEstamos muy entusiasmadas de visitar nuevamente a todos nuestros socios en este territorio tan importante\u201d, resalt\u00f3 \u00c1vila.<\/p>\n<p>Por su parte, Adri\u00e1n Ortega, director general de Contenidos, manifest\u00f3 su satisfacci\u00f3n y la trascendencia de esta reconquista. \u201cEs algo muy importante para nosotros, porque tenemos el producto ideal af\u00edn al mercado de Estados Unidos hispano\u201d, dijo.<\/p>\n<p>\u201cSomos de los creadores m\u00e1s poderosos de Latinoam\u00e9rica y para nosotros es muy importante llegar a este mercado, entonces estamos de buenas noticias ampliando mercados y felices\u201d, destac\u00f3.<\/p>\n<p>La estrategia de reconquista de este mercado va ser 360 de distribuci\u00f3n con canales y digital, ampliamente coordinada que har\u00e1n desde M\u00e9xico. \u201cVamos a lograr una arquitectura perfecta de distribuci\u00f3n\u201d.<\/p>\n<p>Adem\u00e1s, cuentan con los mejores especialistas en el mercado en distribuci\u00f3n. \u201cTodo el equipo de TV Azteca internacional est\u00e1 preparado para canales de paga, digital, televisi\u00f3n terrestre\u201d explic\u00f3.<\/p>\n<p>Destac\u00f3 que el equipo est\u00e1 presto y dispuesto a entablar negociaciones con todo mundo.<\/p>\n<p><em><a href=\"mailto:riparcangel@hotmail.com\" target=\"_blank\" rel=\"noopener noreferrer\">riparcangel@hotmail.com<\/a><\/em><\/p>\n","protected":false},"excerpt":{"rendered":"<p><span style=\"color: #005497;\"><strong>Miguel \u00c1ngel Rivera<\/strong><\/span<\/span><\/p>\n","protected":false},"author":3,"featured_media":0,"comment_status":"open","ping_status":"open","sticky":false,"template":"","format":"standard","meta":{"_monsterinsights_skip_tracking":false,"_monsterinsights_sitenote_active":false,"_monsterinsights_sitenote_note":"","_monsterinsights_sitenote_category":0,"footnotes":""},"categories":[84119],"tags":[84120,84121,43674],"class_list":["post-568789","post","type-post","status-publish","format-standard","hentry","category-miguel-angel-rivera","tag-clase-politica","tag-miguel-angel-rivera","tag-opinion"],"_links":{"self":[{"href":"https:\/\/www.diarioimagen.net\/index.php?rest_route=\/wp\/v2\/posts\/568789","targetHints":{"allow":["GET"]}}],"collection":[{"href":"https:\/\/www.diarioimagen.net\/index.php?rest_route=\/wp\/v2\/posts"}],"about":[{"href":"https:\/\/www.diarioimagen.net\/index.php?rest_route=\/wp\/v2\/types\/post"}],"author":[{"embeddable":true,"href":"https:\/\/www.diarioimagen.net\/index.php?rest_route=\/wp\/v2\/users\/3"}],"replies":[{"embeddable":true,"href":"https:\/\/www.diarioimagen.net\/index.php?rest_route=%2Fwp%2Fv2%2Fcomments&post=568789"}],"version-history":[{"count":0,"href":"https:\/\/www.diarioimagen.net\/index.php?rest_route=\/wp\/v2\/posts\/568789\/revisions"}],"wp:attachment":[{"href":"https:\/\/www.diarioimagen.net\/index.php?rest_route=%2Fwp%2Fv2%2Fmedia&parent=568789"}],"wp:term":[{"taxonomy":"category","embeddable":true,"href":"https:\/\/www.diarioimagen.net\/index.php?rest_route=%2Fwp%2Fv2%2Fcategories&post=568789"},{"taxonomy":"post_tag","embeddable":true,"href":"https:\/\/www.diarioimagen.net\/index.php?rest_route=%2Fwp%2Fv2%2Ftags&post=568789"}],"curies":[{"name":"wp","href":"https:\/\/api.w.org\/{rel}","templated":true}]}}