{"id":568795,"date":"2022-12-12T00:12:51","date_gmt":"2022-12-12T06:12:51","guid":{"rendered":"https:\/\/www.diarioimagen.net\/?p=568795"},"modified":"2022-12-12T03:15:24","modified_gmt":"2022-12-12T09:15:24","slug":"validar-lo-aprobado-por-diputados-afectaria-sin-retorno-a-democracia-monreal","status":"publish","type":"post","link":"https:\/\/www.diarioimagen.net\/?p=568795","title":{"rendered":"Validar lo aprobado por diputados afectar\u00eda sin retorno a democracia: Monreal"},"content":{"rendered":"<h2>Tras la puerta del poder<\/h2>\n<h5>Roberto Vizca\u00edno<\/h5>\n<p>&nbsp;<\/p>\n<p>La conclusi\u00f3n del senador y constitucionalista <strong>Ricardo Monreal<\/strong> es contundente:<\/p>\n<p>\u201cValidar el plan B electoral aprobado por los diputados de Morena y aliados no s\u00f3lo <strong>pone en riesgo la operaci\u00f3n de INE y la viabilidad de las elecciones de 2023 y 2024, sino a la democracia misma en este pa\u00eds\u201d.<\/strong><\/p>\n<p>Es de tal nivel, dijo, el posible impacto de este \u201cplan B\u201d, que:<\/p>\n<p>\u201c<strong>La decisi\u00f3n que asuma el Senado va a definir el futuro, sin que lo diga de manera superficial, sino muy seria: puede definir el futuro de nuestra democracia<\/strong> y tenemos que ser muy cuidadosos&#8230; este es un momento muy complicado, quiz\u00e1 el m\u00e1s dif\u00edcil de los \u00faltimos cuatro a\u00f1os&#8230; <strong>estamos hablando de <em>un nuevo sistema electoral<\/em> y no s\u00e9 si nos d\u00e9 tiempo para que se adecue en un a\u00f1o este sistema\u201d.<\/strong><\/p>\n<p><strong>Monreal considera que los <\/strong>cambios previstos por el plan B de AMLO, modifican de tal forma la estructura<strong> original <\/strong>de los \u00f3rganos de <strong>direcci\u00f3n y ejecutivos<\/strong> del INE que no hay forma de que contin\u00faen con las tareas que normalmente realizan.<\/p>\n<p>Ser\u00eda de tal nivel su<strong> compactaci\u00f3n y la fusi\u00f3n de \u00e1reas en el INE<\/strong>, que no se puede evaluar el impacto en sus resultados.<\/p>\n<p><strong>\u201cEliminar \u00e1reas fundamentales para el instituto es una situaci\u00f3n que a todos nos sor<\/strong>prende.<\/p>\n<p>\u201cSe necesita que la estructura del instituto soporte los recortes, dado que se trata de actividades sustanciales en el proceso electoral, por ejemplo, la capacitaci\u00f3n de funcionarios de mesas directivas\u201d, indic\u00f3.<\/p>\n<p><strong>Entrevistado por el diario <em>Reforma,<\/em> Monreal admiti\u00f3 que la decisi\u00f3n que \u00e9l tome respecto de este plan definir\u00e1 su futuro pol\u00edtico inmediato.<\/strong><\/p>\n<p>\u201cLo que quiero es cumplir con mi deber y cuidar la Constituci\u00f3n. No estoy intentado erigirme en un hombre que destaque, pero s\u00e9 que <strong>mi decisi\u00f3n puede sepultarme para siempre\u201d.<\/strong><\/p>\n<p><strong>Es decir, Monreal est\u00e1 pensando en votar en contra.<\/strong><\/p>\n<p>Y es que lo aprobado por diputados contiene tantas inconsistencias constitucionales que es imposible validarlo tal cual para un constitucionalista como el zacatecano.<\/p>\n<p style=\"text-align: center;\"><strong>Horas tensas de limpieza y correcci\u00f3n<\/strong><\/p>\n<p>S\u00e1bado y domingo se dedicaron a revisar e intentar corregir las fallas encontradas. Una tarea imposible fue ajustar lo reformado en m\u00e1s de 450 art\u00edculos de 6 leyes a lo establecido en la Carta Magna, sin anular los objetivos de AMLO en contra del INE y el sistema electoral.<\/p>\n<p>Los senadores encargados de esa revisi\u00f3n y limpieza estuvieron vigilados todo el tiempo por el ala dura de Morena en el Senado, encabezados por el senador <strong>C\u00e9sar Cravioto<\/strong>, suplente y representante fiel de <strong>Mart\u00ed Batres<\/strong>.<\/p>\n<p><strong>Cravioto<\/strong> insisti\u00f3 en que <strong>Monreal<\/strong> no s\u00f3lo no debe meterle mano al Plan B, sino que su misi\u00f3n es votarlo todo a favor tal como est\u00e1 de tal forma que pueda mantenerse como coordinador de la bandada de Morena en la C\u00e1mara alta.<\/p>\n<p>El suplente de <strong>Batres<\/strong> dijo que espera que la bancada vote \u201cen el mismo sentido y que no haya fisuras, que no haya divisiones\u201d.<\/p>\n<p>El plan es que este lunes las comisiones de Gobernaci\u00f3n y de Estudios Legislativos Segunda dictaminen las minutas y estas sean presentadas en el Pleno ma\u00f1ana martes en primera y segunda lectural a fin de ser votadas de inmediato para que puedan regresar antes del jueves a San L\u00e1zaro, donde ser\u00edan votadas antes del cierre del per\u00edodo legislativo.<\/p>\n<p><strong>Si Monreal decidiese votar en contra, dice Reforma, <\/strong>precipitar\u00eda su salida de Morena seguido quiz\u00e1 por los senadores <strong>Crist\u00f3bal Arias, Jos\u00e9 Ram\u00f3n Enr\u00edquez, Eduardo Ram\u00edrez Aguilar, Freyda Marybel Villegas, Claudia Balderas, tal vez por Armando Guadiana <\/strong>y<strong> por<\/strong> <strong>El\u00ed C\u00e9sar Cervantes, Soledad Lu\u00e9vano, Gricelda Valencia; Nancy S\u00e1nchez Arredondo, Ricardo Vel\u00e1zquez, Casimiro M\u00e9ndez, Adolfo G\u00f3mez Hern\u00e1ndez <\/strong>y<strong> Roc\u00edo Abreu<\/strong>.<\/p>\n<p>El senador <strong>Germ\u00e1n Mart\u00ednez<\/strong>, fundador del Grupo Plural, ex presidente del PAN y ex director del IMSS afirma que Monreal est\u00e1 por mostrar en las siguientes horas si es un aspirante presidencial tibio y que merezca ser apoyado en su camino hacia el 2024.<\/p>\n<p>\u201c<strong>Monreal<\/strong> tiene hoy la llave de la <strong><em>democracia o la antidemocracia<\/em><\/strong>. Si est\u00e1 en esa responsabilidad, se le debe exigir que se comprometa. Como dice L\u00f3pez Obrador: que se defina: no se puede estar con Dios y con el diablo\u201d, afirma <strong>Mart\u00ednez<\/strong>.<\/p>\n<p style=\"text-align: center;\"><strong>Retos en seguridad<\/strong><\/p>\n<p>Incorporar a la formalidad al mayor n\u00famero de empresas de seguridad privada que hoy operan en el pa\u00eds fuera del marco legal, su profesionalizaci\u00f3n y mejorar las condiciones de trabajo del personal que en ellas laboran, es el principal reto de la nueva mesa directiva de la Asociaci\u00f3n Mexicana de Empresas de Seguridad Privada, la AMESP, encabezada por <strong>Gabriel Bernal G\u00f3mez<\/strong>.<\/p>\n<p>Al tomar posesi\u00f3n para el bienio 2022-2024, el nuevo dirigente dijo buscar\u00e1 crear bases s\u00f3lidas para proponer acuerdos y compromisos que garanticen el avance sostenido de la seguridad privada, consolidando esfuerzos con m\u00faltiples actores de los sectores p\u00fablicos e institucionales.<\/p>\n<p><em><a href=\"mailto:rvizcainoa@gmail.com\" target=\"_blank\" rel=\"noopener noreferrer\">vizcainoa@gmail.com<\/a><a href=\"mailto:rvizcainoa@gmail.com\" target=\"_blank\" rel=\"noopener noreferrer\"><br \/>\n<\/a><a href=\"http:\/\/endirecto.mx\" target=\"_blank\" rel=\"noopener noreferrer\">www.endirecto.mx<\/a><a href=\"mailto:rvizcainoa@gmail.com\" target=\"_blank\" rel=\"noopener noreferrer\"><br \/>\n<\/a><a href=\"https:\/\/twitter.com\/_rvizcaino\" target=\"_blank\" rel=\"noopener noreferrer\">@_RVizcaino<\/a><a href=\"mailto:rvizcainoa@gmail.com\" target=\"_blank\" rel=\"noopener noreferrer\"><br \/>\n<\/a><a href=\"https:\/\/www.facebook.com\/rvizcainoa\" target=\"_blank\" rel=\"noopener noreferrer\">facebook.com\/rvizcainoa<\/a><\/em><\/p>\n","protected":false},"excerpt":{"rendered":"<p><span style=\"color: #005497;\"><strong>Roberto Vizca\u00edno<\/strong><\/span><\/p>\n","protected":false},"author":3,"featured_media":0,"comment_status":"open","ping_status":"open","sticky":false,"template":"","format":"standard","meta":{"_monsterinsights_skip_tracking":false,"_monsterinsights_sitenote_active":false,"_monsterinsights_sitenote_note":"","_monsterinsights_sitenote_category":0,"footnotes":""},"categories":[136],"tags":[43674,93,94],"class_list":["post-568795","post","type-post","status-publish","format-standard","hentry","category-roberto-vizcaino-opinion","tag-opinion","tag-roberto-vizcaino","tag-tras-la-puerta-del-poder"],"_links":{"self":[{"href":"https:\/\/www.diarioimagen.net\/index.php?rest_route=\/wp\/v2\/posts\/568795","targetHints":{"allow":["GET"]}}],"collection":[{"href":"https:\/\/www.diarioimagen.net\/index.php?rest_route=\/wp\/v2\/posts"}],"about":[{"href":"https:\/\/www.diarioimagen.net\/index.php?rest_route=\/wp\/v2\/types\/post"}],"author":[{"embeddable":true,"href":"https:\/\/www.diarioimagen.net\/index.php?rest_route=\/wp\/v2\/users\/3"}],"replies":[{"embeddable":true,"href":"https:\/\/www.diarioimagen.net\/index.php?rest_route=%2Fwp%2Fv2%2Fcomments&post=568795"}],"version-history":[{"count":0,"href":"https:\/\/www.diarioimagen.net\/index.php?rest_route=\/wp\/v2\/posts\/568795\/revisions"}],"wp:attachment":[{"href":"https:\/\/www.diarioimagen.net\/index.php?rest_route=%2Fwp%2Fv2%2Fmedia&parent=568795"}],"wp:term":[{"taxonomy":"category","embeddable":true,"href":"https:\/\/www.diarioimagen.net\/index.php?rest_route=%2Fwp%2Fv2%2Fcategories&post=568795"},{"taxonomy":"post_tag","embeddable":true,"href":"https:\/\/www.diarioimagen.net\/index.php?rest_route=%2Fwp%2Fv2%2Ftags&post=568795"}],"curies":[{"name":"wp","href":"https:\/\/api.w.org\/{rel}","templated":true}]}}