{"id":568831,"date":"2022-12-13T00:01:56","date_gmt":"2022-12-13T06:01:56","guid":{"rendered":"https:\/\/www.diarioimagen.net\/?p=568831"},"modified":"2022-12-13T03:06:22","modified_gmt":"2022-12-13T09:06:22","slug":"no-hubo-afectaciones-en-edomex-por-sismo","status":"publish","type":"post","link":"https:\/\/www.diarioimagen.net\/?p=568831","title":{"rendered":"No hubo afectaciones en Edomex, por sismo"},"content":{"rendered":"<p>&nbsp;<\/p>\n<p><a href=\"https:\/\/www.diarioimagen.net\/?attachment_id=568925\" rel=\"attachment wp-att-568925\"><img loading=\"lazy\" decoding=\"async\" class=\"aligncenter size-full wp-image-568925\" src=\"https:\/\/www.diarioimagen.net\/wp-content\/uploads\/2022\/12\/no-hubo-afecciones.jpg\" alt=\"\" width=\"460\" height=\"270\" \/><\/a><\/p>\n<p>&nbsp;<\/p>\n<p><strong>Toluca, Estado de M\u00e9xico.\u2014 <\/strong>El gobernador Alfredo Del Mazo Maza inform\u00f3 que, debido al sismo ocurrido el pasado domingo, los protocolos de alerta se activaron en el Estado de M\u00e9xico y no se reportaron incidentes.<\/p>\n<p>Tras el temblor, ocurrido a las 8:31 de la ma\u00f1ana del\u00a0 domingo, el mandatario estatal public\u00f3 en su cuenta de Twitter: \u201cActivamos los protocolos de seguridad en el #Edom\u00e9x tras el sismo\u201d.<\/p>\n<p>Por su parte, la Coordinaci\u00f3n General de Protecci\u00f3n Civil estatal inform\u00f3 de igual forma, que se aplicaron los protocolos correspondientes en la entidad para constatar que este terremoto, con epicentro en el sur del estado de Guerrero, en el municipio de Tecpan, no dej\u00f3 afectaciones en suelo mexiquense.<\/p>\n<p>&nbsp;<\/p>\n","protected":false},"excerpt":{"rendered":"<p>El gobernador Alfredo Del Mazo Maza inform\u00f3 que, debido al sismo ocurrido el pasado domingo, los protocolos de alerta se activaron en el Estado de M\u00e9xico y no se reportaron incidentes.<\/p>\n","protected":false},"author":3,"featured_media":568925,"comment_status":"open","ping_status":"open","sticky":false,"template":"","format":"standard","meta":{"_monsterinsights_skip_tracking":false,"_monsterinsights_sitenote_active":false,"_monsterinsights_sitenote_note":"","_monsterinsights_sitenote_category":0,"footnotes":""},"categories":[5],"tags":[90893,43675,677,452],"class_list":["post-568831","post","type-post","status-publish","format-standard","has-post-thumbnail","hentry","category-estado-de-mexico","tag-afectaciones","tag-estado-de-mexico","tag-sismo","tag-toluca"],"_links":{"self":[{"href":"https:\/\/www.diarioimagen.net\/index.php?rest_route=\/wp\/v2\/posts\/568831","targetHints":{"allow":["GET"]}}],"collection":[{"href":"https:\/\/www.diarioimagen.net\/index.php?rest_route=\/wp\/v2\/posts"}],"about":[{"href":"https:\/\/www.diarioimagen.net\/index.php?rest_route=\/wp\/v2\/types\/post"}],"author":[{"embeddable":true,"href":"https:\/\/www.diarioimagen.net\/index.php?rest_route=\/wp\/v2\/users\/3"}],"replies":[{"embeddable":true,"href":"https:\/\/www.diarioimagen.net\/index.php?rest_route=%2Fwp%2Fv2%2Fcomments&post=568831"}],"version-history":[{"count":0,"href":"https:\/\/www.diarioimagen.net\/index.php?rest_route=\/wp\/v2\/posts\/568831\/revisions"}],"wp:featuredmedia":[{"embeddable":true,"href":"https:\/\/www.diarioimagen.net\/index.php?rest_route=\/wp\/v2\/media\/568925"}],"wp:attachment":[{"href":"https:\/\/www.diarioimagen.net\/index.php?rest_route=%2Fwp%2Fv2%2Fmedia&parent=568831"}],"wp:term":[{"taxonomy":"category","embeddable":true,"href":"https:\/\/www.diarioimagen.net\/index.php?rest_route=%2Fwp%2Fv2%2Fcategories&post=568831"},{"taxonomy":"post_tag","embeddable":true,"href":"https:\/\/www.diarioimagen.net\/index.php?rest_route=%2Fwp%2Fv2%2Ftags&post=568831"}],"curies":[{"name":"wp","href":"https:\/\/api.w.org\/{rel}","templated":true}]}}