{"id":568855,"date":"2022-12-13T00:02:26","date_gmt":"2022-12-13T06:02:26","guid":{"rendered":"https:\/\/www.diarioimagen.net\/?p=568855"},"modified":"2022-12-13T01:20:26","modified_gmt":"2022-12-13T07:20:26","slug":"en-plan-b-adan-augusto-lopez-se-atribuye-lo-que-no-le-corresponde","status":"publish","type":"post","link":"https:\/\/www.diarioimagen.net\/?p=568855","title":{"rendered":"En \u201cplan B\u201d, Ad\u00e1n Augusto L\u00f3pez se atribuye lo que no le corresponde"},"content":{"rendered":"<h2>La Retaguardia<\/h2>\n<h5>Adriana Moreno Cordero<\/h5>\n<p>&nbsp;<\/p>\n<ul>\n<li><strong><em>Este tema podr\u00eda acabar en la Suprema Corte de Justicia<\/em><\/strong><\/li>\n<\/ul>\n<p>&nbsp;<\/p>\n<p>No es posible que el flamante secretario de Gobernaci\u00f3n, <strong>Ad\u00e1n Augusto L\u00f3pez Hern\u00e1ndez<\/strong>, se atribuya cuestiones que no le corresponden y de plano anunciar que pudiera haber un periodo extraordinario para aprobar el famoso \u201cplan \u201cB\u201d de la reforma electoral. Los pron\u00f3sticos al momento, es que el controvertido plan se va a mayoritear y el asunto acabar\u00e1 ni m\u00e1s ni menos que en la Suprema Corte de Justicia de la Naci\u00f3n, donde a partir del 2 de enero del venidero 2023, ya contar\u00e1 con un nuevo o nueva ministro-presidente y se infiere que ser\u00e1 cercano o cercana al inquilino de Palacio Nacional.<\/p>\n<p>La consigna que trae el responsable de la pol\u00edtica interior del pa\u00eds, es clara y se trata de sacar v\u00eda \u201cfast-track\u201d el referido y tan llevado y tra\u00eddo plan. Habr\u00e1 que ver si es cierto que ma\u00f1ana se aprobar\u00eda dicha iniciativa que le urge a los de Morena sacar a m\u00e1s tardar el 15 de diciembre que ya est\u00e1 a \u201cla vuelta de la esquina\u201d, debido sus temores en cuanto a lo que pueda ocurrir en 2024, porque es un hecho que contra lo que \u00e9l diga casi a diario, la popularidad le ha calado a la baja a L\u00f3pez Obrador.<\/p>\n<p>Pero el presidente de la Junta de Coordinaci\u00f3n Pol\u00edtica del Senado de la Rep\u00fablica, <strong>Ricardo Monreal \u00c1vila<\/strong>, con su larga experiencia en la pol\u00edtica, tambi\u00e9n en este caso est\u00e1 remando contra corriente y lo hace de la mejor manera que puede. incluso, el tambi\u00e9n coordinador de morena en el senado, destac\u00f3 que en las reuniones que ha venido sosteniendo con el titular de la Segob, le ha hecho saber sobre los vicios del procedimiento en la C\u00e1mara de Diputados, lo que puede provocar que la Suprema Corte de Justicia de la Naci\u00f3n anule la reforma, as\u00ed como el contenido de las normas \u201cque m\u00e1s nos preocupan\u201d.<\/p>\n<p>Una cuesti\u00f3n que dej\u00f3 boquiabiertos a m\u00e1s de uno en la C\u00e1mara alta, es que el titular de la Segob negara que hubo desaseo cuando en el palacio legislativo de San L\u00e1zaro, se aprob\u00f3 sobre las rodillas y sin leerla, el famoso \u201cplan B\u201d, s\u00f3lo porque el Presidente tuvo a bien girar su apreciables instrucciones, aquella de que no le gusta que le quiten ni una coma a su iniciativa. por eso, como una de las medidas, legisladores morenistas intentaron hacer el vac\u00edo.<\/p>\n<p>No obstante, el titular de la Segob, seg\u00fan lo declar\u00f3 \u00e9l mismo, acept\u00f3 que se reformaran o fueran objeto de modificaci\u00f3n, seis de los 21 bloques de inconstitucionales del \u201cplan B\u201d.<\/p>\n<p>Y sobre la preocupaci\u00f3n que las r\u00e9moras morenistas, el PT y el PVEM, hab\u00edan venido manifestando en torno a que ya no podr\u00e1n recibir votos de regalo (ahora que estamos en \u00e9poca navide\u00f1a), para no perder su registro, la senadora <strong>Geovanna Ba\u00f1uelos<\/strong>, por ejemplo, casi, casi le rog\u00f3 al secretario de Gobernaci\u00f3n que se mantenga la transferencia de votos v\u00eda coalici\u00f3n candidatura com\u00fan, para que este par de partidos, por qu\u00e9 no, se vean beneficiados. sin embargo, por lo menos al momento de escribir estas l\u00edneas,\u00a0 no le hab\u00edan hecho caso a la referida senadora y el razonamiento es simple, no se pueden regalar los votos que los ciudadanos otorgaron a uno u otro partido. esta medida adem\u00e1s de inconstitucional, deja ver que los de Morena y r\u00e9moras, ven como un bot\u00edn dichos sufragios.<\/p>\n<p style=\"text-align: center;\"><strong>Municiones<\/strong><\/p>\n<p>*** Mientras, en la C\u00e1mara de Diputados, el bloque opositor hace lo suyo\u00a0 y v\u00eda el presidente de la mesa directiva de esa instancia legislativa, <strong>Santiago Creel<\/strong>, demandaron a la colegisladora, modificar no s\u00f3lo los temas que\u00a0<strong>PVEM y PT<\/strong>\u00a0lograron incluir el minuta de la reforma electoral, sino igualmente, aquellos que fueron impulsadas como una prioridad para morena, entre ellas el debilitamiento del Instituto Nacional Electoral (<strong>INE<\/strong>) y del Tribunal Electoral del Poder Judicial de la federaci\u00f3n (<strong>TEPJF<\/strong>).<\/p>\n<p>***No cabe duda que L\u00f3pez Obrador no predica con el ejemplo. Por un lado, intenta intervenir en la pol\u00edtica peruana; ayer, al reunirse en Palacio Nacional con Chris Dodd, asesor especial del presidente de los Estados Unidos, <strong>Joe Biden<\/strong>, envi\u00f3 a su secretario de Relaciones Exteriores, <strong>Marcelo Ebrard<\/strong> a decir que la alianza con Estados Unidos, debe estar exenta del intervencionismo que se ha dado en el pasado. si otra vez y para variar, en las postrimer\u00eda de esta errada y llamada Cuarta Transformaci\u00f3n, sale a relucir el pasado por en\u00e9sima vez, lo que demuestra la incapacidad, tanto del Presidente, como de su flamante gabinete. El canciller se\u00f1al\u00f3 espec\u00edficamente: \u201cQue se trate a Am\u00e9rica Latina con respeto, con respeto a su integridad, como aliados y que dejemos atr\u00e1s muchas experiencias muy negativas que hemos tenido de intervencionismo\u201d. ya no se acuerda el titular de la SRE, cuando el expresidente <strong>Donald Trump<\/strong>, le \u201ctron\u00f3 el dedo\u201d para que enviara miles de soldados a la frontera con M\u00e9xico, para que detuvieran el intenso flujo migratorio.\u00a0 por su parte, en un comunicado, el presidente Biden asegur\u00f3 que \u201ccomo vecinos y amigos\u201d los dos pa\u00edses comparten \u201cun conjunto de valores\u201d, \u201cun compromiso duradero con la libertad, la democracia y el estado de derecho\u201d<strong>, esto, en el marco de la celebraci\u00f3n del bicentenario de las relaciones M\u00e9xico-EU. agreg\u00f3 el inquilino de la Casa Blanca, que ambos pa\u00edses est\u00e1n conectados irrevocablemente.<\/strong><\/p>\n<p>*** Gran sorpresa navide\u00f1a brind\u00f3 Morena, de cara a las elecciones de Coahuila, con algo que pocos esperaban. Resulta que de acuerdo de los\u00a0resultados de la encuesta que aplic\u00f3 el partido oficial para designar a qui\u00e9n ser\u00e1 el candidato a las elecciones coahuilenses, gan\u00f3 ni m\u00e1s ni menos que el senador Armando Guadiana Tijerina, quien defintivamente, no era el candidato preferido de Palacio Nacional, sin embargo, \u00bfqu\u00e9 habr\u00e1 pedido a cambio u cu\u00e1nto le cost\u00f3? Ivonne Cisneros, encargada de la\u00a0<strong>Comisi\u00f3n de Encuestas de Morena dio a conocer estos controvertidos resultados y por su parte, el senador Guadiana,<\/strong> llam\u00f3 a la unidad de los otros contendientes como son: El ex diputado y ex senador\u00a0<strong>Luis Fernando Salazar;\u00a0<\/strong>el subsecretario de Seguridad P\u00fablica<strong>, Ricardo Mej\u00eda Berdeja;\u00a0<\/strong>y\u00a0delegado de Programas del Bienestar para Coahuila,<strong>\u00a0Reyes Flores Hurtado<\/strong>. habr\u00e1 que ver si con este s\u00f3lo llamado, todos se alinean, pero realmente se ve dif\u00edcil.<\/p>\n<p><strong>*** <\/strong>Debido a que las instalaciones del Metro han registrado casos de agresores sexuales, que hieren a usuarios con armas punzocortantes, j\u00f3venes que viajan en el techo de los vagones, de personas que bajan a las v\u00edas, as\u00ed como de usuarios que consumen bebidas alcoh\u00f3licas o de operadores en estado de ebriedad, urge instalar c\u00e1maras de vigilancia y botones de emergencia en ese transporte. para ello, el coordinador del PRD en el congreso de la Ciudad de M\u00e9xico<strong>, V\u00edctor Hugo Lobo Rom\u00e1n<\/strong>, exhort\u00f3 a la Secretar\u00eda de Administraci\u00f3n y Finanzas del gobierno capitalino, as\u00ed como al Sistema de Transporte Colectivo (STC) para que contemplen dentro del presupuesto de ese medio de transporte, una asignaci\u00f3n especial para la compra de c\u00e1maras de vigilancia y de botones de emergencia.<\/p>\n<p><u><a href=\"mailto:morcora@gmail.com\" target=\"_blank\" rel=\"noopener noreferrer\"><em>morcora@gmail.com<\/em><\/a><\/u><\/p>\n","protected":false},"excerpt":{"rendered":"<p><span style=\"color: #005497;\"><strong>Adriana Moreno Cordero<\/strong><\/span><\/p>\n","protected":false},"author":3,"featured_media":0,"comment_status":"open","ping_status":"open","sticky":false,"template":"","format":"standard","meta":{"_monsterinsights_skip_tracking":false,"_monsterinsights_sitenote_active":false,"_monsterinsights_sitenote_note":"","_monsterinsights_sitenote_category":0,"footnotes":""},"categories":[69370],"tags":[69369,69368,43674],"class_list":["post-568855","post","type-post","status-publish","format-standard","hentry","category-adriana-moreno-cordero","tag-adriana-moreno-cordero","tag-la-retaguardia","tag-opinion"],"_links":{"self":[{"href":"https:\/\/www.diarioimagen.net\/index.php?rest_route=\/wp\/v2\/posts\/568855","targetHints":{"allow":["GET"]}}],"collection":[{"href":"https:\/\/www.diarioimagen.net\/index.php?rest_route=\/wp\/v2\/posts"}],"about":[{"href":"https:\/\/www.diarioimagen.net\/index.php?rest_route=\/wp\/v2\/types\/post"}],"author":[{"embeddable":true,"href":"https:\/\/www.diarioimagen.net\/index.php?rest_route=\/wp\/v2\/users\/3"}],"replies":[{"embeddable":true,"href":"https:\/\/www.diarioimagen.net\/index.php?rest_route=%2Fwp%2Fv2%2Fcomments&post=568855"}],"version-history":[{"count":0,"href":"https:\/\/www.diarioimagen.net\/index.php?rest_route=\/wp\/v2\/posts\/568855\/revisions"}],"wp:attachment":[{"href":"https:\/\/www.diarioimagen.net\/index.php?rest_route=%2Fwp%2Fv2%2Fmedia&parent=568855"}],"wp:term":[{"taxonomy":"category","embeddable":true,"href":"https:\/\/www.diarioimagen.net\/index.php?rest_route=%2Fwp%2Fv2%2Fcategories&post=568855"},{"taxonomy":"post_tag","embeddable":true,"href":"https:\/\/www.diarioimagen.net\/index.php?rest_route=%2Fwp%2Fv2%2Ftags&post=568855"}],"curies":[{"name":"wp","href":"https:\/\/api.w.org\/{rel}","templated":true}]}}