{"id":568857,"date":"2022-12-13T00:04:30","date_gmt":"2022-12-13T06:04:30","guid":{"rendered":"https:\/\/www.diarioimagen.net\/?p=568857"},"modified":"2022-12-13T01:23:47","modified_gmt":"2022-12-13T07:23:47","slug":"mexico-peru-no-es-lo-mismo","status":"publish","type":"post","link":"https:\/\/www.diarioimagen.net\/?p=568857","title":{"rendered":"M\u00e9xico-Per\u00fa, no es lo mismo"},"content":{"rendered":"<h2>Desde el portal<\/h2>\n<h5>\u00c1ngel Soriano<\/h5>\n<p>&nbsp;<\/p>\n<p>A ra\u00edz de la destituci\u00f3n y encarcelamiento del profesor Pedro Castillo como presidente de Per\u00fa, los adversarios de la actual administraci\u00f3n iniciaron una intensa campa\u00f1a para asegurar que hay afinidades con nuestro pa\u00eds en donde supuestamente ocurrir\u00e1 otra crisis pol\u00edtica o golpismo, en aras de desprestigiar, posicionarse o alentar la inconformidad.<\/p>\n<p>Sin embargo, no es lo mismo. La actual administraci\u00f3n ha instrumentado acciones profundas que mantienen el control total del pa\u00eds, al grado que ni los poderosos medios de comunicaci\u00f3n nacionales o extranjeros han hecho mella o cuando menos tiznado al Presidente que mantiene una alta popularidad o asegura la continuidad y conclusi\u00f3n de los proyectos en marcha.<\/p>\n<p>Con un peso fuerte y la econom\u00eda en crecimiento, los sectores populares se mantienen activos y ajenos a cualquier revuelta popular; las fuerzas armadas est\u00e1n ocupadas en las m\u00faltiples tareas encomendadas y han reiterado su lealtad al comandante supremo, los partidos pol\u00edticos se desgre\u00f1an en sus luchas internas por su sobrevivencia y sin alientos golpistas.<\/p>\n<p>El control de la Naci\u00f3n es total: los gobernadores est\u00e1n disciplinados, lo mismo que los alcaldes y las agencias de polic\u00eda; no hay la m\u00ednima fisura -salvo los sectores privilegiados con amplios recursos para promover rumores pero sin base social-, por lo que, una crisis pol\u00edtica como la de Per\u00fa, u otros pa\u00edses, se ve muy lejana.<\/p>\n<p style=\"text-align: center;\"><strong>TURBULENCIAS<br \/>\nDetenci\u00f3n de lideresa<\/strong><\/p>\n<p>La detenci\u00f3n de la vicepresidenta del Parlamento Europeo, Eva Kaili, por acusaciones de corrupci\u00f3n y la destituci\u00f3n de Pedro Castillo, sin embargo, demuestran que la inmunidad y la impunidad en pol\u00edticos de alto rango es cosa del pasado; ser\u00e1 sometida a juicio y cre\u00f3 conmoci\u00f3n en Europa donde tambi\u00e9n hace aire\u2026 A su regreso de Sonora donde fue bien recepcionado por el gobernador Alfonso Durazo, el presidente de la Jucopo del Senado, Ricardo Monreal \u00c1vila, se reuni\u00f3 con el secretario de Gobernaci\u00f3n, Ad\u00e1n Augusto L\u00f3pez Hern\u00e1ndez y con los presidentes de las comisiones de Gobernaci\u00f3n, M\u00f3nica Fern\u00e1ndez y Manuel Espino, de Puntos Constitucionales, para corregir un centenar de errores en la minuta de las leyes secundarias de la reforma electoral que exhiben a los diputados como poco escrupulosos o muy ma\u00f1osos. Una vez corregida se devolver\u00e1 a San L\u00e1zaro\u2026 La exhibida del periodista deportivo Amir Irahien a los mercenarios del f\u00fatbol mexicano -entre los que destacan Ciro Murayama, Eduardo Medina Mora, Alfonso Carvajal Villavicencio, Jorge Espinosa de los Monteros-, har\u00e1, necesariamente, que se rescate el deporte en beneficio de la juventud y de la sociedad en general, que vive enga\u00f1ada con los enjuagues que se realizan en las justas deportivas y que se dan incluso a nivel mundial\u2026 Mi asesor argentino Ren\u00e9 Palacios va y viene a su tierra, le gusta mucho Oaxaca, dijo el gobernador Salom\u00f3n Jara cuando se le interrog\u00f3 de que no cumpli\u00f3 con su promesa de dar oportunidad en su administraci\u00f3n a aut\u00e9nticos oaxaque\u00f1os, se justific\u00f3: Tambi\u00e9n Heladio y Di\u00f3doro contrataron extranjeros y nadie dijo nada\u2026 Como cada a\u00f1o, miles de peregrinos acudieron a la Bas\u00edlica de Guadalupe en la celebraci\u00f3n anual de la \u201cPatrona\u201d de los mexicanos. Y no s\u00f3lo llegaron procedentes de todos los rincones del pa\u00eds, sino del extranjero, lo que demuestra la enorme fe de los cristianos en la Virgen Morena que est\u00e1 presente en todos los hogares de los cat\u00f3licos\u2026 Carlos Alberto Puente Salas, coordinador del PVEM en la C\u00e1mara de Diputados, rechaz\u00f3 beneficios con las leyes secundarias a la reforma electoral, asegura que tienen un crecimiento aceptable sin necesidad de recibir favores del partido gobernante y que son ajenos a los errores que los benefician y que fueron detectados en el plan \u201cB\u201d ahora en entredicho.<\/p>\n<p><u><a href=\"mailto:asorianocarrasco@yahoo.com\" target=\"_blank\" rel=\"noopener noreferrer\"><em>asorianocarrasco@yahoo.com<\/em><\/a><br \/>\n<em><a href=\"https:\/\/revistabrecha.com\" target=\"_blank\" rel=\"noopener noreferrer\">www.revistabrecha.com<\/a><br \/>\n<\/em><\/u><em>facebook oficial <a href=\"https:\/\/es-la.facebook.com\/RevistaBrecha.Oficial\" target=\"_blank\" rel=\"noopener\">@BrechaRevista<\/a><\/em><\/p>\n","protected":false},"excerpt":{"rendered":"<p><span style=\"color: #005497;\"><strong>\u00c1ngel Soriano<\/strong><\/span><\/p>\n","protected":false},"author":3,"featured_media":0,"comment_status":"open","ping_status":"open","sticky":false,"template":"","format":"standard","meta":{"_monsterinsights_skip_tracking":false,"_monsterinsights_sitenote_active":false,"_monsterinsights_sitenote_note":"","_monsterinsights_sitenote_category":0,"footnotes":""},"categories":[135],"tags":[85,86,43674],"class_list":["post-568857","post","type-post","status-publish","format-standard","hentry","category-angel-soriano-opinion","tag-angel-soriano","tag-desde-el-portal","tag-opinion"],"_links":{"self":[{"href":"https:\/\/www.diarioimagen.net\/index.php?rest_route=\/wp\/v2\/posts\/568857","targetHints":{"allow":["GET"]}}],"collection":[{"href":"https:\/\/www.diarioimagen.net\/index.php?rest_route=\/wp\/v2\/posts"}],"about":[{"href":"https:\/\/www.diarioimagen.net\/index.php?rest_route=\/wp\/v2\/types\/post"}],"author":[{"embeddable":true,"href":"https:\/\/www.diarioimagen.net\/index.php?rest_route=\/wp\/v2\/users\/3"}],"replies":[{"embeddable":true,"href":"https:\/\/www.diarioimagen.net\/index.php?rest_route=%2Fwp%2Fv2%2Fcomments&post=568857"}],"version-history":[{"count":0,"href":"https:\/\/www.diarioimagen.net\/index.php?rest_route=\/wp\/v2\/posts\/568857\/revisions"}],"wp:attachment":[{"href":"https:\/\/www.diarioimagen.net\/index.php?rest_route=%2Fwp%2Fv2%2Fmedia&parent=568857"}],"wp:term":[{"taxonomy":"category","embeddable":true,"href":"https:\/\/www.diarioimagen.net\/index.php?rest_route=%2Fwp%2Fv2%2Fcategories&post=568857"},{"taxonomy":"post_tag","embeddable":true,"href":"https:\/\/www.diarioimagen.net\/index.php?rest_route=%2Fwp%2Fv2%2Ftags&post=568857"}],"curies":[{"name":"wp","href":"https:\/\/api.w.org\/{rel}","templated":true}]}}