{"id":568863,"date":"2022-12-13T00:03:17","date_gmt":"2022-12-13T06:03:17","guid":{"rendered":"https:\/\/www.diarioimagen.net\/?p=568863"},"modified":"2022-12-13T01:29:26","modified_gmt":"2022-12-13T07:29:26","slug":"adan-superlegislador-mas-monreal","status":"publish","type":"post","link":"https:\/\/www.diarioimagen.net\/?p=568863","title":{"rendered":"Ad\u00e1n, superlegislador, m\u00e1s Monreal"},"content":{"rendered":"<h2>Espacio Electoral<\/h2>\n<h5>Eleazar Flores<\/h5>\n<p>&nbsp;<\/p>\n<p><strong>CAMBIOS AL \u201cPLAN B\u201d-.<\/strong> No obstante su evidente importancia, tan devaluados est\u00e1n los ajustes a las setenta\u00a0 o m\u00e1s enmiendas al \u201cplan B\u201d de la frustrada propuesta presidencial, que lo m\u00e1s importante ser\u00e1 conocer la direcci\u00f3n del voto que emita el coordinador del Senado de la rep\u00fablica Ricardo Monreal.<\/p>\n<p>Y es que del sufragio del zacatecano se derivar\u00e1n cuando menos dos hechos impostergables: Si avala la propuesta presidencial para satisfacer a su comandante guinda o si la rechaza con la impl\u00edcita suposici\u00f3n de salir de Movimiento de Regeneraci\u00f3n Nacional, d\u00edas despu\u00e9s, para no etiquetar lo que los enterados dir\u00edan, su divorcio partidista.<\/p>\n<p>En lo anterior expuesto, hay un observador y al mismo tiempo jugador, por la candidatura presidencial de la a\u00fan aplanadora gobernante, de nombre Ad\u00e1n Augusto L\u00f3pez Hern\u00e1ndez, que con sus 46 a\u00f1os dedicados a la pol\u00edtica, iniciado en el PRI en 1976, ahora por obra y gracia del primo siente tener todo el derecho del mundo para sucederlo en 2024, as\u00ed todo quedar\u00eda en familia.<\/p>\n<p>Si Ad\u00e1n Augusto es el duende n\u00famero uno, pues el dos fue el diputado poblano de apellido MIer, ambos autores del remendado \u201cplan B\u201d, que una vez descubierto por los legisladores opositores madrugadores, pues el asunto se dio a eso de las cuatro de la ma\u00f1ana, vieron frustrada su estrategia, y por ende le fallaron a su comandante.<\/p>\n<p><strong>MONREAL-.<\/strong> Del abogado y doctor en Derecho Ricardo Monreal \u00c1vila, casi se ha dicho todo, salvo sus muy cercanos afectos en Metepec, sembrados desde que fue delegado nacional del PRI en los lejanos noventa, y como buen hombre de campo, supo cultivar dichas amistades, as\u00ed que si sale candidato presidencial\u2026 de la alianza, pues de MORENA ya estar\u00eda fuera, prep\u00e1rese para ver la reaparici\u00f3n de tricolores mexiquenses que cre\u00eda usted jubilados o cuando menos alejados de la grilla.<\/p>\n<p>Monreal, el m\u00e1s astuto pol\u00edtico medi\u00e1tico aun cuando en ocasiones por reiterativo,\u00a0 quita un poco de fuerza a sus declaraciones, o por solemne, pues eso de presumir continuamente sus c\u00e1tedras en la UNAM y todo lo dem\u00e1s, podr\u00eda etiquetarlo de presuntuoso, all\u00e1 \u00e9l.<\/p>\n<p>Eso de su astucia medi\u00e1tica es algo bien ganado, pues adem\u00e1s de columnista semanal y colaborador ocasional en diversos diarios editados en la capital del pa\u00eds, tambi\u00e9n es opinador semanal en noticieros radiof\u00f3nicos de alcance nacional, con cancha irrefutable.<\/p>\n<p>Esa cancha dominada no la tienen ni Ad\u00e1n ni Claudia juntos, el caso del carnal Marcelo es diferente, por conciso y preciso en casi todas sus respuestas, sin ampliar m\u00e1s all\u00e1 de lo que se le interroga, lo que agradecen tanto entrevistadores como radioescuchas o televidentes, seg\u00fan el caso.<\/p>\n<p>La fatalidad del dictamen legislativo esta semana, determinar\u00e1 la militancia partidista del zacatecano.<\/p>\n<p><em><a href=\"mailto:elefa44@gmail.com\" target=\"_blank\" rel=\"noopener noreferrer\">lefa44@gmail.com<\/a><\/em><\/p>\n","protected":false},"excerpt":{"rendered":"<p><span style=\"color: #005497;\"><strong>Eleazar Flores<\/strong><\/span><\/p>\n","protected":false},"author":3,"featured_media":0,"comment_status":"open","ping_status":"open","sticky":false,"template":"","format":"standard","meta":{"_monsterinsights_skip_tracking":false,"_monsterinsights_sitenote_active":false,"_monsterinsights_sitenote_note":"","_monsterinsights_sitenote_category":0,"footnotes":""},"categories":[81743],"tags":[81744,81776,43674],"class_list":["post-568863","post","type-post","status-publish","format-standard","hentry","category-eleazar-flores","tag-eleazar-flores","tag-espacio-electoral","tag-opinion"],"_links":{"self":[{"href":"https:\/\/www.diarioimagen.net\/index.php?rest_route=\/wp\/v2\/posts\/568863","targetHints":{"allow":["GET"]}}],"collection":[{"href":"https:\/\/www.diarioimagen.net\/index.php?rest_route=\/wp\/v2\/posts"}],"about":[{"href":"https:\/\/www.diarioimagen.net\/index.php?rest_route=\/wp\/v2\/types\/post"}],"author":[{"embeddable":true,"href":"https:\/\/www.diarioimagen.net\/index.php?rest_route=\/wp\/v2\/users\/3"}],"replies":[{"embeddable":true,"href":"https:\/\/www.diarioimagen.net\/index.php?rest_route=%2Fwp%2Fv2%2Fcomments&post=568863"}],"version-history":[{"count":0,"href":"https:\/\/www.diarioimagen.net\/index.php?rest_route=\/wp\/v2\/posts\/568863\/revisions"}],"wp:attachment":[{"href":"https:\/\/www.diarioimagen.net\/index.php?rest_route=%2Fwp%2Fv2%2Fmedia&parent=568863"}],"wp:term":[{"taxonomy":"category","embeddable":true,"href":"https:\/\/www.diarioimagen.net\/index.php?rest_route=%2Fwp%2Fv2%2Fcategories&post=568863"},{"taxonomy":"post_tag","embeddable":true,"href":"https:\/\/www.diarioimagen.net\/index.php?rest_route=%2Fwp%2Fv2%2Ftags&post=568863"}],"curies":[{"name":"wp","href":"https:\/\/api.w.org\/{rel}","templated":true}]}}