{"id":568865,"date":"2022-12-13T00:10:27","date_gmt":"2022-12-13T06:10:27","guid":{"rendered":"https:\/\/www.diarioimagen.net\/?p=568865"},"modified":"2022-12-13T01:32:49","modified_gmt":"2022-12-13T07:32:49","slug":"las-oficinas-del-crimen","status":"publish","type":"post","link":"https:\/\/www.diarioimagen.net\/?p=568865","title":{"rendered":"Las oficinas del crimen"},"content":{"rendered":"<h2>Triple Erre<\/h2>\n<h5>Francisco Reynoso<\/h5>\n<p>&nbsp;<\/p>\n<p>La fiscal\u00eda de Zacatecas, manejada por JOS\u00c9 FRANCISCO MURILLO RUISECO, descubri\u00f3 lo que todo mundo sabe. El crimen organizado opera libre e impunemente desde los reclusorios, incluidos los federales de alta seguridad. Joaqu\u00edn Guzm\u00e1n, \u201cEl Chapo\u201d, quien se fug\u00f3 primero de Puente Grande y Luego de Almoloya, sabe bien que desde los m\u00e1s humildes empleados de lavander\u00eda, hasta los curros que manejan las secretar\u00edas de Estado, tienen su precio.<\/p>\n<p>Presionados por la opini\u00f3n p\u00fablica nacional e internacional, el gobernador David Monreal y el fiscal Murillo informaron de la detenci\u00f3n de tres pistoleros que asesinaron al juez de control Roberto El\u00edas Mart\u00ednez. Revelaron que el crimen lo ordenaron tres hermanos que son mandos en la regi\u00f3n de un c\u00e1rtel y est\u00e1n presos en las c\u00e1rceles de Cieneguillas y de R\u00edo Grande.<\/p>\n<p>En Zacatecas, la violencia no cede. Despu\u00e9s del asesinato en el municipio de Guadalupe, conurbado con la capital, L\u00f3pez Obrador mand\u00f3 750 soldados m\u00e1s. El d\u00eda que llegaron al cuartel de la 11 Zona Militar, en Guadalupe, aparecieron dos cad\u00e1veres ensartados no lejos de ah\u00ed. Y ejecutaron en calles del centro de Fresnillo al director del rastro, operador pol\u00edtico del alcalde Sa\u00fal Monreal. La plaza, as\u00ed pues, sigue hirviendo. Y de la espantosa inseguridad la gente culpa al gobernador Monreal \u00c1vila. A \u00e9l y s\u00f3lo a \u00e9l. Y como sus argumentos de defensa son tan pobres que nadie le cree ni pizca.\u00a0 Y todo el peso del descr\u00e9dito llega directamente a Ricardo Monreal porque lo culpan de haber impuesto a su hermano en la gubernatura.<\/p>\n<p style=\"text-align: center;\"><strong>L\u00f3pez contra Monreal, \u00faltima batalla<\/strong><\/p>\n<p>Con las ma\u00f1anitas a la Virgen de Guadalupe, el domingo a medianoche, comenz\u00f3 la cuenta regresiva para Ricardo Monreal. El \u201cplan B\u201d de reforma electoral de L\u00f3pez Obrador se discutir\u00e1 esta semana en el Senado -L\u00f3pez exige que se resuelva antes del d\u00eda 15- y de la suerte que tenga depender\u00e1 el futuro del exgobernador de Zacatecas. Lo hemos dicho: La bebe o la derrama. En la lucha de fuerzas que sostiene con L\u00f3pez, Monreal no puede equivocarse. Y ya le pidi\u00f3 ayuda a la virgen de Guadalupe. Se ha dicho que L\u00f3pez Obrador, a trav\u00e9s de Ad\u00e1n Augusto L\u00f3pez, ofrece, a cambio de su disciplina, docilidad y ayuda, la candidatura al gobierno de la Ciudad de M\u00e9xico. Pero Monreal quiere \u201cla grande\u201d. El gran dilema, adem\u00e1s, es que sabe que no puede confiar en la promesa del caudillo. Nadie lo conoce mejor que \u00e9l. Y tiene claro que es mentiroso y traicionero. Si Monreal obedece a su conciencia y vota en contra de la reforma, tendr\u00eda paso libre a la coalici\u00f3n PRI-PAN-PRD, sin ninguna garant\u00eda de ser candidato presidencial. Y sin ninguna garant\u00eda de que podr\u00eda ganar las elecciones de 2024.<\/p>\n<p style=\"text-align: center;\"><strong>Dos cartas para los Monreal<\/strong><\/p>\n<p>En Zacatecas, circula una carta en los corrillos pol\u00edticos. Otra, en breve, comenzar\u00e1 a llegar a las familias en todos los estratos sociales con la rogativa de que la firmen. La primera tiene como objetivo que el gobernador David Monreal deje la gubernatura de Zacatecas; militantes de Movimiento Ciudadano re\u00fanen firmas y esperan que sean cientos de miles que obligan al Ejecutivo a pedir licencia al Congreso para separarse del cargo. La segunda tendr\u00e1 el prop\u00f3sito de lograr apoyo mayoritario de los zacatecanos al proyecto de Ricardo Monreal de ser candidato de Morena, o de cualquiera otro partido, a la Presidencia de M\u00e9xico.<\/p>\n<p style=\"text-align: center;\"><strong>Traici\u00f3n a chiquipartidos c\u00f3mplices<\/strong><\/p>\n<p>El cachirul que metieron los chiquipartidos del Trabajo y Verde en el \u201cplan B\u201d electoral de L\u00f3pez Obrador ya tron\u00f3 como ejote. Se descubri\u00f3 apenas se aprobaron las reformas en la C\u00e1mara de Diputados y tanto L\u00f3pez Obrador como Ad\u00e1n Augusto dijeron que hab\u00eda sido un error. \u201cEl duende\u201d meti\u00f3 las narices, dijo L\u00f3pez Obrador.<\/p>\n<p>Esas reformas permit\u00edan al PT y Verde negociar anticipadamente el porcentaje de votos en cada elecci\u00f3n. Ser\u00eda, desde luego, arriba del 3% que la ley exige como m\u00ednimo para mantener el registro nacional.<\/p>\n<p>Tampoco podr\u00e1n, despu\u00e9s de la elecci\u00f3n, prestarse votos para salvar el pellejo.<\/p>\n<p>Cada partido contender\u00e1 con su logotipo y tendr\u00e1 los votos que Dios le d\u00e9. Si son suficientes para mantel vivo su registro, enhorabuena. Si no, adi\u00f3s Nicanor. Y si te vi \u2014les dir\u00e1 L\u00f3pez Obrador\u2014 ni me acuerdo.<\/p>\n<p>Alberto Anaya, due\u00f1o del PT y su pistolero mayor, Gerardo Fern\u00e1ndez Noro\u00f1a, estar\u00e1n que echan chispas contra L\u00f3pez Obrador por mentiroso y traidor.<\/p>\n<p>Y ni se diga en el feudo de Jorge Emilio Gonz\u00e1lez, el \u201cni\u00f1o verde\u201d. En el ecologista el mayor coraje es que no podr\u00e1n hacer guardadito de un a\u00f1o para otro con los recursos que reciban por financiamiento p\u00fablico.<\/p>\n<p>Lo que reciban en 2023 tendr\u00e1n que gastarlo en 2023 o devolverlo. Y aunque no se crea, al \u201cni\u00f1o verde\u201d cada vez le resulta m\u00e1s dif\u00edcil gastar los millones de su partido, porque ya no tiene nada qu\u00e9 comprar. S\u00f3lo le falta una isla y un castillo medieval, o comprar el avi\u00f3n presidencial que L\u00f3pez Obrador no ha podido vender en cuatro a\u00f1os.<\/p>\n<p>&nbsp;<\/p>\n<blockquote>\n<p style=\"text-align: right;\"><em><strong>La verdad es la verdad<br \/>\ny no admite otros datos<\/strong><\/em><\/p>\n<\/blockquote>\n<p>&nbsp;<\/p>\n<p><a href=\"mailto:donrunrun@yahoo.es\" target=\"_blank\" rel=\"noopener\"><em>donrunrun@yahoo.es<\/em><\/a><\/p>\n","protected":false},"excerpt":{"rendered":"<p><span style=\"color: #005497;\"><strong>Francisco Reynoso<\/strong><\/span><\/p>\n","protected":false},"author":3,"featured_media":0,"comment_status":"open","ping_status":"open","sticky":false,"template":"","format":"standard","meta":{"_monsterinsights_skip_tracking":false,"_monsterinsights_sitenote_active":false,"_monsterinsights_sitenote_note":"","_monsterinsights_sitenote_category":0,"footnotes":""},"categories":[94855],"tags":[94857,43674,94856],"class_list":["post-568865","post","type-post","status-publish","format-standard","hentry","category-francisco-reynoso","tag-francisco-reynoso","tag-opinion","tag-triple-erre"],"_links":{"self":[{"href":"https:\/\/www.diarioimagen.net\/index.php?rest_route=\/wp\/v2\/posts\/568865","targetHints":{"allow":["GET"]}}],"collection":[{"href":"https:\/\/www.diarioimagen.net\/index.php?rest_route=\/wp\/v2\/posts"}],"about":[{"href":"https:\/\/www.diarioimagen.net\/index.php?rest_route=\/wp\/v2\/types\/post"}],"author":[{"embeddable":true,"href":"https:\/\/www.diarioimagen.net\/index.php?rest_route=\/wp\/v2\/users\/3"}],"replies":[{"embeddable":true,"href":"https:\/\/www.diarioimagen.net\/index.php?rest_route=%2Fwp%2Fv2%2Fcomments&post=568865"}],"version-history":[{"count":0,"href":"https:\/\/www.diarioimagen.net\/index.php?rest_route=\/wp\/v2\/posts\/568865\/revisions"}],"wp:attachment":[{"href":"https:\/\/www.diarioimagen.net\/index.php?rest_route=%2Fwp%2Fv2%2Fmedia&parent=568865"}],"wp:term":[{"taxonomy":"category","embeddable":true,"href":"https:\/\/www.diarioimagen.net\/index.php?rest_route=%2Fwp%2Fv2%2Fcategories&post=568865"},{"taxonomy":"post_tag","embeddable":true,"href":"https:\/\/www.diarioimagen.net\/index.php?rest_route=%2Fwp%2Fv2%2Ftags&post=568865"}],"curies":[{"name":"wp","href":"https:\/\/api.w.org\/{rel}","templated":true}]}}