{"id":568870,"date":"2022-12-20T00:17:58","date_gmt":"2022-12-20T06:17:58","guid":{"rendered":"https:\/\/www.diarioimagen.net\/?p=568870"},"modified":"2023-01-17T02:38:54","modified_gmt":"2023-01-17T08:38:54","slug":"renacer","status":"publish","type":"post","link":"https:\/\/www.diarioimagen.net\/?p=568870","title":{"rendered":"Renacer"},"content":{"rendered":"<h2>Caleidoscopio<\/h2>\n<h5>Guillermina G\u00f3mora Ord\u00f3\u00f1ez<\/h5>\n<p><em>\u00a0<\/em><\/p>\n<blockquote>\n<p style=\"text-align: right;\"><em>Breve, tan breve como el sonido, la vida <\/em><em>es as\u00ed;<br \/>\ncierta, espl\u00e9ndida, caprichosa, <\/em><em>azul, gris, sutil.<br \/>\n<\/em><strong>Benjam\u00edn Torres Uballe<\/strong><\/p>\n<\/blockquote>\n<p><strong>\u00a0<\/strong><\/p>\n<p>Cuando la muerte nos toca, nos transforma. El amor y el dolor se confrontan con la raz\u00f3n y la fe. Nos lleva a una espiral de la cual seguramente surgir\u00e1 una mejor versi\u00f3n de nosotros. En tanto sucede, el duelo estremece el alma.<\/p>\n<p>Hace casi un mes mi amado esposo Benjam\u00edn trascendi\u00f3, dejando en cada persona con la que \u00e9l convivi\u00f3 una ense\u00f1anza, un recuerdo grato. Su generosidad, su inteligencia, su sensibilidad y, sobre todo, su buen humor eran las cartas de presentaci\u00f3n, el sello particular de este gran ser.<\/p>\n<p>En los funerales y en los d\u00edas posteriores, nuestras familias y amigos cercanos coincidimos en que tuvimos la fortuna de contar con un gran <strong>maestro de vida, <\/strong>un hombre protector y amoroso. Un padre excepcional para su gran amor: Amaranta, nuestra hija.<\/p>\n<p>Hoy, <strong>querido lector, querida lectora<\/strong>, directivos y compa\u00f1eros de mi casa editorial, solicito y agradezco de antemano su tiempo y el espacio para recordarlo.<\/p>\n<p>Benjam\u00edn era un orgulloso chilango que disfrutaba caminar, principalmente, por el Centro Hist\u00f3rico. De la mano recorr\u00edamos sus calles, admir\u00e1bamos su arquitectura, observ\u00e1bamos a la gente y jug\u00e1bamos a adivinar, ilusamente, lo que acontec\u00eda detr\u00e1s de cada uno.<\/p>\n<p>Nacido en la colonia Guerrero, en la calle de Mina, me contaba, entre asombro y nostalgia, las historias de esa famosa zona. Juntos regresamos a recorrerla, incluida la Escuela Belisario Dom\u00ednguez, en la que curs\u00f3 la primaria. Recordar esa visita me remite al gran momento de felicidad que vivimos.<\/p>\n<p>Su adolescencia transcurri\u00f3 en el norte de la Ciudad de M\u00e9xico. Entre el estudio y el trabajo, <em>esquineaba<\/em> \u2014as\u00ed dec\u00eda\u2014 con sus cuates en la Calle 1 C. Fueron momentos de diversi\u00f3n y de futbol. Ah\u00ed descubri\u00f3 su gusto y don por el canto. Se prepar\u00f3 hasta ser el vocalista de un grupo.<\/p>\n<p>Fue un hombre de retos y compromisos, as\u00ed como, fundamentalmente, un \u00e1vido lector. Una de sus grandes virtudes \u2014como el gran administrador de empresas que fue\u2014 era la previsi\u00f3n. La excelencia era su meta. Prueba de ello su destacado paso por las aulas del Instituto Panamericano de Alta Direcci\u00f3n de Empresa (IPADE) y el Instituto Tecnol\u00f3gico Aut\u00f3nomo de M\u00e9xico (ITAM).<\/p>\n<p>Enamorado de su pa\u00eds, viajamos por varios estados; el preferido: Guanajuato, de donde eran originarios sus padres. Caminamos infinidad de veces sus calles y callejones, y disfrutamos de su arte y de su comida. Como el buen cantante que fue, me sorprendi\u00f3, en cierta ocasi\u00f3n, con una serenata en el Jard\u00edn Uni\u00f3n. Un momento que atesoro en el coraz\u00f3n.<\/p>\n<p>Vivi\u00f3 a plenitud, am\u00f3 y fue amado. Un sibarita, apasionado del vino tinto.\u00a0 Sus experiencias de vida quedaron plasmadas en dos libros de poemas y cuentos que escribi\u00f3: <strong><em>Plural Vagabundo Versi\u00f3n 19.52<\/em><\/strong> y <strong><em>Mara \/ Mar\u00eda<\/em><\/strong>.\u00a0 Trabajamos juntos en su producci\u00f3n, fue una experiencia maravillosa.<\/p>\n<p>Con gran orgullo, les comparto que el maestro <strong>Ren\u00e9 Avil\u00e9s Fabila<\/strong> revis\u00f3 su trabajo y le dio \u201cla licencia de poeta\u201d, reconociendo su estilo y talento. Luego, lo invit\u00f3 a colaborar en la revista <em>El B\u00faho<\/em>.<\/p>\n<p>Aqu\u00ed, un fragmento de <strong><em>Plural Vagabundo<\/em><\/strong>:<\/p>\n<p>\u201cAndante mi rumbo con amplios minutos, lo miro, me encuentro, y soy lo que pienso; quiz\u00e1s vagabundo plural de un momento, abdico materia, abundo en silencio\u201d<\/p>\n<p>Su pasi\u00f3n por escribir lo llev\u00f3 a publicar la columna <strong>\u201cAndares\u201d<\/strong>, que se difund\u00eda en varios medios digitales, como <strong>Los Editores.com.mx<\/strong>, en el cual compart\u00edamos p\u00e1ginas. En los \u00faltimos a\u00f1os, le dol\u00eda y le preocupaba la situaci\u00f3n de M\u00e9xico, del mundo y de nuestro equipo: los Pumas de la UNAM, que tantas veces acudimos a apoyar al estadio de Ciudad Universitaria.<\/p>\n<p>Hoy, desde la dimensi\u00f3n donde se encuentra Benjam\u00edn, nos observa y susurra: \u201ctodo va estar bien\u201d. La fortaleza y los valores con los que nos form\u00f3 e infundi\u00f3 son nuestro gran motor y sost\u00e9n para honrar su memoria.<\/p>\n<p>As\u00ed, en este renacer, <strong>amado Benjam\u00edn<\/strong>, como siempre, habitas en m\u00ed. Como me escribiste en el poema \u201cEncuentro\u201d: \u201cUn d\u00eda, como la luz y la obscuridad, t\u00fa y yo nos encontramos\u2026 Desde all\u00ed eres la ma\u00f1ana, tarde fugaz o espont\u00e1nea y corta noche\u2026 Un d\u00eda caminar\u00e9 siempre a tu lado\u201d.\u00a0 S\u00ed, contigo siempre.<\/p>\n<p>Hasta aqu\u00ed la breve remembranza de mi compa\u00f1ero de vida.<\/p>\n<p>Deseo para ustedes y sus familias unas felices fiestas de Navidad y A\u00f1o Nuevo. Que 2023 sea un tiempo de bendiciones. No perdamos de vista que la vida es aqu\u00ed y ahora; que el mejor d\u00eda es hoy, en el que tenemos la fortuna de despertar y de manifestar a nuestros seres queridos lo que sentimos por ellos y darles las gracias.<\/p>\n<p>Nos leemos en enero pr\u00f3ximo.<\/p>\n<p style=\"text-align: center;\"><strong>VERICUENTOS<\/strong><\/p>\n<p style=\"text-align: center;\"><strong>Monreal, \u00bfplan \u201cC\u201d o \u201cS\u201d?<\/strong><\/p>\n<p>Semana de definiciones en el Congreso y en el pa\u00eds rumbo al 2024. La reforma electoral que impulsa el presidente L\u00f3pez Obrador encontr\u00f3 en el Senado una versi\u00f3n y ahora es el plan \u201cC\u201d. <strong>Ricardo Monreal, presidente de la Jucopo y coordinador de Morena<\/strong>, enfrenta la disyuntiva de sacarla adelante o mandarla a la congeladora. El punto de quiebre est\u00e1 en su futuro pol\u00edtico. Busca la candidatura de Morena a la Presidencia de la Rep\u00fablica y todo indica que, para \u00e9l, en su partido s\u00f3lo hay el plan \u201cS\u201d\u2026 Salir de Morena. El zacatecano lo tiene claro y hasta lo cant\u00f3: \u201cDiciembre me gust\u00f3 pa\u2019 que te vayas\u201d. <strong>\u00bfSer\u00e1?<\/strong><\/p>\n<p><a href=\"https:\/\/twitter.com\/guillegomora?lang=es\" target=\"_blank\" rel=\"noopener\"><em>@guillegomora<\/em><\/a><\/p>\n","protected":false},"excerpt":{"rendered":"<p><span style=\"color: #005497;\"><strong>Guillermina G\u00f3mora Ord\u00f3\u00f1ez<\/strong><\/span<\/span><\/p>\n","protected":false},"author":3,"featured_media":0,"comment_status":"open","ping_status":"open","sticky":false,"template":"","format":"standard","meta":{"_monsterinsights_skip_tracking":false,"_monsterinsights_sitenote_active":false,"_monsterinsights_sitenote_note":"","_monsterinsights_sitenote_category":0,"footnotes":""},"categories":[58361],"tags":[58362,58363,43674],"class_list":["post-568870","post","type-post","status-publish","format-standard","hentry","category-guillermina-gomora-ordonez","tag-caleidoscopio","tag-guillermina-gomora-ordonez","tag-opinion"],"_links":{"self":[{"href":"https:\/\/www.diarioimagen.net\/index.php?rest_route=\/wp\/v2\/posts\/568870","targetHints":{"allow":["GET"]}}],"collection":[{"href":"https:\/\/www.diarioimagen.net\/index.php?rest_route=\/wp\/v2\/posts"}],"about":[{"href":"https:\/\/www.diarioimagen.net\/index.php?rest_route=\/wp\/v2\/types\/post"}],"author":[{"embeddable":true,"href":"https:\/\/www.diarioimagen.net\/index.php?rest_route=\/wp\/v2\/users\/3"}],"replies":[{"embeddable":true,"href":"https:\/\/www.diarioimagen.net\/index.php?rest_route=%2Fwp%2Fv2%2Fcomments&post=568870"}],"version-history":[{"count":0,"href":"https:\/\/www.diarioimagen.net\/index.php?rest_route=\/wp\/v2\/posts\/568870\/revisions"}],"wp:attachment":[{"href":"https:\/\/www.diarioimagen.net\/index.php?rest_route=%2Fwp%2Fv2%2Fmedia&parent=568870"}],"wp:term":[{"taxonomy":"category","embeddable":true,"href":"https:\/\/www.diarioimagen.net\/index.php?rest_route=%2Fwp%2Fv2%2Fcategories&post=568870"},{"taxonomy":"post_tag","embeddable":true,"href":"https:\/\/www.diarioimagen.net\/index.php?rest_route=%2Fwp%2Fv2%2Ftags&post=568870"}],"curies":[{"name":"wp","href":"https:\/\/api.w.org\/{rel}","templated":true}]}}