{"id":569046,"date":"2022-12-14T00:02:11","date_gmt":"2022-12-14T06:02:11","guid":{"rendered":"https:\/\/www.diarioimagen.net\/?p=569046"},"modified":"2022-12-14T03:26:22","modified_gmt":"2022-12-14T09:26:22","slug":"puebla-de-las-vueltas-que-da-la-vida","status":"publish","type":"post","link":"https:\/\/www.diarioimagen.net\/?p=569046","title":{"rendered":"Puebla, de las vueltas que da la vida"},"content":{"rendered":"<h2>La Retaguardia<\/h2>\n<h5>Adriana Moreno Cordero<\/h5>\n<p>&nbsp;<\/p>\n<ul>\n<li><strong><em>\u201cNi canto de las sirenas, ni amenazas de nadie me mueven en mi posici\u00f3n\u201d: Monreal<\/em><\/strong><\/li>\n<\/ul>\n<p>&nbsp;<\/p>\n<p>De las vueltas que da la vida. El gobernador de Puebla, <strong>Luis Miguel Barbosa Huerta<\/strong>, falleci\u00f3 ayer y con ello, no pudo concluir su periodo porque le faltaron dos a\u00f1os. Varias estampas vienen a la memoria, como aquella en la que asegur\u00f3 que la Covid-19 s\u00f3lo les daba a los ricos y que esa enfermedad que deriv\u00f3 en una pandemia, se curaba\u00a0 con un buen mole de guajolote.<\/p>\n<p>Hay, desde luego, gran consternaci\u00f3n en el estado de Puebla, sobre todo porque este lamentable hecho se dio a un d\u00eda de que Barbosa Huerta rindiera su IV Informe de Gobierno, lo que ocurrir\u00eda justo el d\u00eda de hoy. Se registraron ayer varias reuniones en la entidad para que la secretaria de Gobierno del estado, <strong>Ana Gil<\/strong>, asumiera como encargada del despacho, no como gobernadora interina porque ese cargo lo decide el Congreso de Puebla.<\/p>\n<p>Adem\u00e1s, no hay posibilidad de convocar a elecciones extraordinarias, porque eso ocurri\u00f3 cuando <strong>Martha Erika Alonso<\/strong> perdi\u00f3 la vida en un accidente a\u00e9reo.<\/p>\n<p>Al respecto, lo que m\u00e1s queda en el recuerdo fueron las desafortunadas declaraciones que dio Barbosa Huerta, cuando la fugaz mandataria estatal, Martha Erika Alonso muri\u00f3, en diciembre de 2018, en un tr\u00e1gico accidente cuando viajaba acompa\u00f1ada de su esposo, el entonces senador <strong>Rafael Moreno Valle<\/strong>, en una situaci\u00f3n que nunca qued\u00f3 del todo aclarada. Palabras m\u00e1s, palabras menos, Barbosa Huerta dijo que ese hecho hab\u00eda sido \u201cjusticia divina\u201d o \u201cun castigo de Dios\u201d, porque eso autom\u00e1ticamente le despej\u00f3 el camino para acceder a dicha gubernatura.<\/p>\n<p>De lo m\u00e1s reciente, est\u00e1 el reproche p\u00fablico y sonoro que le hizo Barbosa, ni m\u00e1s ni menos que al diputado del PT, <strong>Gerardo Fern\u00e1ndez Noro\u00f1a<\/strong>, hoy flamante aspirante presidencial al que no reconoce como \u201ccorcholata\u201d ni siquiera el mism\u00edsimo presidente <strong>Andr\u00e9s Manuel L\u00f3pez Obrador<\/strong>, porque el petista se sum\u00f3 al apoyo del coordinador de la bancada de Morena en la C\u00e1mara de Diputados, <strong>Ignacio Mier Velazco<\/strong>, que aspira y suspira por ser gobernador de Puebla. La pregunta aqu\u00ed ser\u00eda, esto \u00bfle despejar\u00e1 el camino a Mier?<\/p>\n<p>En el Senado de la Rep\u00fablica, el presidente de la Mesa Directiva de esa instancia legislativa, <strong>Alejandro Armenta Mier<\/strong>, que se ven\u00eda perfilando como otro de los aspirantes a ese mismo cargo, convoc\u00f3 a un minuto de silencio a la memoria de quien tambi\u00e9n se desempe\u00f1\u00f3 como senador de la Rep\u00fablica, en ese entonces del PRD y, como se recordar\u00e1, se pronunci\u00f3 por la candidatura presidencial del entonces jefe de Gobierno de la Ciudad de M\u00e9xico, <strong>Miguel \u00c1ngel Mancera<\/strong> y casi inmediatamente despu\u00e9s, se fue a Morena.<\/p>\n<p>El \u00faltimo evento que encabez\u00f3 Luis Miguel Barbosa, fue una entrega de patrullas a diversos municipios y de ah\u00ed, el brindis de A\u00f1o Nuevo con trabajadores y personal dependiente del gobierno estatal. La noche anterior no estuvo en la reinauguraci\u00f3n del Museo Internacional del Barroco. Se dice que ya se ve\u00eda mal.<\/p>\n<p>La vocera del gobierno del estado, <strong>Ver\u00f3nica V\u00e9lez<\/strong> inform\u00f3 que se queda Ana Gil como encargada del despacho y para hoy habr\u00e1 homenajes de cuerpo presente en honor de Barbosa. El Congreso del estado nombrar\u00e1 a un gobernador sustituto y cuenta con hasta diez d\u00edas para nombrarlo y tendr\u00eda como encomienda concluir el periodo.<\/p>\n<p style=\"text-align: center;\"><strong>Municiones<\/strong><\/p>\n<p>*** Sobre el \u201cplan B\u201d de la controvertida reforma electoral de L\u00f3pez Obrador y su futuro pol\u00edtico, el coordinador de Morena en la C\u00e1mara alta, <strong>Ricardo Monreal<\/strong>, ha dicho: \u201cEstoy del lado de la Constituci\u00f3n, de la ley, de la justicia y me conduzco con los principios y los valores de la democracia\u201d. A\u00f1adi\u00f3 el tambi\u00e9n presidente de la Junta de Coordinaci\u00f3n Pol\u00edtica que en respuesta a quienes le exigen se defina si va a apoyar la reforma electoral o no, respondi\u00f3 que \u201cni canto de las sirenas, ni amenazas de nadie me mueve en mi criterio y en mi posici\u00f3n, ni mucho menos negociaciones subrepticias o condenas al ostracismo. Soy un hombre consciente de lo que est\u00e1 pasando en el pa\u00eds, de lo que est\u00e1 pasando en el Senado mexicano y de lo que cada uno tiene que asumir respecto de esta discusi\u00f3n, que tiene que ver con el futuro de la democracia de M\u00e9xico\u201d. Ante las tensiones vividas ayer en el Senado de la Rep\u00fablica, se pospuso la discusi\u00f3n de este \u00e1spero tema para hoy, pr\u00e1cticamente el plazo final. Dijo que tampoco busca acomodo para alcanzar otro cargo, como la Jefatura de Gobierno de la Ciudad de M\u00e9xico, mantengo mi decisi\u00f3n de ser candidato presidencial. \u201cContin\u00fao en el proceso interno de reflexi\u00f3n sobre mi futuro pol\u00edtico: \u201cSiempre en la valoraci\u00f3n y estoy muy tranquilo, en el momento que llegue la decisi\u00f3n la habremos de ejercer con toda responsabilidad\u201d. Rechaz\u00f3 las encuestas de Morena para definir candidatos.<\/p>\n<p>*** No cabe duda que L\u00f3pez Obrador no entiende y su tacto para la pol\u00edtica exterior es de elefante. En este orden de ideas, se la pasa haciendo pausas. Ayer, en su gustad\u00edsimo \u201cstand-up\u201d ma\u00f1anero dijo que no reconoc\u00eda el gobierno de la hoy presidenta del Per\u00fa, <strong>Dina Boluarte<\/strong>. Este contexto, en realidad, no quiere decir nada, cuesti\u00f3n de recordar que el tabasque\u00f1o con Espa\u00f1a tambi\u00e9n declar\u00f3 una pausa y ni caso le hicieron los espa\u00f1oles, porque mand\u00f3 una carta en la que exig\u00eda una disculpa por los cr\u00edmenes y represi\u00f3n cometidos durante la Conquista. Como coinciden en se\u00f1alar diversos analistas, L\u00f3pez Obrador se conduce con una gran frivolidad entre absurda, con una dosis generosa de impotencia verdaderamente preocupante, porque con esta actitud el de Tepetit\u00e1n avala que <strong>Pedro Castillo<\/strong> haya\u00a0 decretado un autogolpe de Estado y que con el poder puede hacer pr\u00e1cticamente lo que quiera,\u00a0 \u00bfpues no que al ahora preso ex mandatario le hab\u00edan dado un bebedizo y que no se acordaba de lo que hab\u00eda le\u00eddo?<\/p>\n<p>*** Muy desafortunadas declaraciones del subsecretario de Prevenci\u00f3n y Promoci\u00f3n de la Salud, <strong>Hugo L\u00f3pez-Gatell<\/strong> que vuelve a la carga y ofende al medio m\u00e9dico y da pena ajena porque eso de que s\u00f3lo se tienen que vacunar contra la influenza personas mayores ni\u00f1os menores de 5 a\u00f1os o con alguna comorbilidad. L\u00f3pez-Gatell hace caso omiso de que en M\u00e9xico, los casos de influenza incluso, combinada con Covid. La m\u00e1xima es que protegi\u00e9ndose uno, protege a su entorno. Y por cierto, hay que seguir usando el cubrebocas porque est\u00e1 visto que los que pretende este \u00ednfimo funcionario, es justificar que esta errada y llamada Cuarta Transformaci\u00f3n, no ha gastado en vacunas y da\u00f1\u00f3 severamente lo que era un esquema ejemplar de vacunaci\u00f3n a nivel mundial.<\/p>\n<p><u><a href=\"mailto:morcora@gmail.com\" target=\"_blank\" rel=\"noopener noreferrer\"><em>morcora@gmail.com<\/em><\/a><\/u><\/p>\n","protected":false},"excerpt":{"rendered":"<p><span style=\"color: #005497;\"><strong>Adriana Moreno Cordero<\/strong><\/span><\/p>\n","protected":false},"author":3,"featured_media":0,"comment_status":"open","ping_status":"open","sticky":false,"template":"","format":"standard","meta":{"_monsterinsights_skip_tracking":false,"_monsterinsights_sitenote_active":false,"_monsterinsights_sitenote_note":"","_monsterinsights_sitenote_category":0,"footnotes":""},"categories":[69370],"tags":[69369,69368,43674],"class_list":["post-569046","post","type-post","status-publish","format-standard","hentry","category-adriana-moreno-cordero","tag-adriana-moreno-cordero","tag-la-retaguardia","tag-opinion"],"_links":{"self":[{"href":"https:\/\/www.diarioimagen.net\/index.php?rest_route=\/wp\/v2\/posts\/569046","targetHints":{"allow":["GET"]}}],"collection":[{"href":"https:\/\/www.diarioimagen.net\/index.php?rest_route=\/wp\/v2\/posts"}],"about":[{"href":"https:\/\/www.diarioimagen.net\/index.php?rest_route=\/wp\/v2\/types\/post"}],"author":[{"embeddable":true,"href":"https:\/\/www.diarioimagen.net\/index.php?rest_route=\/wp\/v2\/users\/3"}],"replies":[{"embeddable":true,"href":"https:\/\/www.diarioimagen.net\/index.php?rest_route=%2Fwp%2Fv2%2Fcomments&post=569046"}],"version-history":[{"count":0,"href":"https:\/\/www.diarioimagen.net\/index.php?rest_route=\/wp\/v2\/posts\/569046\/revisions"}],"wp:attachment":[{"href":"https:\/\/www.diarioimagen.net\/index.php?rest_route=%2Fwp%2Fv2%2Fmedia&parent=569046"}],"wp:term":[{"taxonomy":"category","embeddable":true,"href":"https:\/\/www.diarioimagen.net\/index.php?rest_route=%2Fwp%2Fv2%2Fcategories&post=569046"},{"taxonomy":"post_tag","embeddable":true,"href":"https:\/\/www.diarioimagen.net\/index.php?rest_route=%2Fwp%2Fv2%2Ftags&post=569046"}],"curies":[{"name":"wp","href":"https:\/\/api.w.org\/{rel}","templated":true}]}}