{"id":569050,"date":"2022-12-14T00:03:46","date_gmt":"2022-12-14T06:03:46","guid":{"rendered":"https:\/\/www.diarioimagen.net\/?p=569050"},"modified":"2022-12-14T03:31:28","modified_gmt":"2022-12-14T09:31:28","slug":"debates-morenos-para-mas-publicidad","status":"publish","type":"post","link":"https:\/\/www.diarioimagen.net\/?p=569050","title":{"rendered":"Debates \u201cmorenos\u201d, para m\u00e1s publicidad"},"content":{"rendered":"<h2>Espacio Electoral<\/h2>\n<h5>Eleazar Flores<\/h5>\n<p>&nbsp;<\/p>\n<p><strong>AMLO Y \u201cCORCHOLATAS\u201d OK-.<\/strong> Por conveniencia y herramienta inequ\u00edvoca de ganar espacios medi\u00e1ticos, que los de la oposici\u00f3n quisieran, pero no saben c\u00f3mo hacerlo, las \u201ccorcholatas\u201d y su destapador -quien aval\u00f3 gustoso la estrategia-, est\u00e1n felices por\u00a0 iniciar los seguros debates.<\/p>\n<p>Ciertamente, la propuesta la extern\u00f3 Marcelo Ebrard, pero a\u00f1adiendo que los interesados en la candidatura presidencial renunciaran a sus cargos. Seguro que tuvo el aval presidencial, pues dudo que la idea haya salido del ronco pecho de Ebrard, sin consultarla antes.<\/p>\n<p>Las dos \u201ccorcholatas\u201d oficiales, Claudia Sheinbaum y Ad\u00e1n Augusto L\u00f3pez, de inmediato aceptaron el reto del canciller, pero la jefa de Gobierno acot\u00f3, no a la renuncia, as\u00ed descuide su tarea primigenia que es la de gobernar la capital del pa\u00eds. Si ya decidi\u00f3 participar, o la instruyeron para ello, seguir\u00e1 adelante y sin renunciar, su superior pol\u00edtico la apoya y h\u00e1gale como quiera.<\/p>\n<p>Del primo Ad\u00e1n Augusto, parece ser que no manifest\u00f3 mayor desacuerdo, limit\u00e1ndose a decir que se sujetar\u00eda a las reglas legales y partidistas vigentes.<\/p>\n<p>Las tres \u201ccorcholatas\u201d oficiales externaron sus puntos de vista en entrevistas por separado\u00a0 concedidas al \u201cteacher\u201d Joaqu\u00edn L\u00f3pez-D\u00f3riga en su noticiero estelar del mediod\u00eda en Radio F\u00f3rmula, en el transcurso de la semana pasada\u2026 pero hay otra \u201ccorcholata\u201d no tan oficial o cuando menos no tan bien vista o no tan citada por el jefe del comando guinda en su p\u00falpito ma\u00f1anero.<\/p>\n<p><strong>MONREAL-.<\/strong> La cuarta \u201ccorcholata\u201d es Ricardo Monreal, cuyo cargo es coordinador de la fracci\u00f3n mayoritaria del Senado de la rep\u00fablica, ignor\u00e1ndose si el gerente del Movimiento de Regeneraci\u00f3n Nacional, Morena, Mario Delgado, lo incluir\u00eda en el grupo de participantes en los debates, tan esperados por todos pero principalmente por el padre de la cuarta transformaci\u00f3n.<\/p>\n<p>Imagine un debate sin Monreal \u00c1vila, en caso de que a\u00fan formara parte de la militancia guinda, ser\u00eda el primer mensaje de su baja del cuadro titular de la aplanadora \u201cmorena\u201d, por un lado, pero por otro, sus declaraciones con o sin cargo, con o sin partido, podr\u00edan resultar period\u00edsticamente m\u00e1s interesantes y noticiosas, m\u00e1xime que a nivel medi\u00e1tico les lleva leguas de ventaja a sus competidores.<\/p>\n<p>Por ahora se trata de conjeturas, pero al ritmo que llevan las tareas electorales legislativas en la C\u00e1mara alta, tendr\u00e1n un desenlace m\u00e1s pronto de lo que se imagina, m\u00e1xime que con o sin aval de Monreal pero con la presi\u00f3n del superlegislador Ad\u00e1n Augusto, el \u201cplan B\u201d se aprob\u00f3, luego de un \u201cprofundo\u201d an\u00e1lisis que dur\u00f3 menos de una hora, para un documento de unas 400 cuartillas.<\/p>\n<p>Como ver\u00e1, con todo y su senectud, nuestros senadores resultaron ser lectores veloces, que las hayan entendido es otra cosa.<\/p>\n<p><em><a href=\"mailto:elefa44@gmail.com\" target=\"_blank\" rel=\"noopener noreferrer\">lefa44@gmail.com<\/a><\/em><\/p>\n","protected":false},"excerpt":{"rendered":"<p><span style=\"color: #005497;\"><strong>Eleazar Flores<\/strong><\/span><\/p>\n","protected":false},"author":3,"featured_media":0,"comment_status":"open","ping_status":"open","sticky":false,"template":"","format":"standard","meta":{"_monsterinsights_skip_tracking":false,"_monsterinsights_sitenote_active":false,"_monsterinsights_sitenote_note":"","_monsterinsights_sitenote_category":0,"footnotes":""},"categories":[81743],"tags":[81744,81776,43674],"class_list":["post-569050","post","type-post","status-publish","format-standard","hentry","category-eleazar-flores","tag-eleazar-flores","tag-espacio-electoral","tag-opinion"],"_links":{"self":[{"href":"https:\/\/www.diarioimagen.net\/index.php?rest_route=\/wp\/v2\/posts\/569050","targetHints":{"allow":["GET"]}}],"collection":[{"href":"https:\/\/www.diarioimagen.net\/index.php?rest_route=\/wp\/v2\/posts"}],"about":[{"href":"https:\/\/www.diarioimagen.net\/index.php?rest_route=\/wp\/v2\/types\/post"}],"author":[{"embeddable":true,"href":"https:\/\/www.diarioimagen.net\/index.php?rest_route=\/wp\/v2\/users\/3"}],"replies":[{"embeddable":true,"href":"https:\/\/www.diarioimagen.net\/index.php?rest_route=%2Fwp%2Fv2%2Fcomments&post=569050"}],"version-history":[{"count":0,"href":"https:\/\/www.diarioimagen.net\/index.php?rest_route=\/wp\/v2\/posts\/569050\/revisions"}],"wp:attachment":[{"href":"https:\/\/www.diarioimagen.net\/index.php?rest_route=%2Fwp%2Fv2%2Fmedia&parent=569050"}],"wp:term":[{"taxonomy":"category","embeddable":true,"href":"https:\/\/www.diarioimagen.net\/index.php?rest_route=%2Fwp%2Fv2%2Fcategories&post=569050"},{"taxonomy":"post_tag","embeddable":true,"href":"https:\/\/www.diarioimagen.net\/index.php?rest_route=%2Fwp%2Fv2%2Ftags&post=569050"}],"curies":[{"name":"wp","href":"https:\/\/api.w.org\/{rel}","templated":true}]}}