{"id":569066,"date":"2022-12-14T00:12:22","date_gmt":"2022-12-14T06:12:22","guid":{"rendered":"https:\/\/www.diarioimagen.net\/?p=569066"},"modified":"2022-12-15T00:55:55","modified_gmt":"2022-12-15T06:55:55","slug":"hoy-la-aplanadora-de-morena-y-aliados-en-el-senado-aprobaran-plan-b-reformado","status":"publish","type":"post","link":"https:\/\/www.diarioimagen.net\/?p=569066","title":{"rendered":"Hoy, la aplanadora de Morena y aliados en el Senado aprobar\u00e1n \u201cplan B\u201d reformado"},"content":{"rendered":"<h2>Tras la puerta del poder<\/h2>\n<h5>Roberto Vizca\u00edno<\/h5>\n<p>&nbsp;<\/p>\n<p>Hoy en el Senado la cosa es simple, todo es cuesti\u00f3n de n\u00fameros. Y en ese plano el grupo de Morena, PT y Verde tienen mayor\u00eda simple para aprobar el \u201cplan B\u201d de reformas electorales, con o sin modificaciones.<\/p>\n<p>Ayer, pese a que <strong>Ricardo Monreal<\/strong> entreg\u00f3 al secretario de Gobernaci\u00f3n, <strong>Ad\u00e1n Augusto L\u00f3pez,<\/strong> 21 bloques con fallos inconstitucionales corregidos, de los cuales el funcionario s\u00f3lo acept\u00f3 6 y puso en revisi\u00f3n y an\u00e1lisis los otros 15, la agenda no se modific\u00f3 ni pospuso.<\/p>\n<p>Ayer se dio primera lectura de las minutas y hoy mi\u00e9rcoles est\u00e1 previsto se d\u00e9 la segunda lectura y entre a debate y aprobaci\u00f3n todo el \u201cplan B\u201d, con o sin correcciones.<\/p>\n<p>Tal las cosas, el constitucionalista <strong>Ricardo Monreal<\/strong> expres\u00f3 preocupaci\u00f3n por los efectos que causar\u00e1 aprobar en estas condiciones el \u201cplan B\u201d electoral de AMLO.<\/p>\n<p>A pesar de conocer lo que en ese \u201cplan B\u201d va contra la Constituci\u00f3n, el zacatecano rechaz\u00f3 adelantar su voto y no neg\u00f3 que pueda ser a favor, a pesar de las violaciones.<\/p>\n<p>Sus conclusiones, sin embargo, son contundentes. Dijo que, de aprobarse, el \u201cplan B\u201d electoral de AMLO estar\u00e1 creando <strong>un nuevo sistema electoral que sin duda impactar\u00eda en el proceso electoral presidencial de 2024.<\/strong><\/p>\n<p>Explic\u00f3:<\/p>\n<p>\u201c\u2026 de las casi 500 normas jur\u00eddicas que se plantean reformar en seis leyes, yo le dir\u00eda, porque las le\u00ed todas, que dos terceras partes pueden ser constitucionales y ben\u00e9ficas para el proceso electoral: una tercera parte tiene, desde mi punto de vista, problemas de constitucionalidad\u201d.<\/p>\n<p>\u2014\u00bf<strong>Pone en riesgo la presidencia esa tercera parte<\/strong>?, se le pregunt\u00f3.<\/p>\n<p><strong>\u201cNo quiero ser tan categ\u00f3rico, pero s\u00ed le puedo decir, que lo es pr\u00e1cticamente\u201d, respondi\u00f3.<\/strong><\/p>\n<p>Al inicio de su conferencia, <strong>Monreal<\/strong> expres\u00f3 su preocupaci\u00f3n porque de aprobarse el \u201cplan B\u201d se suprimir\u00edan \u00e1reas muy importantes del INE y dejar\u00edan en la calle a cientos, miles de empleados y funcionarios que se han capacitado durante los 30 a\u00f1os anteriores.<\/p>\n<p>Con base en ello se le record\u00f3 que hoy <strong>muchas voces dicen que el \u201cplan B\u201d de AMLO va a afectar a la democracia en M\u00e9xico\u2026<\/strong><\/p>\n<p>\u2014\u00bfUsted est\u00e1 preocupado no solamente por los empleados y los funcionarios del INE, sino por la democracia de M\u00e9xico?<\/p>\n<p>\u201cS\u00ed, s\u00ed\u2026 tambi\u00e9n estoy preocupado por la democracia; no evito decir que estos d\u00edas he estado muy reflexivo en torno a ella, en el futuro de nuestro pa\u00eds en materia democr\u00e1tica.<\/p>\n<p>\u201cY, trato de influir desde dentro de mi grupo parlamentario y de mi corriente ideol\u00f3gica y pol\u00edtica, de influir para no cometer excesos y violaciones a la Constituci\u00f3n.<\/p>\n<p>\u201cNo se trata de confrontarme con nadie. Es m\u00e1s bien mi preocupaci\u00f3n por la defensa de la Constituci\u00f3n y de la democracia mexicana; porque s\u00ed es un nuevo sistema electoral, la compactaci\u00f3n y la eliminaci\u00f3n de \u00e1reas completas de profesionalizaci\u00f3n electoral van a desaparecer; aparte de que los trabajadores se quedar\u00e1n sin trabajo, no quisiera pensar en el riesgo que pueda existir al no tener la persona capacitada para organizar elecciones libres, imparciales, profesionales.<\/p>\n<p>\u201cA veces los cambios abruptos no son tan f\u00e1cil compensar o llenar con la experiencia de personas y mi preocupaci\u00f3n es por la democracia de M\u00e9xico\u201d, subray\u00f3.<\/p>\n<p>Pero una son las preocupaciones del coordinador de la mayor\u00eda senatorial de Morena y presidente de la Junta de Coordinaci\u00f3n Pol\u00edtica y aspirante presidencial a 2024 y otra muy distinta la alianza de esa mayor\u00eda con su jefe m\u00e1ximo, <strong>Andr\u00e9s Manuel L\u00f3pez Obrador<\/strong>.<\/p>\n<p>Y hoy, sin duda, operar\u00e1 la mayor\u00eda mec\u00e1nica para sacar adelante la instrucci\u00f3n de aprobar el \u201cplan B\u201d con el que se compactar\u00e1n todas las instituciones electorales y sus normas y presupuestos.<\/p>\n<p>Habr\u00e1 quien dentro del oficialismo se atreva a desafiar esta instrucci\u00f3n. Quiz\u00e1. Hoy lo veremos.<\/p>\n<p><em><a href=\"mailto:rvizcainoa@gmail.com\" target=\"_blank\" rel=\"noopener noreferrer\">vizcainoa@gmail.com<\/a><a href=\"mailto:rvizcainoa@gmail.com\" target=\"_blank\" rel=\"noopener noreferrer\"><br \/>\n<\/a><a href=\"http:\/\/endirecto.mx\" target=\"_blank\" rel=\"noopener noreferrer\">www.endirecto.mx<\/a><a href=\"mailto:rvizcainoa@gmail.com\" target=\"_blank\" rel=\"noopener noreferrer\"><br \/>\n<\/a><a href=\"https:\/\/twitter.com\/_rvizcaino\" target=\"_blank\" rel=\"noopener noreferrer\">@_RVizcaino<\/a><a href=\"mailto:rvizcainoa@gmail.com\" target=\"_blank\" rel=\"noopener noreferrer\"><br \/>\n<\/a><a href=\"https:\/\/www.facebook.com\/rvizcainoa\" target=\"_blank\" rel=\"noopener noreferrer\">facebook.com\/rvizcainoa<\/a><\/em><\/p>\n","protected":false},"excerpt":{"rendered":"<p><span style=\"color: #005497;\"><strong>Roberto Vizca\u00edno<\/strong><\/span><\/p>\n","protected":false},"author":3,"featured_media":0,"comment_status":"open","ping_status":"open","sticky":false,"template":"","format":"standard","meta":{"_monsterinsights_skip_tracking":false,"_monsterinsights_sitenote_active":false,"_monsterinsights_sitenote_note":"","_monsterinsights_sitenote_category":0,"footnotes":""},"categories":[136],"tags":[43674,93,94],"class_list":["post-569066","post","type-post","status-publish","format-standard","hentry","category-roberto-vizcaino-opinion","tag-opinion","tag-roberto-vizcaino","tag-tras-la-puerta-del-poder"],"_links":{"self":[{"href":"https:\/\/www.diarioimagen.net\/index.php?rest_route=\/wp\/v2\/posts\/569066","targetHints":{"allow":["GET"]}}],"collection":[{"href":"https:\/\/www.diarioimagen.net\/index.php?rest_route=\/wp\/v2\/posts"}],"about":[{"href":"https:\/\/www.diarioimagen.net\/index.php?rest_route=\/wp\/v2\/types\/post"}],"author":[{"embeddable":true,"href":"https:\/\/www.diarioimagen.net\/index.php?rest_route=\/wp\/v2\/users\/3"}],"replies":[{"embeddable":true,"href":"https:\/\/www.diarioimagen.net\/index.php?rest_route=%2Fwp%2Fv2%2Fcomments&post=569066"}],"version-history":[{"count":0,"href":"https:\/\/www.diarioimagen.net\/index.php?rest_route=\/wp\/v2\/posts\/569066\/revisions"}],"wp:attachment":[{"href":"https:\/\/www.diarioimagen.net\/index.php?rest_route=%2Fwp%2Fv2%2Fmedia&parent=569066"}],"wp:term":[{"taxonomy":"category","embeddable":true,"href":"https:\/\/www.diarioimagen.net\/index.php?rest_route=%2Fwp%2Fv2%2Fcategories&post=569066"},{"taxonomy":"post_tag","embeddable":true,"href":"https:\/\/www.diarioimagen.net\/index.php?rest_route=%2Fwp%2Fv2%2Ftags&post=569066"}],"curies":[{"name":"wp","href":"https:\/\/api.w.org\/{rel}","templated":true}]}}