{"id":569091,"date":"2022-12-15T00:02:33","date_gmt":"2022-12-15T06:02:33","guid":{"rendered":"https:\/\/www.diarioimagen.net\/?p=569091"},"modified":"2022-12-15T21:56:51","modified_gmt":"2022-12-16T03:56:51","slug":"el-pan-se-suma-a-escalada-de-precios-en-alimentos-basicos","status":"publish","type":"post","link":"https:\/\/www.diarioimagen.net\/?p=569091","title":{"rendered":"El pan se suma a escalada de precios en alimentos b\u00e1sicos"},"content":{"rendered":"<p>&nbsp;<\/p>\n<h3 style=\"text-align: center;\">Nuevo golpe a la econom\u00eda familiar<\/h3>\n<p>&nbsp;<\/p>\n<ul>\n<li><strong><em>La ANPEC anuncia reajuste al alza en este producto, desde el pr\u00f3ximo lunes\u00a0<\/em><\/strong><\/li>\n<\/ul>\n<p>&nbsp;<\/p>\n<div id=\"attachment_569159\" style=\"width: 470px\" class=\"wp-caption aligncenter\"><a href=\"https:\/\/www.diarioimagen.net\/?attachment_id=569159\" rel=\"attachment wp-att-569159\"><img loading=\"lazy\" decoding=\"async\" aria-describedby=\"caption-attachment-569159\" class=\"size-full wp-image-569159\" src=\"https:\/\/www.diarioimagen.net\/wp-content\/uploads\/2022\/12\/PAN1.jpg\" alt=\"\" width=\"460\" height=\"270\" \/><\/a><p id=\"caption-attachment-569159\" class=\"wp-caption-text\">La presi\u00f3n inflacionaria no perdona y la industria de la panificaci\u00f3n anunci\u00f3 un aumento de precios a partir del pr\u00f3ximo lunes.<\/p><\/div>\n<p>&nbsp;<\/p>\n<p>Pese a los acuerdos del gobierno federal con empresarios, la escalada de precios contin\u00faa en el cierre de a\u00f1o, pues la Asociaci\u00f3n Nacional de Peque\u00f1os Comerciantes (ANPEC) anunci\u00f3 que desde el lunes 19 de diciembre el precio del pan se incrementar\u00e1.<\/p>\n<p>El organismo dirigido por Cuauht\u00e9moc Rivera consider\u00f3 que con este aumento \u201cla industria de la panificaci\u00f3n concluye su compromiso con el Pacto para Combatir la Inflaci\u00f3n y la Carest\u00eda (PACIC), que contrajo desde el mes de mayo, de contener el precio de algunos de sus productos como es el pan de caja grande\u201d.<\/p>\n<p>Este nuevo incremento de uno de los alimentos b\u00e1sicos de la dieta de los mexicanos ocurre despu\u00e9s de que Grupo Modelo encareci\u00f3 sus cervezas.<\/p>\n<p>El organismo indic\u00f3 que este cambio en los costos de la industria panificadora, el cual no indic\u00f3 de cu\u00e1nto ser\u00e1, se explican por las m\u00faltiples presiones que este sector ha recibido.<\/p>\n<p>\u201cLa presi\u00f3n inflacionaria no perdona y no ha perdonado a la industria de la panificaci\u00f3n\u201d, subray\u00f3.<\/p>\n<p>\u201cIndudablemente tambi\u00e9n resulta popular es el consumo del bolillo y la telera antes que el del pan de caja, pues bien el precio de estos productos tambi\u00e9n ha aumentado al inicio de a\u00f1o, pasando de un promedio nacional de 1.70 a 2.50 pesos, el incremento es de pr\u00e1cticamente 1 peso por bolillo\/telera, alimento tan demandado por los mexicanos\u201d, dijo al referir que en los \u00faltimos meses la variaci\u00f3n del precio ha sido importante.<\/p>\n<p>Abund\u00f3 que las panificadoras han observado el encarecimiento de insumos como el trigo, la energ\u00eda y la log\u00edstica.<\/p>\n<p>\u201cEl precio del trigo se ha disparado producto de la guerra de Ucrania, tambi\u00e9n el costo del gas y la energ\u00eda el\u00e9ctrica de nuestro pa\u00eds, que resulta cada vez m\u00e1s cara e insuficiente\u201d, dijo. Coment\u00f3 que a esta problem\u00e1tica se suma el desabasto de cart\u00f3n situaci\u00f3n que fue impulsada en la pandemia, pl\u00e1stico y aluminio, el cual encarece la log\u00edstica de embalaje de estos productos. A principios del mes productos de bebidas que elabora FEMSA, como es el refresco Coca-Cola, la leche Santa Clara, entre otros tambi\u00e9n observaron una variaci\u00f3n en sus precios.<\/p>\n<p>La ANPEC tambi\u00e9n coment\u00f3 que el precio de la tortilla tambi\u00e9n ha incrementado, de tal forma que en algunos lugares se llega a vender hasta en 30 pesos por kilogramo.<\/p>\n<p>A esta escalada de precios en productos, que tambi\u00e9n ocurre a d\u00edas de que entre en vigor el alza de 20 por ciento del salario m\u00ednimo general (SMG), las cajetillas de cigarros tambi\u00e9n se encarecer\u00e1n en un promedio de 5 pesos en la presentaci\u00f3n de 20 cigarrillos.<\/p>\n","protected":false},"excerpt":{"rendered":"<p>Pese a los acuerdos del gobierno federal con empresarios, la escalada de precios contin\u00faa en el cierre de a\u00f1o, pues la Asociaci\u00f3n Nacional de Peque\u00f1os Comerciantes (ANPEC) anunci\u00f3 que desde el lunes 19 de diciembre el precio del pan se incrementar\u00e1.<\/p>\n","protected":false},"author":3,"featured_media":569159,"comment_status":"open","ping_status":"open","sticky":false,"template":"","format":"standard","meta":{"_monsterinsights_skip_tracking":false,"_monsterinsights_sitenote_active":false,"_monsterinsights_sitenote_note":"","_monsterinsights_sitenote_category":0,"footnotes":""},"categories":[8],"tags":[93301,96666,43678,46011],"class_list":["post-569091","post","type-post","status-publish","format-standard","has-post-thumbnail","hentry","category-finanzas","tag-anpec","tag-basicos","tag-finanzas","tag-precios"],"_links":{"self":[{"href":"https:\/\/www.diarioimagen.net\/index.php?rest_route=\/wp\/v2\/posts\/569091","targetHints":{"allow":["GET"]}}],"collection":[{"href":"https:\/\/www.diarioimagen.net\/index.php?rest_route=\/wp\/v2\/posts"}],"about":[{"href":"https:\/\/www.diarioimagen.net\/index.php?rest_route=\/wp\/v2\/types\/post"}],"author":[{"embeddable":true,"href":"https:\/\/www.diarioimagen.net\/index.php?rest_route=\/wp\/v2\/users\/3"}],"replies":[{"embeddable":true,"href":"https:\/\/www.diarioimagen.net\/index.php?rest_route=%2Fwp%2Fv2%2Fcomments&post=569091"}],"version-history":[{"count":0,"href":"https:\/\/www.diarioimagen.net\/index.php?rest_route=\/wp\/v2\/posts\/569091\/revisions"}],"wp:featuredmedia":[{"embeddable":true,"href":"https:\/\/www.diarioimagen.net\/index.php?rest_route=\/wp\/v2\/media\/569159"}],"wp:attachment":[{"href":"https:\/\/www.diarioimagen.net\/index.php?rest_route=%2Fwp%2Fv2%2Fmedia&parent=569091"}],"wp:term":[{"taxonomy":"category","embeddable":true,"href":"https:\/\/www.diarioimagen.net\/index.php?rest_route=%2Fwp%2Fv2%2Fcategories&post=569091"},{"taxonomy":"post_tag","embeddable":true,"href":"https:\/\/www.diarioimagen.net\/index.php?rest_route=%2Fwp%2Fv2%2Ftags&post=569091"}],"curies":[{"name":"wp","href":"https:\/\/api.w.org\/{rel}","templated":true}]}}