{"id":569097,"date":"2022-12-15T00:05:12","date_gmt":"2022-12-15T06:05:12","guid":{"rendered":"https:\/\/www.diarioimagen.net\/?p=569097"},"modified":"2022-12-15T21:58:02","modified_gmt":"2022-12-16T03:58:02","slug":"uaemex-mantiene-disciplina-financiera-en-favor-de-la-comunidad-universitaria-rector-carlos-eduardo-barrera-diaz","status":"publish","type":"post","link":"https:\/\/www.diarioimagen.net\/?p=569097","title":{"rendered":"UAEM\u00e9x mantiene disciplina financiera en favor de la comunidad universitaria: rector Carlos Eduardo Barrera D\u00edaz"},"content":{"rendered":"<p>&nbsp;<\/p>\n<div id=\"attachment_569161\" style=\"width: 470px\" class=\"wp-caption aligncenter\"><a href=\"https:\/\/www.diarioimagen.net\/?attachment_id=569161\" rel=\"attachment wp-att-569161\"><img loading=\"lazy\" decoding=\"async\" aria-describedby=\"caption-attachment-569161\" class=\"size-full wp-image-569161\" src=\"https:\/\/www.diarioimagen.net\/wp-content\/uploads\/2022\/12\/uaem-mantiene-disciplina.jpg\" alt=\"\" width=\"460\" height=\"270\" \/><\/a><p id=\"caption-attachment-569161\" class=\"wp-caption-text\">El rector de la M\u00e1xima Casa de Estudios mexiquense, Carlos Eduardo Barrera D\u00edaz, destac\u00f3 que gracias al saneamiento de las finanzas institucionales, hubo un incremento para la compra de implementos que permitir\u00e1n ejercer la labor docente de manera segura y ayude a prevenir riesgos laborales.<\/p><\/div>\n<p>&nbsp;<\/p>\n<p><strong>Toluca, Estado de M\u00e9xico.\u2014 <\/strong>El rector de la Universidad Aut\u00f3noma del Estado de M\u00e9xico (UAEM\u00e9x), Carlos Eduardo Barrera D\u00edaz, entreg\u00f3 implementos de trabajo en la Federaci\u00f3n de Asociaciones Aut\u00f3nomas de Personal Acad\u00e9mico de esta casa de estudios (FAAPAUAEM).<\/p>\n<p>Acompa\u00f1ado por la secretar\u00eda de Administraci\u00f3n, Er\u00e9ndira Fierro Moreno, y el secretario de Docencia, Jos\u00e9 Raymundo Marcial Romero, el rector de la M\u00e1xima Casa de Estudios mexiquense, Carlos Eduardo Barrera D\u00edaz, destac\u00f3 que este a\u00f1o la UAEM\u00e9x se ha enfrentado a distintos retos; sin embargo, gracias al saneamiento de las finanzas institucionales hubo un incremento para la compra de implementos que permitir\u00e1n ejercer la labor docente de manera segura y ayudar\u00e1n a prevenir riesgos laborales.<\/p>\n<p>\u201cNos hemos enfrentado a una problem\u00e1tica complicada; sin embargo, estamos haciendo mucho \u00e9nfasis en sanear las finanzas institucionales, por lo que hemos estado trabajando para que todos los sectores de la universidad cuenten con los recursos necesarios\u201d, abund\u00f3.<\/p>\n<p>De igual forma, Barrera D\u00edaz apunt\u00f3 que durante la Administraci\u00f3n 2021-2025 se ha impulsado la investigaci\u00f3n, prueba de ello es que m\u00e1s de 600 PTC son miembros del Sistema Nacional de Investigadores (SNI), es decir, que de 2018 a 2022 ha aumentado 30 por ciento el n\u00famero de investigadores e investigadoras que pertenecen al SNI.<\/p>\n<p>Durante su intervenci\u00f3n, la secretaria general de la FAAPAUAEM, Gilda Gonz\u00e1lez Villase\u00f1or, destac\u00f3 que el trabajo colaborativo entre la UAEM\u00e9x y la FAAPAUAEM ha permitido un desarrollo arm\u00f3nico que ayuda a prevenir riesgos laborales y enfermedades profesionales que promueve el m\u00e1s alto grado de seguridad para el personal docente.\u00a0 Es por ello que estos implementos de trabajo beneficiar\u00e1n a m\u00e1s de seis mil integrantes de la Federaci\u00f3n de Asociaciones Aut\u00f3nomas de Personal Acad\u00e9mico de esta casa de estudios.<\/p>\n<p>Durante la ceremonia se entregaron los reconocimientos a los ganadores de la Cl\u00e1usula 90, Ana Esperanza Carre\u00f1o Contreras, adscrita al Plantel \u201cDr. \u00c1ngel Mar\u00eda Garibay K\u201d. de la Escuela Preparatoria, y Francisco Javier Sol\u00e9 Zapatero, de la Facultad de Humanidades, como reconocimiento a su trabajo acad\u00e9mico destacado, que durante el semestre 2022A promovieron la innovaci\u00f3n de la ense\u00f1anza en su \u00e1rea de trabajo.<\/p>\n<p>Al acto asistieron miembros del gabinete universitario e integrantes del Comit\u00e9 Ejecutivo de la FAAPAUAEM.<\/p>\n","protected":false},"excerpt":{"rendered":"<p>El rector de la Universidad Aut\u00f3noma del Estado de M\u00e9xico (UAEM\u00e9x), Carlos Eduardo Barrera D\u00edaz, entreg\u00f3 implementos de trabajo en la Federaci\u00f3n de Asociaciones Aut\u00f3nomas de Personal Acad\u00e9mico de esta casa de estudios (FAAPAUAEM).<\/p>\n","protected":false},"author":3,"featured_media":569161,"comment_status":"open","ping_status":"open","sticky":false,"template":"","format":"standard","meta":{"_monsterinsights_skip_tracking":false,"_monsterinsights_sitenote_active":false,"_monsterinsights_sitenote_note":"","_monsterinsights_sitenote_category":0,"footnotes":""},"categories":[5],"tags":[92667,43675,14963,452],"class_list":["post-569097","post","type-post","status-publish","format-standard","has-post-thumbnail","hentry","category-estado-de-mexico","tag-carlos-eduardo-barrera-diaz","tag-estado-de-mexico","tag-maxima-casa-de-estudios","tag-toluca"],"_links":{"self":[{"href":"https:\/\/www.diarioimagen.net\/index.php?rest_route=\/wp\/v2\/posts\/569097","targetHints":{"allow":["GET"]}}],"collection":[{"href":"https:\/\/www.diarioimagen.net\/index.php?rest_route=\/wp\/v2\/posts"}],"about":[{"href":"https:\/\/www.diarioimagen.net\/index.php?rest_route=\/wp\/v2\/types\/post"}],"author":[{"embeddable":true,"href":"https:\/\/www.diarioimagen.net\/index.php?rest_route=\/wp\/v2\/users\/3"}],"replies":[{"embeddable":true,"href":"https:\/\/www.diarioimagen.net\/index.php?rest_route=%2Fwp%2Fv2%2Fcomments&post=569097"}],"version-history":[{"count":0,"href":"https:\/\/www.diarioimagen.net\/index.php?rest_route=\/wp\/v2\/posts\/569097\/revisions"}],"wp:featuredmedia":[{"embeddable":true,"href":"https:\/\/www.diarioimagen.net\/index.php?rest_route=\/wp\/v2\/media\/569161"}],"wp:attachment":[{"href":"https:\/\/www.diarioimagen.net\/index.php?rest_route=%2Fwp%2Fv2%2Fmedia&parent=569097"}],"wp:term":[{"taxonomy":"category","embeddable":true,"href":"https:\/\/www.diarioimagen.net\/index.php?rest_route=%2Fwp%2Fv2%2Fcategories&post=569097"},{"taxonomy":"post_tag","embeddable":true,"href":"https:\/\/www.diarioimagen.net\/index.php?rest_route=%2Fwp%2Fv2%2Ftags&post=569097"}],"curies":[{"name":"wp","href":"https:\/\/api.w.org\/{rel}","templated":true}]}}