{"id":569100,"date":"2022-12-15T00:04:49","date_gmt":"2022-12-15T06:04:49","guid":{"rendered":"https:\/\/www.diarioimagen.net\/?p=569100"},"modified":"2022-12-15T02:18:09","modified_gmt":"2022-12-15T08:18:09","slug":"reafirman-acme-compromiso-con-la-educacion-en-edomex","status":"publish","type":"post","link":"https:\/\/www.diarioimagen.net\/?p=569100","title":{"rendered":"Reafirman ACME compromiso con la educaci\u00f3n, en Edomex"},"content":{"rendered":"<p>&nbsp;<\/p>\n<p><a href=\"https:\/\/www.diarioimagen.net\/?attachment_id=569196\" rel=\"attachment wp-att-569196\"><img loading=\"lazy\" decoding=\"async\" class=\"aligncenter size-full wp-image-569196\" src=\"https:\/\/www.diarioimagen.net\/wp-content\/uploads\/2022\/12\/reafirma-acme.jpg\" alt=\"\" width=\"460\" height=\"270\" \/><\/a><\/p>\n<p>&nbsp;<\/p>\n<p><strong>Cuautitl\u00e1n Izcalli, Estado de M\u00e9xico.\u2014<\/strong> La Alianza de Autotransportistas, Comerciantes y Anexas de M\u00e9xico (ACME), presidida a nivel nacional por Jafet Sainz, reafirm\u00f3 su compromiso con la educaci\u00f3n, al entregar la rehabilitaci\u00f3n integral de la Escuela Primaria \u201cSor Juana In\u00e9s de la Cruz\u201d, en la Colonia Luis Echeverr\u00eda, Cuautitl\u00e1n Izcalli.<\/p>\n<p>En este plantel escolar, a trav\u00e9s de los coordinadores Mauricio Padr\u00f3n y Alberto L\u00f3pez, ACME realiz\u00f3 trabajos de limpieza, pintura de aulas y barda principal; adem\u00e1s de cambiar la imagen con impresionantes murales motivacionales alusivos a las ciencias en cada aula.<\/p>\n","protected":false},"excerpt":{"rendered":"<p>La Alianza de Autotransportistas, Comerciantes y Anexas de M\u00e9xico (ACME), presidida a nivel nacional por Jafet Sainz, reafirm\u00f3 su compromiso con la educaci\u00f3n, al entregar la rehabilitaci\u00f3n integral de la Escuela Primaria \u201cSor Juana In\u00e9s de la Cruz\u201d, en la Colonia Luis Echeverr\u00eda, Cuautitl\u00e1n Izcalli.<\/p>\n","protected":false},"author":3,"featured_media":569196,"comment_status":"open","ping_status":"open","sticky":false,"template":"","format":"standard","meta":{"_monsterinsights_skip_tracking":false,"_monsterinsights_sitenote_active":false,"_monsterinsights_sitenote_note":"","_monsterinsights_sitenote_category":0,"footnotes":""},"categories":[5],"tags":[15135,971,43694,43675],"class_list":["post-569100","post","type-post","status-publish","format-standard","has-post-thumbnail","hentry","category-estado-de-mexico","tag-compromiso","tag-cuautitlan-izcalli","tag-educacion","tag-estado-de-mexico"],"_links":{"self":[{"href":"https:\/\/www.diarioimagen.net\/index.php?rest_route=\/wp\/v2\/posts\/569100","targetHints":{"allow":["GET"]}}],"collection":[{"href":"https:\/\/www.diarioimagen.net\/index.php?rest_route=\/wp\/v2\/posts"}],"about":[{"href":"https:\/\/www.diarioimagen.net\/index.php?rest_route=\/wp\/v2\/types\/post"}],"author":[{"embeddable":true,"href":"https:\/\/www.diarioimagen.net\/index.php?rest_route=\/wp\/v2\/users\/3"}],"replies":[{"embeddable":true,"href":"https:\/\/www.diarioimagen.net\/index.php?rest_route=%2Fwp%2Fv2%2Fcomments&post=569100"}],"version-history":[{"count":0,"href":"https:\/\/www.diarioimagen.net\/index.php?rest_route=\/wp\/v2\/posts\/569100\/revisions"}],"wp:featuredmedia":[{"embeddable":true,"href":"https:\/\/www.diarioimagen.net\/index.php?rest_route=\/wp\/v2\/media\/569196"}],"wp:attachment":[{"href":"https:\/\/www.diarioimagen.net\/index.php?rest_route=%2Fwp%2Fv2%2Fmedia&parent=569100"}],"wp:term":[{"taxonomy":"category","embeddable":true,"href":"https:\/\/www.diarioimagen.net\/index.php?rest_route=%2Fwp%2Fv2%2Fcategories&post=569100"},{"taxonomy":"post_tag","embeddable":true,"href":"https:\/\/www.diarioimagen.net\/index.php?rest_route=%2Fwp%2Fv2%2Ftags&post=569100"}],"curies":[{"name":"wp","href":"https:\/\/api.w.org\/{rel}","templated":true}]}}