{"id":569119,"date":"2022-12-15T00:01:56","date_gmt":"2022-12-15T06:01:56","guid":{"rendered":"https:\/\/www.diarioimagen.net\/?p=569119"},"modified":"2022-12-15T21:58:48","modified_gmt":"2022-12-16T03:58:48","slug":"urge-amlo-a-impulsar-alianza-para-el-bienestar-en-america","status":"publish","type":"post","link":"https:\/\/www.diarioimagen.net\/?p=569119","title":{"rendered":"Urge AMLO a impulsar Alianza para el Bienestar en Am\u00e9rica"},"content":{"rendered":"<p>&nbsp;<\/p>\n<h3 style=\"text-align: center;\">Propone una mayor integraci\u00f3n regional<\/h3>\n<p>&nbsp;<\/p>\n<ul>\n<li><strong><em>\u201cSi esta zona sigue abandonada, no se va a poder ordenar el flujo migratorio\u201d<\/em><\/strong><\/li>\n<\/ul>\n<p>&nbsp;<\/p>\n<div id=\"attachment_569170\" style=\"width: 470px\" class=\"wp-caption aligncenter\"><a href=\"https:\/\/www.diarioimagen.net\/?attachment_id=569170\" rel=\"attachment wp-att-569170\"><img loading=\"lazy\" decoding=\"async\" aria-describedby=\"caption-attachment-569170\" class=\"size-full wp-image-569170\" src=\"https:\/\/www.diarioimagen.net\/wp-content\/uploads\/2022\/12\/amlo-7.jpg\" alt=\"\" width=\"460\" height=\"270\" \/><\/a><p id=\"caption-attachment-569170\" class=\"wp-caption-text\">Andr\u00e9s Manuel L\u00f3pez Obrador explic\u00f3 los alcances de su iniciativa que involucra consolidar econ\u00f3micamente a todo el continente sobre la base de una pol\u00edtica de sustituci\u00f3n de importaciones.<\/p><\/div>\n<p>&nbsp;<\/p>\n<p>El presidente Andr\u00e9s Manuel L\u00f3pez Obrador consider\u00f3 que no puede haber tanta desigualdad en el continente americano, por lo que insisti\u00f3 en la necesidad de impulsar una Alianza para el Bienestar, que permita potenciar los recursos econ\u00f3micos y humanos en la regi\u00f3n.<\/p>\n<p>\u201cEs importante porque si hay crecimiento econ\u00f3mico, oportunidades de trabajo, bienestar, hay posibilidades de ordenar el flujo migratorio. Si se sigue abandonando a Am\u00e9rica Latina y el Caribe, no se va a poder ordenar el flujo migratorio y se van a seguir poniendo en riesgo las vidas de millones de distintos pa\u00edses, de Sudam\u00e9rica, Centroam\u00e9rica, est\u00e1n saliendo miles de personas\u201d.<\/p>\n<p>En su ma\u00f1anera de este mi\u00e9rcoles, el mandatario explic\u00f3 los alcances de su iniciativa que involucra consolidar econ\u00f3micamente a todo el continente sobre la base de una pol\u00edtica de sustituci\u00f3n de importaciones a fin de que se produzca aqu\u00ed todo lo que se consume. Indic\u00f3 que en cierta forma se ha comenzado con el tratado comercial en Am\u00e9rica del Norte, que debe consolidarse a fin de no tener que importar productos de Asia. Se\u00f1al\u00f3 que en Asia, en especial en China, se planea a futuro, ya tienen previsto lo que van a hacer en el 2040 y aqu\u00ed se sigue pensando en las pr\u00f3ximas elecciones, y no en la pr\u00f3xima generaci\u00f3n.<\/p>\n<p>Pidi\u00f3 abandonar pol\u00edticas medievales como el bloqueo a Cuba, que corresponden a otro contexto hist\u00f3rico, porque c\u00f3mo se lleva a cabo un plan para la cooperaci\u00f3n econ\u00f3mica y bienestar si se mantiene la pol\u00edtica de principios de siglo XIX que se intervenga en las decisiones de los pueblos.<\/p>\n<p>Cuestion\u00f3 c\u00f3mo poder vernos como aliados, \u201csi va a seguir habiendo pol\u00edticas de bloqueo a Cuba, de sanciones pol\u00edticas medievales que afectan a los pueblos. Porque no es afectar a los gobiernos. \u00bfA qui\u00e9n se afecta con un bloqueo? a la gente. \u00bfQue peligro hay de que podamos tener una relaci\u00f3n de respeto?, \u00bfQu\u00e9 peligro significa Cuba para Estados Unidos, Venezuela, Colombia? Nada\u201d.<\/p>\n<p>Reiter\u00f3 la necesidad de controlar los flujos migratorios de manera ordenada mediante el otorgamiento de visas de trabajo temporales.<\/p>\n<p style=\"text-align: center;\">\u00a0<strong>Lamenta AMLO muerte del gobernador Miguel Barbosa<\/strong><\/p>\n<p>\u00a0En otro tema, L\u00f3pez Obrador lament\u00f3 la muerte del gobernador de Puebla, Miguel Barbosa. \u201cSe trata de un luchador por la democracia desde hace muchos a\u00f1os\u201d.<\/p>\n<p>La ma\u00f1anera abri\u00f3 con un mensaje del mandatario para el fallecido gobernador, a quien, dijo, conoci\u00f3 entre 1989 y 1990; y apunt\u00f3 que fue idea del poblano la movilizaci\u00f3n que se dio en defensa de la Cuarta Transformaci\u00f3n el pasado 27 de noviembre.<\/p>\n<p>\u201cLamentar mucho la p\u00e9rdida de Miguel Barbosa, compa\u00f1ero y gobernador de Puebla. Nos conmovi\u00f3 a todos y vamos a reunirnos a las once y media, vamos a ir a Puebla a rendirle un homenaje de modo que vamos a estar con sus familiares, desde ayer est\u00e1 la comunicaci\u00f3n con su esposa y vamos a hacerle un reconocimiento\u201d, dijo este mi\u00e9rcoles.<\/p>\n<p>El Presidente se refiri\u00f3 a varios momentos que recientemente comparti\u00f3 con Barbosa. Hace dos a\u00f1os, rememor\u00f3, estuvieron juntos cerca del pueblo originario del mandatario estatal, para poner en marcha el programa La Escuela es Nuestra en aquel estado.<\/p>\n<p>\u201cEste a\u00f1o convivimos bastante. Estuvimos en la conmemoraci\u00f3n de la Batalla de Puebla, el 5 de mayo, fue un homenaje muy importante a quienes lucharon por nuestra patria. \u00c9l estaba muy insistente en que deb\u00eda yo asistir y estar en todo el desfile c\u00edvico-militar del pueblo, y lo acompa\u00f1\u00e9\u201d.<\/p>\n<p>Record\u00f3 que la \u00faltima vez que se vieron fue en la marcha con la que se celebr\u00f3 el cuarto aniversario del gobierno de la cuarta transformaci\u00f3n.<\/p>\n<p>\u201cAntes hab\u00edamos estado en Zozutla, donde se firm\u00f3 el Plan de Ayala, en los l\u00edmites de Guerrero con Puebla, ah\u00ed estuvimos juntos. De ah\u00ed surgi\u00f3 su propuesta de hacer una manifestaci\u00f3n, una marcha en Puebla para defender al gobierno y a la transformaci\u00f3n cuando la embestida de los conservadores\u201d.<\/p>\n<p>Fue Barbosa, se\u00f1al\u00f3 L\u00f3pez Obrador, el primero que convoc\u00f3 a esa movilizaci\u00f3n, que despu\u00e9s transmut\u00f3 a marcha nacional en la Ciudad de M\u00e9xico, seguida del informe por los cuatro a\u00f1os de gobierno.<\/p>\n<p>\u201cAntes que nadie \u00e9l convoc\u00f3 a esa movilizaci\u00f3n, eso llev\u00f3 a que el informe se convirtiera en marcha y estuvo con nosotros al inicio de la marcha, estuvimos juntos. Y luego en Puebla hizo tambi\u00e9n posteriormente su movilizaci\u00f3n\u201d.<\/p>\n<p>Ante ello, el mandatario agreg\u00f3: \u201cMuy lamentable su fallecimiento y vamos a rendirle un homenaje y lo vamos a tener siempre presente, pues luch\u00f3 durante muchos a\u00f1os y viene de abajo, siempre abri\u00e9ndose paso, enfrentando adversidades\u201d.<\/p>\n","protected":false},"excerpt":{"rendered":"<p>El presidente Andr\u00e9s Manuel L\u00f3pez Obrador consider\u00f3 que no puede haber tanta desigualdad en el continente americano, por lo que insisti\u00f3 en la necesidad de impulsar una Alianza para el Bienestar, que permita potenciar los recursos econ\u00f3micos y humanos en la regi\u00f3n.<\/p>\n","protected":false},"author":3,"featured_media":569170,"comment_status":"open","ping_status":"open","sticky":false,"template":"","format":"standard","meta":{"_monsterinsights_skip_tracking":false,"_monsterinsights_sitenote_active":false,"_monsterinsights_sitenote_note":"","_monsterinsights_sitenote_category":0,"footnotes":""},"categories":[3],"tags":[1439,2545,43673],"class_list":["post-569119","post","type-post","status-publish","format-standard","has-post-thumbnail","hentry","category-nacional","tag-america","tag-amlo","tag-nacional"],"_links":{"self":[{"href":"https:\/\/www.diarioimagen.net\/index.php?rest_route=\/wp\/v2\/posts\/569119","targetHints":{"allow":["GET"]}}],"collection":[{"href":"https:\/\/www.diarioimagen.net\/index.php?rest_route=\/wp\/v2\/posts"}],"about":[{"href":"https:\/\/www.diarioimagen.net\/index.php?rest_route=\/wp\/v2\/types\/post"}],"author":[{"embeddable":true,"href":"https:\/\/www.diarioimagen.net\/index.php?rest_route=\/wp\/v2\/users\/3"}],"replies":[{"embeddable":true,"href":"https:\/\/www.diarioimagen.net\/index.php?rest_route=%2Fwp%2Fv2%2Fcomments&post=569119"}],"version-history":[{"count":0,"href":"https:\/\/www.diarioimagen.net\/index.php?rest_route=\/wp\/v2\/posts\/569119\/revisions"}],"wp:featuredmedia":[{"embeddable":true,"href":"https:\/\/www.diarioimagen.net\/index.php?rest_route=\/wp\/v2\/media\/569170"}],"wp:attachment":[{"href":"https:\/\/www.diarioimagen.net\/index.php?rest_route=%2Fwp%2Fv2%2Fmedia&parent=569119"}],"wp:term":[{"taxonomy":"category","embeddable":true,"href":"https:\/\/www.diarioimagen.net\/index.php?rest_route=%2Fwp%2Fv2%2Fcategories&post=569119"},{"taxonomy":"post_tag","embeddable":true,"href":"https:\/\/www.diarioimagen.net\/index.php?rest_route=%2Fwp%2Fv2%2Ftags&post=569119"}],"curies":[{"name":"wp","href":"https:\/\/api.w.org\/{rel}","templated":true}]}}