{"id":569127,"date":"2022-12-15T00:12:21","date_gmt":"2022-12-15T06:12:21","guid":{"rendered":"https:\/\/www.diarioimagen.net\/?p=569127"},"modified":"2022-12-15T00:56:31","modified_gmt":"2022-12-15T06:56:31","slug":"implosion-en-grupo-de-morena-en-el-senado","status":"publish","type":"post","link":"https:\/\/www.diarioimagen.net\/?p=569127","title":{"rendered":"\u00bfImplosi\u00f3n en grupo de Morena en el Senado?"},"content":{"rendered":"<h2>Tras la puerta del poder<\/h2>\n<h5>Roberto Vizca\u00edno<\/h5>\n<p>&nbsp;<\/p>\n<p>Hasta anoche no hab\u00eda m\u00e1s de 111 legisladores en el pleno del Senado que debat\u00eda los dict\u00e1menes del \u201cplan B\u201d electoral del presidente <strong>Andr\u00e9s Manuel L\u00f3pez Obrador<\/strong>.<\/p>\n<p>De acuerdo a una votaci\u00f3n casi inicial para tramitar 3 mociones suspensivas presentadas por PAN, PRI y PRD, en el recinto hab\u00eda 63 senadores de Morena, PT, Verde y PES frente a 48 de PAN, PRI, PRD, MC y Grupo Plural.<\/p>\n<p>El total eran los 111 senadores que estaban ah\u00ed de 128 que integran esa c\u00e1mara. Los registros de votaci\u00f3n dejaron en claro que faltaban, estaban ausentes, 17 de un total de 128.<\/p>\n<p>Los senadores de Morena, PT, Verde y Pes suman en total 75 senadores. Los de PAN, PRI, PRD, MC y Grupo Plural son 53.<\/p>\n<p>Eso significa que faltaban 12 del oficialismo y 5 del bloque opositor.<\/p>\n<p>\u00bfPor qu\u00e9 es importante repasar estos n\u00fameros?<\/p>\n<p>Porque para sacar adelante el \u201cplan B\u201d se requer\u00eda anoche que votaran a favor 56 senadores y quiz\u00e1 no ten\u00edan asegurados esos votos.<\/p>\n<p>\u00bfY por qu\u00e9 no ten\u00edan esa seguridad?<\/p>\n<p>Bueno, porque el senador <strong>Ricardo Monreal<\/strong>, coordinador de los diputados de Morena subi\u00f3 a tribuna al iniciar el debate del \u201cplan B\u201d\u00a0 para indicar que:<\/p>\n<p>Este es un momento dif\u00edcil, pero con razones jur\u00eddicas y que por ello presentar\u00e1 un <strong>paquete de reservas<\/strong> en la votaci\u00f3n particular . Que lo suyo es un asunto estrictamente personal por nuestra democracia\u2026 y que nadie deber\u00eda ofenderse, porque est\u00e1 es una c\u00e1mara revisora con obligaci\u00f3n constitucional\u2026.<\/p>\n<p>\u201cS\u00e9 a lo que me enfrento\u2026 Lo \u00fanico que quiero es que se respete la Constituci\u00f3n\u201d.<\/p>\n<p>Sin explicitarlo, lo obvio es que su aclaraci\u00f3n significa que muy presumiblemente que votar\u00e1 en contra.<\/p>\n<p>Y que, si \u00e9l vota en contra, quiz\u00e1 lo sigan sus cercanos dentro de la fracci\u00f3n de Morena que se sabe, quiz\u00e1 suma entre los 15 y 20 senadores.<\/p>\n<p>Anoche, durante el desarrollo del Pleno, <strong>Monreal<\/strong> siempre estuvo acompa\u00f1ado por la senadora <strong>Olga S\u00e1nchez Cordero<\/strong>, ex ministra de la Corte y <strong>Crist\u00f3bal Arias<\/strong>, de Michoac\u00e1n.<\/p>\n<p>En este contexto, el debate alrededor de las minutas del \u201cplan B\u201d\u00a0 electoral de AMLO fue una larga repetici\u00f3n de agresiones e insultos, argumentos y alegatos de unos y otros, quienes indicaron que de aprobarse se afectar\u00eda gravemente al sistema electoral y sus instituciones, mientras los del oficialismo desecharon tal presunci\u00f3n.<\/p>\n<p>As\u00ed el debate entr\u00f3 a la madrugada de este d\u00eda.<\/p>\n<p style=\"text-align: center;\"><strong>El debate<\/strong><\/p>\n<p>Un ejemplo de este debate es la intervenci\u00f3n de la priista <strong>Beatriz Paredes<\/strong> quien indic\u00f3:<\/p>\n<p>\u201c\u2026 estas reformas tienen vicios de procedimiento\u201d, adem\u00e1s \u201chay una discusi\u00f3n de fondo y tengo la obligaci\u00f3n personal de alertarles sobre un hecho.<\/p>\n<p>\u201cVarias de las decisiones de las reformas planteadas pueden poner en riesgo la organizaci\u00f3n de las elecciones. Que no se diga que no lo advertimos a tiempo. Que no se diga que no encendimos la luz de alerta\u201d.<\/p>\n<p>Paredes se\u00f1al\u00f3 como muy grave que se pretenda recorrer las fechas del inicio del proceso electoral de 2024, la elecci\u00f3n m\u00e1s grande que se vaya a tener en la historia de M\u00e9xico. Grave tambi\u00e9n ser\u00eda la fusi\u00f3n de \u00e1reas en el Instituto Nacional Electoral lo que \u201cpuede significar la muerte de la democracia\u201d.<\/p>\n<p>\u201cFinaliz\u00f3 citando a Francisco I. Madero, dijo el pr\u00f3cer democr\u00e1tico: \u201cSon raros los que con el poder absoluto conservan la moderaci\u00f3n y no dan rienda suelta a sus pasiones\u201d. Ojal\u00e1 sea la raz\u00f3n y no la pasi\u00f3n lo que motive esta reforma\u201d.<\/p>\n<p style=\"text-align: center;\"><strong>La otra visi\u00f3n<\/strong><\/p>\n<p>En favor de las minutas, entre otros, habl\u00f3 <strong>Joel Padilla Pe\u00f1a<\/strong>, vicecoordinador de la bancada del PT, quien indic\u00f3 que al ponerse a votaci\u00f3n esta reforma, \u201cpor fin quedar\u00e1 en evidencia qui\u00e9nes queremos un M\u00e9xico sin corrupci\u00f3n, qui\u00e9nes queremos una verdadera democracia y que prevalezca la voluntad del pueblo de M\u00e9xico.<\/p>\n<p>Su grupo, dijo, ha luchado muchos a\u00f1os por tener instituciones confiables al servicio de las y los ciudadanos, \u201ces as\u00ed que, seguiremos trabajando hasta erradicar las viejas pr\u00e1cticas que promueven las cuotas de intereses de unos cuantos en perjuicio de la voluntad popular.<\/p>\n<p>\u201c!Que se escuche y se escuche muy bien, el INE no ser\u00e1 nunca m\u00e1s un bot\u00edn de privilegios! \u2026<\/p>\n<p>\u201cSenadoras y senadores, la Cuarta Transformaci\u00f3n de nuestra gran Naci\u00f3n cada vez m\u00e1s se va consolidando. Queda claro que seguimos y seguiremos avanzando en el sentido correcto de la historia, a pesar de quienes se oponen.<\/p>\n<p>\u201cNosotros confiamos plenamente en la gente, en el pueblo, mientras que la derecha sigue sin abrir los ojos, ignorando y despreciando a la gente.<\/p>\n<p>\u201cHace unos d\u00edas, la derecha vot\u00f3 en contra de la reforma constitucional enviada y propuesta por el Ejecutivo federal, pensando que con eso mermar\u00edan nuestro movimiento.<\/p>\n<p>\u201c\u00a1Pues aqu\u00ed les digo, no es as\u00ed, nuestro movimiento est\u00e1 m\u00e1s fuerte que nunca! Y apoyaremos sin condiciones las reformas a las leyes secundarias\u201d.<\/p>\n<p><em><a href=\"mailto:rvizcainoa@gmail.com\" target=\"_blank\" rel=\"noopener noreferrer\">vizcainoa@gmail.com<\/a><a href=\"mailto:rvizcainoa@gmail.com\" target=\"_blank\" rel=\"noopener noreferrer\"><br \/>\n<\/a><a href=\"http:\/\/endirecto.mx\" target=\"_blank\" rel=\"noopener noreferrer\">www.endirecto.mx<\/a><a href=\"mailto:rvizcainoa@gmail.com\" target=\"_blank\" rel=\"noopener noreferrer\"><br \/>\n<\/a><a href=\"https:\/\/twitter.com\/_rvizcaino\" target=\"_blank\" rel=\"noopener noreferrer\">@_RVizcaino<\/a><a href=\"mailto:rvizcainoa@gmail.com\" target=\"_blank\" rel=\"noopener noreferrer\"><br \/>\n<\/a><a href=\"https:\/\/www.facebook.com\/rvizcainoa\" target=\"_blank\" rel=\"noopener noreferrer\">facebook.com\/rvizcainoa<\/a><\/em><\/p>\n","protected":false},"excerpt":{"rendered":"<p><span style=\"color: #005497;\"><strong>Roberto Vizca\u00edno<\/strong><\/span><\/p>\n","protected":false},"author":3,"featured_media":0,"comment_status":"open","ping_status":"open","sticky":false,"template":"","format":"standard","meta":{"_monsterinsights_skip_tracking":false,"_monsterinsights_sitenote_active":false,"_monsterinsights_sitenote_note":"","_monsterinsights_sitenote_category":0,"footnotes":""},"categories":[136],"tags":[43674,93,94],"class_list":["post-569127","post","type-post","status-publish","format-standard","hentry","category-roberto-vizcaino-opinion","tag-opinion","tag-roberto-vizcaino","tag-tras-la-puerta-del-poder"],"_links":{"self":[{"href":"https:\/\/www.diarioimagen.net\/index.php?rest_route=\/wp\/v2\/posts\/569127","targetHints":{"allow":["GET"]}}],"collection":[{"href":"https:\/\/www.diarioimagen.net\/index.php?rest_route=\/wp\/v2\/posts"}],"about":[{"href":"https:\/\/www.diarioimagen.net\/index.php?rest_route=\/wp\/v2\/types\/post"}],"author":[{"embeddable":true,"href":"https:\/\/www.diarioimagen.net\/index.php?rest_route=\/wp\/v2\/users\/3"}],"replies":[{"embeddable":true,"href":"https:\/\/www.diarioimagen.net\/index.php?rest_route=%2Fwp%2Fv2%2Fcomments&post=569127"}],"version-history":[{"count":0,"href":"https:\/\/www.diarioimagen.net\/index.php?rest_route=\/wp\/v2\/posts\/569127\/revisions"}],"wp:attachment":[{"href":"https:\/\/www.diarioimagen.net\/index.php?rest_route=%2Fwp%2Fv2%2Fmedia&parent=569127"}],"wp:term":[{"taxonomy":"category","embeddable":true,"href":"https:\/\/www.diarioimagen.net\/index.php?rest_route=%2Fwp%2Fv2%2Fcategories&post=569127"},{"taxonomy":"post_tag","embeddable":true,"href":"https:\/\/www.diarioimagen.net\/index.php?rest_route=%2Fwp%2Fv2%2Ftags&post=569127"}],"curies":[{"name":"wp","href":"https:\/\/api.w.org\/{rel}","templated":true}]}}